{"id":9410,"date":"2025-06-25T10:48:29","date_gmt":"2025-06-25T08:48:29","guid":{"rendered":"https:\/\/flavi.fr\/?p=9410"},"modified":"2025-06-25T10:50:58","modified_gmt":"2025-06-25T08:50:58","slug":"heures-supplementaires-en-cesu-quelle-salaire-et-quels-droits-pour-les-aides-a-domicile","status":"publish","type":"post","link":"https:\/\/flavi.fr\/index.php\/2025\/06\/25\/heures-supplementaires-en-cesu-quelle-salaire-et-quels-droits-pour-les-aides-a-domicile\/","title":{"rendered":"CESU et heures suppl\u00e9mentaires : comment \u00e7a fonctionne ?"},"content":{"rendered":"<p>[et_pb_section fb_built=\u00a0\u00bb1&Prime; _builder_version=\u00a0\u00bb4.24.2&Prime; _module_preset=\u00a0\u00bbdefault\u00a0\u00bb global_colors_info=\u00a0\u00bb{}\u00a0\u00bb][et_pb_row _builder_version=\u00a0\u00bb4.24.2&Prime; _module_preset=\u00a0\u00bbdefault\u00a0\u00bb custom_padding=\u00a0\u00bb|||0px||\u00a0\u00bb global_colors_info=\u00a0\u00bb{}\u00a0\u00bb][et_pb_column type=\u00a0\u00bb4_4&Prime; _builder_version=\u00a0\u00bb4.24.2&Prime; _module_preset=\u00a0\u00bbdefault\u00a0\u00bb global_colors_info=\u00a0\u00bb{}\u00a0\u00bb][et_pb_text _builder_version=\u00a0\u00bb4.27.4&Prime; _module_preset=\u00a0\u00bbdefault\u00a0\u00bb text_font=\u00a0\u00bbLato||||||||\u00a0\u00bb text_font_size=\u00a0\u00bb18px\u00a0\u00bb text_font_size_tablet=\u00a0\u00bb18px\u00a0\u00bb text_font_size_phone=\u00a0\u00bb18px\u00a0\u00bb text_font_size_last_edited=\u00a0\u00bbon|phone\u00a0\u00bb global_colors_info=\u00a0\u00bb{}\u00a0\u00bb]<\/p>\n<p><span style=\"font-weight: 400;\">La r\u00e9mun\u00e9ration des weekends et leur majoration sont souvent sujets de question pour les aides \u00e0 domicile. Il peut \u00eatre complexe de conna\u00eetre et comprendre ses droits sur le sujet sans conna\u00eetre la liste exhaustive des conditions. La multiplicit\u00e9 des contrats est trompeuse.<\/span><\/p>\n<p><span style=\"font-weight: 400;\">Dans cet article, FLAVI vous aiguille quant \u00e0 vos droits ainsi que les obligations de votre employeur pour la majoration de salaire.<\/span><\/p>\n<p>[\/et_pb_text][et_pb_button button_url=\u00a0\u00bbhttps:\/\/app.flavi.fr\/login\u00a0\u00bb button_text=\u00a0\u00bbJE TROUVE UN EMPLOYEUR\u00a0\u00bb button_alignment=\u00a0\u00bbcenter\u00a0\u00bb _builder_version=\u00a0\u00bb4.24.2&Prime; _module_preset=\u00a0\u00bbdefault\u00a0\u00bb custom_button=\u00a0\u00bbon\u00a0\u00bb button_text_color=\u00a0\u00bb#2E5C9F\u00a0\u00bb button_bg_color=\u00a0\u00bb#FFC600&Prime; button_border_width=\u00a0\u00bb0px\u00a0\u00bb button_font=\u00a0\u00bb|800|||||||\u00a0\u00bb global_colors_info=\u00a0\u00bb{}\u00a0\u00bb][\/et_pb_button][et_pb_text _builder_version=\u00a0\u00bb4.27.4&Prime; _module_preset=\u00a0\u00bbdefault\u00a0\u00bb header_2_font=\u00a0\u00bbABeeZee||||||||\u00a0\u00bb header_2_text_color=\u00a0\u00bb#5800a6&Prime; header_2_font_size=\u00a0\u00bb35px\u00a0\u00bb header_2_font_size_tablet=\u00a0\u00bb35px\u00a0\u00bb header_2_font_size_phone=\u00a0\u00bb30px\u00a0\u00bb header_2_font_size_last_edited=\u00a0\u00bbon|desktop\u00a0\u00bb global_colors_info=\u00a0\u00bb{}\u00a0\u00bb]<\/p>\n<div id=\"ez-toc-container\" class=\"ez-toc-v2_0_82_2 ez-toc-wrap-center counter-hierarchy ez-toc-counter ez-toc-custom ez-toc-container-direction\">\n<div class=\"ez-toc-title-container\">\n<p class=\"ez-toc-title\" style=\"cursor:inherit\">Sommaire<\/p>\n<span class=\"ez-toc-title-toggle\"><a href=\"#\" class=\"ez-toc-pull-right ez-toc-btn ez-toc-btn-xs ez-toc-btn-default ez-toc-toggle\" aria-label=\"Toggle Table of Content\"><span class=\"ez-toc-js-icon-con\"><span class=\"\"><span class=\"eztoc-hide\" style=\"display:none;\">Toggle<\/span><span class=\"ez-toc-icon-toggle-span\"><svg style=\"fill: #000000;color:#000000\" xmlns=\"http:\/\/www.w3.org\/2000\/svg\" class=\"list-377408\" width=\"20px\" height=\"20px\" viewBox=\"0 0 24 24\" fill=\"none\"><path d=\"M6 6H4v2h2V6zm14 0H8v2h12V6zM4 11h2v2H4v-2zm16 0H8v2h12v-2zM4 16h2v2H4v-2zm16 0H8v2h12v-2z\" fill=\"currentColor\"><\/path><\/svg><svg style=\"fill: #000000;color:#000000\" class=\"arrow-unsorted-368013\" xmlns=\"http:\/\/www.w3.org\/2000\/svg\" width=\"10px\" height=\"10px\" viewBox=\"0 0 24 24\" version=\"1.2\" baseProfile=\"tiny\"><path d=\"M18.2 9.3l-6.2-6.3-6.2 6.3c-.2.2-.3.4-.3.7s.1.5.3.7c.2.2.4.3.7.3h11c.3 0 .5-.1.7-.3.2-.2.3-.5.3-.7s-.1-.5-.3-.7zM5.8 14.7l6.2 6.3 6.2-6.3c.2-.2.3-.5.3-.7s-.1-.5-.3-.7c-.2-.2-.4-.3-.7-.3h-11c-.3 0-.5.1-.7.3-.2.2-.3.5-.3.7s.1.5.3.7z\"\/><\/svg><\/span><\/span><\/span><\/a><\/span><\/div>\n<nav><ul class='ez-toc-list ez-toc-list-level-1 ' ><li class='ez-toc-page-1 ez-toc-heading-level-2'><a class=\"ez-toc-link ez-toc-heading-1\" href=\"https:\/\/flavi.fr\/index.php\/2025\/06\/25\/heures-supplementaires-en-cesu-quelle-salaire-et-quels-droits-pour-les-aides-a-domicile\/#Les_fondamentaux_des_heures_supplementaires_en_CESU\" >Les fondamentaux des heures suppl\u00e9mentaires en CESU<\/a><ul class='ez-toc-list-level-3' ><li class='ez-toc-heading-level-3'><a class=\"ez-toc-link ez-toc-heading-2\" href=\"https:\/\/flavi.fr\/index.php\/2025\/06\/25\/heures-supplementaires-en-cesu-quelle-salaire-et-quels-droits-pour-les-aides-a-domicile\/#Quest-ce_que_le_CESU\" >Qu\u2019est-ce que le CESU?<\/a><\/li><li class='ez-toc-page-1 ez-toc-heading-level-3'><a class=\"ez-toc-link ez-toc-heading-3\" href=\"https:\/\/flavi.fr\/index.php\/2025\/06\/25\/heures-supplementaires-en-cesu-quelle-salaire-et-quels-droits-pour-les-aides-a-domicile\/#Les_horaires_des_auxiliaires_de_vie_en_CESU\" >Les horaires des auxiliaires de vie en CESU<\/a><\/li><\/ul><\/li><li class='ez-toc-page-1 ez-toc-heading-level-2'><a class=\"ez-toc-link ez-toc-heading-4\" href=\"https:\/\/flavi.fr\/index.php\/2025\/06\/25\/heures-supplementaires-en-cesu-quelle-salaire-et-quels-droits-pour-les-aides-a-domicile\/#Les_heures_supplementaires\" >Les heures suppl\u00e9mentaires<\/a><ul class='ez-toc-list-level-3' ><li class='ez-toc-heading-level-3'><a class=\"ez-toc-link ez-toc-heading-5\" href=\"https:\/\/flavi.fr\/index.php\/2025\/06\/25\/heures-supplementaires-en-cesu-quelle-salaire-et-quels-droits-pour-les-aides-a-domicile\/#Quest-ce_quune_heure_supplementaire_en_CESU\" >Qu&rsquo;est-ce qu&rsquo;une heure suppl\u00e9mentaire en CESU ?<\/a><ul class='ez-toc-list-level-4' ><li class='ez-toc-heading-level-4'><a class=\"ez-toc-link ez-toc-heading-6\" href=\"https:\/\/flavi.fr\/index.php\/2025\/06\/25\/heures-supplementaires-en-cesu-quelle-salaire-et-quels-droits-pour-les-aides-a-domicile\/#Prenons_un_exemple\" >Prenons un exemple :<\/a><\/li><li class='ez-toc-page-1 ez-toc-heading-level-4'><a class=\"ez-toc-link ez-toc-heading-7\" href=\"https:\/\/flavi.fr\/index.php\/2025\/06\/25\/heures-supplementaires-en-cesu-quelle-salaire-et-quels-droits-pour-les-aides-a-domicile\/#Voyons_un_autre_exemple\" >Voyons un autre exemple :<\/a><\/li><\/ul><\/li><\/ul><\/li><li class='ez-toc-page-1 ez-toc-heading-level-2'><a class=\"ez-toc-link ez-toc-heading-8\" href=\"https:\/\/flavi.fr\/index.php\/2025\/06\/25\/heures-supplementaires-en-cesu-quelle-salaire-et-quels-droits-pour-les-aides-a-domicile\/#Les_jours_feries_et_les_heures_supplementaires\" >Les jours f\u00e9ri\u00e9s et les heures suppl\u00e9mentaires<\/a><\/li><li class='ez-toc-page-1 ez-toc-heading-level-2'><a class=\"ez-toc-link ez-toc-heading-9\" href=\"https:\/\/flavi.fr\/index.php\/2025\/06\/25\/heures-supplementaires-en-cesu-quelle-salaire-et-quels-droits-pour-les-aides-a-domicile\/#A_retenir\" >\u00c0 retenir :<\/a><\/li><li class='ez-toc-page-1 ez-toc-heading-level-2'><a class=\"ez-toc-link ez-toc-heading-10\" href=\"https:\/\/flavi.fr\/index.php\/2025\/06\/25\/heures-supplementaires-en-cesu-quelle-salaire-et-quels-droits-pour-les-aides-a-domicile\/#Vous_etes_ou_allez_devenir_particulier_employeur\" >Vous \u00eates (ou allez devenir) particulier employeur ?<\/a><\/li><\/ul><\/nav><\/div>\n<h2><span class=\"ez-toc-section\" id=\"Les_fondamentaux_des_heures_supplementaires_en_CESU\"><\/span><b>Les fondamentaux des heures suppl\u00e9mentaires en CESU<\/b><span class=\"ez-toc-section-end\"><\/span><\/h2>\n<p>[\/et_pb_text][et_pb_text _builder_version=\u00a0\u00bb4.27.4&Prime; _module_preset=\u00a0\u00bbdefault\u00a0\u00bb text_font=\u00a0\u00bbLato||||||||\u00a0\u00bb text_font_size=\u00a0\u00bb18px\u00a0\u00bb text_font_size_tablet=\u00a0\u00bb18px\u00a0\u00bb text_font_size_phone=\u00a0\u00bb18px\u00a0\u00bb text_font_size_last_edited=\u00a0\u00bbon|phone\u00a0\u00bb global_colors_info=\u00a0\u00bb{}\u00a0\u00bb]<\/p>\n<p><span style=\"font-weight: 400;\">Avant toute chose, il est imp\u00e9ratif de d\u00e9finir les termes dont nous allons discuter. Nous allons \u00e9galement passer en revue les grandes lignes des textes de loi.<\/span><\/p>\n<p>[\/et_pb_text][et_pb_text _builder_version=\u00a0\u00bb4.27.4&Prime; _module_preset=\u00a0\u00bbdefault\u00a0\u00bb header_2_font=\u00a0\u00bbABeeZee||||||||\u00a0\u00bb header_2_text_color=\u00a0\u00bb#5800a6&Prime; header_2_font_size=\u00a0\u00bb35px\u00a0\u00bb hover_enabled=\u00a0\u00bb0&Prime; header_2_font_size_tablet=\u00a0\u00bb35px\u00a0\u00bb header_2_font_size_phone=\u00a0\u00bb30px\u00a0\u00bb header_2_font_size_last_edited=\u00a0\u00bbon|desktop\u00a0\u00bb global_colors_info=\u00a0\u00bb{}\u00a0\u00bb header_3_text_color=\u00a0\u00bb#9377F4&Prime; sticky_enabled=\u00a0\u00bb0&Prime;]<\/p>\n<h3><span class=\"ez-toc-section\" id=\"Quest-ce_que_le_CESU\"><\/span><strong><span style=\"color: #cc99ff;\">Qu\u2019est-ce que le CESU?<\/span><\/strong><span class=\"ez-toc-section-end\"><\/span><\/h3>\n<p>[\/et_pb_text][et_pb_text _builder_version=\u00a0\u00bb4.27.4&Prime; _module_preset=\u00a0\u00bbdefault\u00a0\u00bb text_font=\u00a0\u00bbLato||||||||\u00a0\u00bb text_font_size=\u00a0\u00bb18px\u00a0\u00bb text_font_size_tablet=\u00a0\u00bb18px\u00a0\u00bb text_font_size_phone=\u00a0\u00bb18px\u00a0\u00bb text_font_size_last_edited=\u00a0\u00bbon|phone\u00a0\u00bb global_colors_info=\u00a0\u00bb{}\u00a0\u00bb]<\/p>\n<p><span style=\"font-weight: 400;\">Le CESU est une d\u00e9claration simplifi\u00e9e mise en place par l\u2019URSSAF pour les particuliers. Cette m\u00e9thode facilite une partie des formalit\u00e9s d\u2019embauche et de d\u00e9claration mensuelle du salari\u00e9. Le statut de particulier employeur est donc accessible en cr\u00e9ant un compte aupr\u00e8s du service CESU de l\u2019URSSAF.\u00a0<\/span><\/p>\n<p><span style=\"font-weight: 400;\">Pour plus d\u2019informations, jetez un coup d\u2019oeil \u00e0 notre article sur le sujet :<\/span><\/p>\n<p><a href=\"https:\/\/flavi.fr\/index.php\/2025\/04\/02\/comment-fonctionne-le-cesu\/\"><span style=\"font-weight: 400;\">Comment fonctionne le CESU ? \u2014 Flavi<\/span><\/a><\/p>\n<p>[\/et_pb_text][et_pb_text _builder_version=\u00a0\u00bb4.27.4&Prime; _module_preset=\u00a0\u00bbdefault\u00a0\u00bb header_2_font=\u00a0\u00bbABeeZee||||||||\u00a0\u00bb header_2_text_color=\u00a0\u00bb#5800a6&Prime; header_2_font_size=\u00a0\u00bb35px\u00a0\u00bb hover_enabled=\u00a0\u00bb0&Prime; header_2_font_size_tablet=\u00a0\u00bb35px\u00a0\u00bb header_2_font_size_phone=\u00a0\u00bb30px\u00a0\u00bb header_2_font_size_last_edited=\u00a0\u00bbon|desktop\u00a0\u00bb global_colors_info=\u00a0\u00bb{}\u00a0\u00bb header_3_text_color=\u00a0\u00bb#9377F4&Prime; sticky_enabled=\u00a0\u00bb0&Prime;]<\/p>\n<h3><span class=\"ez-toc-section\" id=\"Les_horaires_des_auxiliaires_de_vie_en_CESU\"><\/span><strong><span style=\"color: #cc99ff;\">Les horaires des auxiliaires de vie en CESU<\/span><\/strong><span class=\"ez-toc-section-end\"><\/span><\/h3>\n<p>[\/et_pb_text][et_pb_text _builder_version=\u00a0\u00bb4.27.4&Prime; _module_preset=\u00a0\u00bbdefault\u00a0\u00bb text_font=\u00a0\u00bbLato||||||||\u00a0\u00bb text_font_size=\u00a0\u00bb18px\u00a0\u00bb text_font_size_tablet=\u00a0\u00bb18px\u00a0\u00bb text_font_size_phone=\u00a0\u00bb18px\u00a0\u00bb text_font_size_last_edited=\u00a0\u00bbon|phone\u00a0\u00bb global_colors_info=\u00a0\u00bb{}\u00a0\u00bb]<\/p>\n<p><span style=\"font-weight: 400;\">Le temps de travail hebdomadaire en CESU est pr\u00e9vu dans le contrat \u00e9tabli avec le particulier employeur. <\/span><\/p>\n<p><span style=\"font-weight: 400;\">Pour rappel le temps plein est de 40h. En r\u00e8gle g\u00e9n\u00e9rale, sauf handicap lourd, il est rare qu\u2019une auxiliaire de vie ou une aide \u00e0 domicile, travaillent \u00e0 temps plein sur un contrat unique. <\/span><\/p>\n<p><span style=\"font-weight: 400;\">Il est bien plus commun de voir plusieurs contrats cumul\u00e9s, menant \u00e0 un temps plein ou non.<\/span><\/p>\n<p>[\/et_pb_text][et_pb_text _builder_version=\u00a0\u00bb4.27.4&Prime; _module_preset=\u00a0\u00bbdefault\u00a0\u00bb header_2_font=\u00a0\u00bbABeeZee||||||||\u00a0\u00bb header_2_text_color=\u00a0\u00bb#5800a6&Prime; header_2_font_size=\u00a0\u00bb35px\u00a0\u00bb header_2_font_size_tablet=\u00a0\u00bb35px\u00a0\u00bb header_2_font_size_phone=\u00a0\u00bb30px\u00a0\u00bb header_2_font_size_last_edited=\u00a0\u00bbon|desktop\u00a0\u00bb global_colors_info=\u00a0\u00bb{}\u00a0\u00bb]<\/p>\n<h2 style=\"text-align: justify;\"><span class=\"ez-toc-section\" id=\"Les_heures_supplementaires\"><\/span><b>Les heures suppl\u00e9mentaires<\/b><span class=\"ez-toc-section-end\"><\/span><\/h2>\n<p>[\/et_pb_text][et_pb_text _builder_version=\u00a0\u00bb4.27.4&Prime; _module_preset=\u00a0\u00bbdefault\u00a0\u00bb header_2_font=\u00a0\u00bbABeeZee||||||||\u00a0\u00bb header_2_text_color=\u00a0\u00bb#5800a6&Prime; header_2_font_size=\u00a0\u00bb35px\u00a0\u00bb header_2_font_size_tablet=\u00a0\u00bb35px\u00a0\u00bb header_2_font_size_phone=\u00a0\u00bb30px\u00a0\u00bb header_2_font_size_last_edited=\u00a0\u00bbon|desktop\u00a0\u00bb global_colors_info=\u00a0\u00bb{}\u00a0\u00bb]<\/p>\n<h3><span class=\"ez-toc-section\" id=\"Quest-ce_quune_heure_supplementaire_en_CESU\"><\/span><strong><span style=\"color: #cc99ff;\">Qu&rsquo;est-ce qu&rsquo;une heure suppl\u00e9mentaire en CESU ?<\/span><\/strong><span class=\"ez-toc-section-end\"><\/span><\/h3>\n<p>[\/et_pb_text][et_pb_text _builder_version=\u00a0\u00bb4.27.4&Prime; _module_preset=\u00a0\u00bbdefault\u00a0\u00bb text_font=\u00a0\u00bbLato||||||||\u00a0\u00bb text_font_size=\u00a0\u00bb18px\u00a0\u00bb text_font_size_tablet=\u00a0\u00bb18px\u00a0\u00bb text_font_size_phone=\u00a0\u00bb18px\u00a0\u00bb text_font_size_last_edited=\u00a0\u00bbon|phone\u00a0\u00bb global_colors_info=\u00a0\u00bb{}\u00a0\u00bb]<\/p>\n<p data-start=\"226\" data-end=\"529\" style=\"text-align: justify;\">Les heures suppl\u00e9mentaires s\u2019appliquent uniquement au-del\u00e0 de 40 heures de travail hebdomadaire chez un m\u00eame employeur. En effet, en cas de temps partiel, on ne consid\u00e8re les heures additionnelles comme suppl\u00e9mentaires qu\u2019\u00e0 partir de ce seuil. On calcule les heures suppl\u00e9mentaires du lundi au dimanche.<\/p>\n<p data-start=\"226\" data-end=\"529\" style=\"text-align: justify;\">\n<h4 data-start=\"531\" data-end=\"873\" style=\"text-align: justify;\"><span class=\"ez-toc-section\" id=\"Prenons_un_exemple\"><\/span>Prenons un exemple :<span class=\"ez-toc-section-end\"><\/span><\/h4>\n<p data-start=\"531\" data-end=\"873\" style=\"text-align: justify;\">Annie, aide \u00e0 domicile, a sign\u00e9 un contrat de 20 heures par semaine chez Pascale. Cette derni\u00e8re souhaite exceptionnellement lui demander des heures d\u2019accompagnement suppl\u00e9mentaires cette semaine. Annie accepte de travailler dix heures de plus que pr\u00e9vu dans le contrat, ce qui porte son total hebdomadaire \u00e0 30 heures.<\/p>\n<p data-start=\"875\" data-end=\"1021\" style=\"text-align: justify;\">Ces 10 heures suppl\u00e9mentaires ne d\u00e9passant pas les 40 heures hebdomadaires, Pascale les r\u00e9mun\u00e8re au taux horaire pr\u00e9vu dans le contrat de travail.<\/p>\n<h4 data-start=\"1023\" data-end=\"1315\" style=\"text-align: justify;\"><span class=\"ez-toc-section\" id=\"Voyons_un_autre_exemple\"><\/span>Voyons un autre exemple :<span class=\"ez-toc-section-end\"><\/span><\/h4>\n<p data-start=\"1023\" data-end=\"1315\" style=\"text-align: justify;\">Marl\u00e8ne emploie une aide \u00e0 domicile en CESU, Jeanne, pour 35 heures par semaine. Cette semaine, Marl\u00e8ne a exceptionnellement besoin de sa pr\u00e9sence plus souvent. Jeanne accepte de travailler quinze heures suppl\u00e9mentaires, portant son total hebdomadaire \u00e0 50 heures.<\/p>\n<p data-start=\"1317\" data-end=\"1631\" style=\"text-align: justify;\">Marl\u00e8ne ne consid\u00e8re pas les cinq premi\u00e8res heures comme des heures suppl\u00e9mentaires. En revanche, elle applique la majoration pr\u00e9vue par le code du travail sur les 10 heures suivantes. De la 41\u1d49 \u00e0 la 48\u1d49 heure, elle majore le taux horaire de Jeanne de 25 %. Pour la 49\u1d49 et la 50\u1d49 heure, la majoration passe \u00e0 50 %.<\/p>\n<p>[\/et_pb_text][et_pb_image src=\u00a0\u00bbhttps:\/\/flavi.fr\/wp-content\/uploads\/2025\/06\/Capture-decran-2025-06-19-083130.webp\u00a0\u00bb alt=\u00a0\u00bbExemple sch\u00e9ma heures supp\u00a0\u00bb title_text=\u00a0\u00bbExemple sch\u00e9ma heures supp\u00a0\u00bb _builder_version=\u00a0\u00bb4.27.4&Prime; _module_preset=\u00a0\u00bbdefault\u00a0\u00bb global_colors_info=\u00a0\u00bb{}\u00a0\u00bb][\/et_pb_image][et_pb_text _builder_version=\u00a0\u00bb4.27.4&Prime; _module_preset=\u00a0\u00bbdefault\u00a0\u00bb text_font=\u00a0\u00bbLato||||||||\u00a0\u00bb text_font_size=\u00a0\u00bb18px\u00a0\u00bb text_font_size_tablet=\u00a0\u00bb18px\u00a0\u00bb text_font_size_phone=\u00a0\u00bb18px\u00a0\u00bb text_font_size_last_edited=\u00a0\u00bbon|phone\u00a0\u00bb global_colors_info=\u00a0\u00bb{}\u00a0\u00bb]<\/p>\n<p><span style=\"font-weight: 400;\">Vous l\u2019aurez bien compris, les heures additionnelles ne sont consid\u00e9r\u00e9es comme suppl\u00e9mentaires qu&rsquo;au-del\u00e0 de <\/span><b>40h hebdomadaires chez le m\u00eame employeur<\/b><span style=\"font-weight: 400;\">. Si cette condition est remplie, les heures effectu\u00e9es au-del\u00e0 devront \u00eatre r\u00e9mun\u00e9r\u00e9es en heures <\/span><b>suppl\u00e9mentaires<\/b><span style=\"font-weight: 400;\">. Une auxiliaire de vie CESU effectuant 40h hebdomadaires en <\/span><b>totalisant plusieurs contrats<\/b><span style=\"font-weight: 400;\"> diff\u00e9rents ne pourra <\/span><b>pas <\/b><span style=\"font-weight: 400;\">y pr\u00e9tendre.<\/span><\/p>\n<p><span style=\"font-weight: 400;\">Les huit premi\u00e8res heures travaill\u00e9es au-del\u00e0 des 40 heures hebdomadaires sont major\u00e9es \u00e0 hauteur de <\/span><b>25%<\/b><span style=\"font-weight: 400;\">.<\/span><\/p>\n<p><span style=\"font-weight: 400;\">Toute heure exc\u00e9dant les 48 heures hebdomadaires sera par-contre major\u00e9e de <\/span><b>50%<\/b><span style=\"font-weight: 400;\">.<\/span><\/p>\n<p><span style=\"font-weight: 400;\">Attention la convention est formelle, un salari\u00e9 qui travaille avec des horaires r\u00e9guliers ne peut pas travailler plus de <\/span><b>cinquante heures en une semaine<\/b><span style=\"font-weight: 400;\">. A contrario un salari\u00e9 travaillant en horaires irr\u00e9guliers ne peut pas d\u00e9passer 48h de travail hebdomadaires. En outre, il est obligatoire que l\u2019employ\u00e9 b\u00e9n\u00e9ficie de <\/span><b>35 heures de repos cons\u00e9cutif<\/b><span style=\"font-weight: 400;\"> par semaine.\u00a0<\/span><\/p>\n<p>[\/et_pb_text][et_pb_text _builder_version=\u00a0\u00bb4.27.4&Prime; _module_preset=\u00a0\u00bbdefault\u00a0\u00bb header_2_font=\u00a0\u00bbABeeZee||||||||\u00a0\u00bb header_2_text_color=\u00a0\u00bb#5800a6&Prime; header_2_font_size=\u00a0\u00bb35px\u00a0\u00bb header_2_font_size_tablet=\u00a0\u00bb35px\u00a0\u00bb header_2_font_size_phone=\u00a0\u00bb30px\u00a0\u00bb header_2_font_size_last_edited=\u00a0\u00bbon|desktop\u00a0\u00bb global_colors_info=\u00a0\u00bb{}\u00a0\u00bb]<\/p>\n<h2><span class=\"ez-toc-section\" id=\"Les_jours_feries_et_les_heures_supplementaires\"><\/span><b>Les jours f\u00e9ri\u00e9s et les heures suppl\u00e9mentaires<\/b><span class=\"ez-toc-section-end\"><\/span><\/h2>\n<p>[\/et_pb_text][et_pb_text _builder_version=\u00a0\u00bb4.27.4&Prime; _module_preset=\u00a0\u00bbdefault\u00a0\u00bb text_font=\u00a0\u00bbLato||||||||\u00a0\u00bb text_font_size=\u00a0\u00bb18px\u00a0\u00bb text_font_size_tablet=\u00a0\u00bb18px\u00a0\u00bb text_font_size_phone=\u00a0\u00bb18px\u00a0\u00bb text_font_size_last_edited=\u00a0\u00bbon|phone\u00a0\u00bb global_colors_info=\u00a0\u00bb{}\u00a0\u00bb]<\/p>\n<p><span style=\"font-weight: 400;\">Nous avons pr\u00e9c\u00e9demment couvert le sujet des jours f\u00e9ri\u00e9s en CESU. Nous allons bri\u00e8vement reprendre les r\u00e8gles de r\u00e9mun\u00e9ration d\u2019un jour f\u00e9ri\u00e9 ici.<\/span><\/p>\n<p><span style=\"font-weight: 400;\">Deux cas de figure sont g\u00e9n\u00e9ralement probables en mati\u00e8re de jours f\u00e9ri\u00e9s :<\/span><\/p>\n<ul>\n<li style=\"font-weight: 400;\" aria-level=\"1\"><span style=\"font-weight: 400;\">Le contrat pr\u00e9voit que le f\u00e9ri\u00e9 est travaill\u00e9 et il tombe sur un jour habituel de travail : Il est major\u00e9 de <\/span><b>10<\/b><span style=\"font-weight: 400;\">% minimum. Le contrat peut pr\u00e9voir une majoration plus importante n\u00e9goci\u00e9e entre employeur et salari\u00e9.<\/span><\/li>\n<\/ul>\n<p><span style=\"font-weight: 400;\"><\/span><\/p>\n<ul>\n<li style=\"font-weight: 400;\" aria-level=\"1\"><span style=\"font-weight: 400;\">Le contrat pr\u00e9voit que le jour f\u00e9ri\u00e9 est ch\u00f4m\u00e9 \u00e0 la demande de l\u2019employeur : Il est r\u00e9mun\u00e9r\u00e9 comme s\u2019il avait \u00e9t\u00e9 travaill\u00e9. Vous \u00eates donc pay\u00e9(e) au taux horaire habituel sous cette condition : Avoir \u00e9t\u00e9 pr\u00e9sent(e) le jour pr\u00e9c\u00e9dent et le jour suivant initialement pr\u00e9vu au planning (hors absence pr\u00e9alablement accord\u00e9e type cong\u00e9s).<\/span><\/li>\n<\/ul>\n<p>[\/et_pb_text][et_pb_text _builder_version=\u00a0\u00bb4.27.4&Prime; _module_preset=\u00a0\u00bbdefault\u00a0\u00bb header_2_font=\u00a0\u00bbABeeZee||||||||\u00a0\u00bb header_2_text_color=\u00a0\u00bb#5800a6&Prime; header_2_font_size=\u00a0\u00bb35px\u00a0\u00bb header_2_font_size_tablet=\u00a0\u00bb35px\u00a0\u00bb header_2_font_size_phone=\u00a0\u00bb30px\u00a0\u00bb header_2_font_size_last_edited=\u00a0\u00bbon|desktop\u00a0\u00bb global_colors_info=\u00a0\u00bb{}\u00a0\u00bb]<\/p>\n<h2 style=\"text-align: justify;\"><span class=\"ez-toc-section\" id=\"A_retenir\"><\/span><b><strong>\u00c0<\/strong> retenir :<\/b><span class=\"ez-toc-section-end\"><\/span><\/h2>\n<p>[\/et_pb_text][et_pb_text _builder_version=\u00a0\u00bb4.27.4&Prime; _module_preset=\u00a0\u00bbdefault\u00a0\u00bb text_font=\u00a0\u00bbLato||||||||\u00a0\u00bb text_font_size=\u00a0\u00bb18px\u00a0\u00bb text_font_size_tablet=\u00a0\u00bb18px\u00a0\u00bb text_font_size_phone=\u00a0\u00bb18px\u00a0\u00bb text_font_size_last_edited=\u00a0\u00bbon|phone\u00a0\u00bb global_colors_info=\u00a0\u00bb{}\u00a0\u00bb]<\/p>\n<ul>\n<li style=\"font-weight: 400;\" aria-level=\"1\"><b>25%<\/b><span style=\"font-weight: 400;\"> pour les heures suppl\u00e9mentaires<\/span><b> de la 41\u00e8me \u00e0 la 48\u00e8me heure<\/b><\/li>\n<li style=\"font-weight: 400;\" aria-level=\"1\"><b>50% au del\u00e0 de 48h<\/b><\/li>\n<li style=\"font-weight: 400;\" aria-level=\"1\"><span style=\"font-weight: 400;\">25% minimum pour le travail exceptionnel sur un jour de repos au contrat<\/span><\/li>\n<li style=\"font-weight: 400;\" aria-level=\"1\"><span style=\"font-weight: 400;\">10% minimum pour un jour f\u00e9ri\u00e9 travaill\u00e9<\/span><\/li>\n<\/ul>\n<p><span style=\"font-weight: 400;\">Vous souhaitez recruter une auxiliaire de vie en CESU? Consultez les profils de nos auxiliaires de vie pr\u00e8s de chez vous :<\/span><\/p>\n<p>[\/et_pb_text][et_pb_button button_url=\u00a0\u00bbhttps:\/\/app.flavi.fr\/recherche-non-connecte\/\u00a0\u00bb button_text=\u00a0\u00bbTROUVER UNE AIDE A DOMICILE EN CESU\u00a0\u00bb button_alignment=\u00a0\u00bbcenter\u00a0\u00bb _builder_version=\u00a0\u00bb4.27.4&Prime; _module_preset=\u00a0\u00bbdefault\u00a0\u00bb custom_button=\u00a0\u00bbon\u00a0\u00bb button_text_color=\u00a0\u00bb#2E5C9F\u00a0\u00bb button_bg_color=\u00a0\u00bb#FFC600&Prime; button_border_width=\u00a0\u00bb0px\u00a0\u00bb button_font=\u00a0\u00bb|800|||||||\u00a0\u00bb global_colors_info=\u00a0\u00bb{}\u00a0\u00bb][\/et_pb_button][et_pb_text _builder_version=\u00a0\u00bb4.27.4&Prime; _module_preset=\u00a0\u00bbdefault\u00a0\u00bb text_font=\u00a0\u00bbLato||||||||\u00a0\u00bb text_font_size=\u00a0\u00bb18px\u00a0\u00bb text_font_size_tablet=\u00a0\u00bb18px\u00a0\u00bb text_font_size_phone=\u00a0\u00bb18px\u00a0\u00bb text_font_size_last_edited=\u00a0\u00bbon|phone\u00a0\u00bb global_colors_info=\u00a0\u00bb{}\u00a0\u00bb]<\/p>\n<p><span style=\"font-weight: 400;\">Le travail en CESU peut parfois sembler complexe, mais nous esp\u00e9rons que cet article aura tir\u00e9 les choses au clair.<\/span><\/p>\n<p><span style=\"font-weight: 400;\">Si la r\u00e9mun\u00e9ration des jours f\u00e9ri\u00e9s en CESU vous int\u00e9resse, consultez notre article sur le sujet :<\/span><\/p>\n<p><a href=\"https:\/\/flavi.fr\/index.php\/2024\/05\/02\/comment-fonctionnent-les-jours-feries-en-cesu\/\"><span style=\"font-weight: 400;\">Comment fonctionnent les jours f\u00e9ri\u00e9s en CESU ? \u2014 Flavi<\/span><\/a><\/p>\n<p>[\/et_pb_text][et_pb_button button_url=\u00a0\u00bbhttps:\/\/app.flavi.fr\/recherche-non-connecte\/\u00a0\u00bb button_text=\u00a0\u00bbJE TROUVE UNE AUXILIAIRE DE VIE\u00a0\u00bb button_alignment=\u00a0\u00bbcenter\u00a0\u00bb _builder_version=\u00a0\u00bb4.24.2&Prime; _module_preset=\u00a0\u00bbdefault\u00a0\u00bb custom_button=\u00a0\u00bbon\u00a0\u00bb button_text_color=\u00a0\u00bb#2E5C9F\u00a0\u00bb button_bg_color=\u00a0\u00bb#FFC600&Prime; button_border_width=\u00a0\u00bb0px\u00a0\u00bb button_font=\u00a0\u00bb|800|||||||\u00a0\u00bb global_colors_info=\u00a0\u00bb{}\u00a0\u00bb][\/et_pb_button][et_pb_text _builder_version=\u00a0\u00bb4.27.4&Prime; _module_preset=\u00a0\u00bbdefault\u00a0\u00bb header_2_font=\u00a0\u00bbABeeZee||||||||\u00a0\u00bb header_2_text_color=\u00a0\u00bb#5800a6&Prime; header_2_font_size=\u00a0\u00bb35px\u00a0\u00bb header_2_font_size_tablet=\u00a0\u00bb35px\u00a0\u00bb header_2_font_size_phone=\u00a0\u00bb30px\u00a0\u00bb header_2_font_size_last_edited=\u00a0\u00bbon|desktop\u00a0\u00bb global_colors_info=\u00a0\u00bb{}\u00a0\u00bb]<\/p>\n<h2><span class=\"ez-toc-section\" id=\"Vous_etes_ou_allez_devenir_particulier_employeur\"><\/span><span>Vous \u00eates (ou allez devenir) particulier employeur ?<\/span><span class=\"ez-toc-section-end\"><\/span><\/h2>\n<p>[\/et_pb_text][et_pb_text _builder_version=\u00a0\u00bb4.27.4&Prime; _module_preset=\u00a0\u00bbdefault\u00a0\u00bb text_font=\u00a0\u00bbLato||||||||\u00a0\u00bb text_font_size=\u00a0\u00bb18px\u00a0\u00bb text_font_size_tablet=\u00a0\u00bb18px\u00a0\u00bb text_font_size_phone=\u00a0\u00bb18px\u00a0\u00bb text_font_size_last_edited=\u00a0\u00bbon|phone\u00a0\u00bb global_colors_info=\u00a0\u00bb{}\u00a0\u00bb]<\/p>\n<p><span>Vous vous sentez un peu perdu avec le CESU, les d\u00e9marches, ou les obligations l\u00e9gales ?<\/span><br \/><span>On a pr\u00e9par\u00e9 un <\/span><strong data-renderer-mark=\"true\">guide complet, simple et gratuit<\/strong><span>, pour vous aider \u00e0 tout comprendre et d\u00e9marrer sereinement.<\/span><\/p>\n<p>[\/et_pb_text][et_pb_button button_url=\u00a0\u00bbhttps:\/\/forms.gle\/GjMWbpTAENkiK3JM8&Prime; button_text=\u00a0\u00bbR\u00e9cup\u00e9rer mon guide CESU\u00a0\u00bb button_alignment=\u00a0\u00bbcenter\u00a0\u00bb _builder_version=\u00a0\u00bb4.27.4&Prime; _module_preset=\u00a0\u00bbdefault\u00a0\u00bb custom_button=\u00a0\u00bbon\u00a0\u00bb button_text_color=\u00a0\u00bb#2E5C9F\u00a0\u00bb button_bg_color=\u00a0\u00bb#FFC600&Prime; button_border_width=\u00a0\u00bb0px\u00a0\u00bb button_font=\u00a0\u00bb|800|||||||\u00a0\u00bb global_colors_info=\u00a0\u00bb{}\u00a0\u00bb][\/et_pb_button][\/et_pb_column][\/et_pb_row][\/et_pb_section]<\/p>\n","protected":false},"excerpt":{"rendered":"<p>La r\u00e9mun\u00e9ration des weekends et leur majoration sont souvent sujets de question pour les aides \u00e0 domicile. Il peut \u00eatre complexe de conna\u00eetre et comprendre ses droits sur le sujet sans conna\u00eetre la liste exhaustive des conditions. La multiplicit\u00e9 des contrats est trompeuse. Dans cet article, FLAVI vous aiguille quant \u00e0 vos droits ainsi que [&hellip;]<\/p>\n","protected":false},"author":1,"featured_media":9413,"comment_status":"open","ping_status":"open","sticky":false,"template":"","format":"aside","meta":{"_et_pb_use_builder":"on","_et_pb_old_content":"","_et_gb_content_width":"","_lmt_disableupdate":"","_lmt_disable":"","_monsterinsights_skip_tracking":false,"_monsterinsights_sitenote_active":false,"_monsterinsights_sitenote_note":"","_monsterinsights_sitenote_category":0,"footnotes":""},"categories":[19,1],"tags":[],"ppma_author":[41],"class_list":["post-9410","post","type-post","status-publish","format-aside","has-post-thumbnail","hentry","category-articles-pour-auxiliaire","category-articles-pour-particuliers","post_format-post-format-aside"],"yoast_head":"<!-- This site is optimized with the Yoast SEO plugin v27.5 - https:\/\/yoast.com\/product\/yoast-seo-wordpress\/ -->\n<title>CESU et heures suppl\u00e9mentaires : comment \u00e7a fonctionne ? - Flavi<\/title>\n<meta name=\"description\" content=\"Que dit la loi sur les heures suppl\u00e9mentaires en tant qu\u2019aide \u00e0 domicile en CESU? Quels sont les cas particuliers?\" \/>\n<meta name=\"robots\" content=\"index, follow, max-snippet:-1, max-image-preview:large, max-video-preview:-1\" \/>\n<link rel=\"canonical\" href=\"https:\/\/flavi.fr\/index.php\/2025\/06\/25\/heures-supplementaires-en-cesu-quelle-salaire-et-quels-droits-pour-les-aides-a-domicile\/\" \/>\n<meta property=\"og:locale\" content=\"fr_FR\" \/>\n<meta property=\"og:type\" content=\"article\" \/>\n<meta property=\"og:title\" content=\"CESU et heures suppl\u00e9mentaires : comment \u00e7a fonctionne ? - Flavi\" \/>\n<meta property=\"og:description\" content=\"Que dit la loi sur les heures suppl\u00e9mentaires en tant qu\u2019aide \u00e0 domicile en CESU? Quels sont les cas particuliers?\" \/>\n<meta property=\"og:url\" content=\"https:\/\/flavi.fr\/index.php\/2025\/06\/25\/heures-supplementaires-en-cesu-quelle-salaire-et-quels-droits-pour-les-aides-a-domicile\/\" \/>\n<meta property=\"og:site_name\" content=\"Flavi\" \/>\n<meta property=\"article:published_time\" content=\"2025-06-25T08:48:29+00:00\" \/>\n<meta property=\"article:modified_time\" content=\"2025-06-25T08:50:58+00:00\" \/>\n<meta property=\"og:image\" content=\"https:\/\/flavi.fr\/wp-content\/uploads\/2025\/06\/Capture-decran-2025-06-19-082109.webp\" \/>\n\t<meta property=\"og:image:width\" content=\"787\" \/>\n\t<meta property=\"og:image:height\" content=\"445\" \/>\n\t<meta property=\"og:image:type\" content=\"image\/webp\" \/>\n<meta name=\"author\" content=\"Flavie, experte CESU\" \/>\n<meta name=\"twitter:card\" content=\"summary_large_image\" \/>\n<meta name=\"twitter:label1\" content=\"\u00c9crit par\" \/>\n\t<meta name=\"twitter:data1\" content=\"Flavie, experte CESU\" \/>\n\t<meta name=\"twitter:label2\" content=\"Dur\u00e9e de lecture estim\u00e9e\" \/>\n\t<meta name=\"twitter:data2\" content=\"7 minutes\" \/>\n<script type=\"application\/ld+json\" class=\"yoast-schema-graph\">{\"@context\":\"https:\\\/\\\/schema.org\",\"@graph\":[{\"@type\":\"Article\",\"@id\":\"https:\\\/\\\/flavi.fr\\\/index.php\\\/2025\\\/06\\\/25\\\/heures-supplementaires-en-cesu-quelle-salaire-et-quels-droits-pour-les-aides-a-domicile\\\/#article\",\"isPartOf\":{\"@id\":\"https:\\\/\\\/flavi.fr\\\/index.php\\\/2025\\\/06\\\/25\\\/heures-supplementaires-en-cesu-quelle-salaire-et-quels-droits-pour-les-aides-a-domicile\\\/\"},\"author\":{\"name\":\"Eva Muringer, Fondatrice de Flavi et enseignante\",\"@id\":\"https:\\\/\\\/flavi.fr\\\/#\\\/schema\\\/person\\\/e540732270cd8b3a026a503df4f1ea3d\"},\"headline\":\"CESU et heures suppl\u00e9mentaires : comment \u00e7a fonctionne ?\",\"datePublished\":\"2025-06-25T08:48:29+00:00\",\"dateModified\":\"2025-06-25T08:50:58+00:00\",\"mainEntityOfPage\":{\"@id\":\"https:\\\/\\\/flavi.fr\\\/index.php\\\/2025\\\/06\\\/25\\\/heures-supplementaires-en-cesu-quelle-salaire-et-quels-droits-pour-les-aides-a-domicile\\\/\"},\"wordCount\":2002,\"commentCount\":0,\"image\":{\"@id\":\"https:\\\/\\\/flavi.fr\\\/index.php\\\/2025\\\/06\\\/25\\\/heures-supplementaires-en-cesu-quelle-salaire-et-quels-droits-pour-les-aides-a-domicile\\\/#primaryimage\"},\"thumbnailUrl\":\"https:\\\/\\\/flavi.fr\\\/wp-content\\\/uploads\\\/2025\\\/06\\\/Capture-decran-2025-06-19-082109.webp\",\"articleSection\":[\"Articles pour auxiliaire de vie\",\"Articles pour particuliers\"],\"inLanguage\":\"fr-FR\",\"potentialAction\":[{\"@type\":\"CommentAction\",\"name\":\"Comment\",\"target\":[\"https:\\\/\\\/flavi.fr\\\/index.php\\\/2025\\\/06\\\/25\\\/heures-supplementaires-en-cesu-quelle-salaire-et-quels-droits-pour-les-aides-a-domicile\\\/#respond\"]}]},{\"@type\":\"WebPage\",\"@id\":\"https:\\\/\\\/flavi.fr\\\/index.php\\\/2025\\\/06\\\/25\\\/heures-supplementaires-en-cesu-quelle-salaire-et-quels-droits-pour-les-aides-a-domicile\\\/\",\"url\":\"https:\\\/\\\/flavi.fr\\\/index.php\\\/2025\\\/06\\\/25\\\/heures-supplementaires-en-cesu-quelle-salaire-et-quels-droits-pour-les-aides-a-domicile\\\/\",\"name\":\"CESU et heures suppl\u00e9mentaires : comment \u00e7a fonctionne ? - Flavi\",\"isPartOf\":{\"@id\":\"https:\\\/\\\/flavi.fr\\\/#website\"},\"primaryImageOfPage\":{\"@id\":\"https:\\\/\\\/flavi.fr\\\/index.php\\\/2025\\\/06\\\/25\\\/heures-supplementaires-en-cesu-quelle-salaire-et-quels-droits-pour-les-aides-a-domicile\\\/#primaryimage\"},\"image\":{\"@id\":\"https:\\\/\\\/flavi.fr\\\/index.php\\\/2025\\\/06\\\/25\\\/heures-supplementaires-en-cesu-quelle-salaire-et-quels-droits-pour-les-aides-a-domicile\\\/#primaryimage\"},\"thumbnailUrl\":\"https:\\\/\\\/flavi.fr\\\/wp-content\\\/uploads\\\/2025\\\/06\\\/Capture-decran-2025-06-19-082109.webp\",\"datePublished\":\"2025-06-25T08:48:29+00:00\",\"dateModified\":\"2025-06-25T08:50:58+00:00\",\"author\":{\"@id\":\"https:\\\/\\\/flavi.fr\\\/#\\\/schema\\\/person\\\/e540732270cd8b3a026a503df4f1ea3d\"},\"description\":\"Que dit la loi sur les heures suppl\u00e9mentaires en tant qu\u2019aide \u00e0 domicile en CESU? Quels sont les cas particuliers?\",\"breadcrumb\":{\"@id\":\"https:\\\/\\\/flavi.fr\\\/index.php\\\/2025\\\/06\\\/25\\\/heures-supplementaires-en-cesu-quelle-salaire-et-quels-droits-pour-les-aides-a-domicile\\\/#breadcrumb\"},\"inLanguage\":\"fr-FR\",\"potentialAction\":[{\"@type\":\"ReadAction\",\"target\":[\"https:\\\/\\\/flavi.fr\\\/index.php\\\/2025\\\/06\\\/25\\\/heures-supplementaires-en-cesu-quelle-salaire-et-quels-droits-pour-les-aides-a-domicile\\\/\"]}]},{\"@type\":\"ImageObject\",\"inLanguage\":\"fr-FR\",\"@id\":\"https:\\\/\\\/flavi.fr\\\/index.php\\\/2025\\\/06\\\/25\\\/heures-supplementaires-en-cesu-quelle-salaire-et-quels-droits-pour-les-aides-a-domicile\\\/#primaryimage\",\"url\":\"https:\\\/\\\/flavi.fr\\\/wp-content\\\/uploads\\\/2025\\\/06\\\/Capture-decran-2025-06-19-082109.webp\",\"contentUrl\":\"https:\\\/\\\/flavi.fr\\\/wp-content\\\/uploads\\\/2025\\\/06\\\/Capture-decran-2025-06-19-082109.webp\",\"width\":787,\"height\":445,\"caption\":\"Calendrier pour repr\u00e9senter les heures suppl\u00e9mentaires\"},{\"@type\":\"BreadcrumbList\",\"@id\":\"https:\\\/\\\/flavi.fr\\\/index.php\\\/2025\\\/06\\\/25\\\/heures-supplementaires-en-cesu-quelle-salaire-et-quels-droits-pour-les-aides-a-domicile\\\/#breadcrumb\",\"itemListElement\":[{\"@type\":\"ListItem\",\"position\":1,\"name\":\"Accueil\",\"item\":\"https:\\\/\\\/flavi.fr\\\/\"},{\"@type\":\"ListItem\",\"position\":2,\"name\":\"CESU et heures suppl\u00e9mentaires : comment \u00e7a fonctionne ?\"}]},{\"@type\":\"WebSite\",\"@id\":\"https:\\\/\\\/flavi.fr\\\/#website\",\"url\":\"https:\\\/\\\/flavi.fr\\\/\",\"name\":\"Flavi\",\"description\":\"auxiliaires de vie ind\u00e9pendantes\",\"potentialAction\":[{\"@type\":\"SearchAction\",\"target\":{\"@type\":\"EntryPoint\",\"urlTemplate\":\"https:\\\/\\\/flavi.fr\\\/?s={search_term_string}\"},\"query-input\":{\"@type\":\"PropertyValueSpecification\",\"valueRequired\":true,\"valueName\":\"search_term_string\"}}],\"inLanguage\":\"fr-FR\"},{\"@type\":\"Person\",\"@id\":\"https:\\\/\\\/flavi.fr\\\/#\\\/schema\\\/person\\\/e540732270cd8b3a026a503df4f1ea3d\",\"name\":\"Eva Muringer, Fondatrice de Flavi et enseignante\",\"image\":{\"@type\":\"ImageObject\",\"inLanguage\":\"fr-FR\",\"@id\":\"https:\\\/\\\/secure.gravatar.com\\\/avatar\\\/c30b4e242c14546872cc63671192d7e6cac888c35741f84be86494a741cfb896?s=96&d=mm&r=g1e593406708024e749a1e9e33b45acc9\",\"url\":\"https:\\\/\\\/secure.gravatar.com\\\/avatar\\\/c30b4e242c14546872cc63671192d7e6cac888c35741f84be86494a741cfb896?s=96&d=mm&r=g\",\"contentUrl\":\"https:\\\/\\\/secure.gravatar.com\\\/avatar\\\/c30b4e242c14546872cc63671192d7e6cac888c35741f84be86494a741cfb896?s=96&d=mm&r=g\",\"caption\":\"Eva Muringer, Fondatrice de Flavi et enseignante\"},\"sameAs\":[\"https:\\\/\\\/www.flavi.fr\"],\"url\":\"https:\\\/\\\/flavi.fr\\\/index.php\\\/author\\\/admin7211\\\/\"}]}<\/script>\n<!-- \/ Yoast SEO plugin. -->","yoast_head_json":{"title":"CESU et heures suppl\u00e9mentaires : comment \u00e7a fonctionne ? - Flavi","description":"Que dit la loi sur les heures suppl\u00e9mentaires en tant qu\u2019aide \u00e0 domicile en CESU? Quels sont les cas particuliers?","robots":{"index":"index","follow":"follow","max-snippet":"max-snippet:-1","max-image-preview":"max-image-preview:large","max-video-preview":"max-video-preview:-1"},"canonical":"https:\/\/flavi.fr\/index.php\/2025\/06\/25\/heures-supplementaires-en-cesu-quelle-salaire-et-quels-droits-pour-les-aides-a-domicile\/","og_locale":"fr_FR","og_type":"article","og_title":"CESU et heures suppl\u00e9mentaires : comment \u00e7a fonctionne ? - Flavi","og_description":"Que dit la loi sur les heures suppl\u00e9mentaires en tant qu\u2019aide \u00e0 domicile en CESU? Quels sont les cas particuliers?","og_url":"https:\/\/flavi.fr\/index.php\/2025\/06\/25\/heures-supplementaires-en-cesu-quelle-salaire-et-quels-droits-pour-les-aides-a-domicile\/","og_site_name":"Flavi","article_published_time":"2025-06-25T08:48:29+00:00","article_modified_time":"2025-06-25T08:50:58+00:00","og_image":[{"width":787,"height":445,"url":"https:\/\/flavi.fr\/wp-content\/uploads\/2025\/06\/Capture-decran-2025-06-19-082109.webp","type":"image\/webp"}],"author":"Flavie, experte CESU","twitter_card":"summary_large_image","twitter_misc":{"\u00c9crit par":"Flavie, experte CESU","Dur\u00e9e de lecture estim\u00e9e":"7 minutes"},"schema":{"@context":"https:\/\/schema.org","@graph":[{"@type":"Article","@id":"https:\/\/flavi.fr\/index.php\/2025\/06\/25\/heures-supplementaires-en-cesu-quelle-salaire-et-quels-droits-pour-les-aides-a-domicile\/#article","isPartOf":{"@id":"https:\/\/flavi.fr\/index.php\/2025\/06\/25\/heures-supplementaires-en-cesu-quelle-salaire-et-quels-droits-pour-les-aides-a-domicile\/"},"author":{"name":"Eva Muringer, Fondatrice de Flavi et enseignante","@id":"https:\/\/flavi.fr\/#\/schema\/person\/e540732270cd8b3a026a503df4f1ea3d"},"headline":"CESU et heures suppl\u00e9mentaires : comment \u00e7a fonctionne ?","datePublished":"2025-06-25T08:48:29+00:00","dateModified":"2025-06-25T08:50:58+00:00","mainEntityOfPage":{"@id":"https:\/\/flavi.fr\/index.php\/2025\/06\/25\/heures-supplementaires-en-cesu-quelle-salaire-et-quels-droits-pour-les-aides-a-domicile\/"},"wordCount":2002,"commentCount":0,"image":{"@id":"https:\/\/flavi.fr\/index.php\/2025\/06\/25\/heures-supplementaires-en-cesu-quelle-salaire-et-quels-droits-pour-les-aides-a-domicile\/#primaryimage"},"thumbnailUrl":"https:\/\/flavi.fr\/wp-content\/uploads\/2025\/06\/Capture-decran-2025-06-19-082109.webp","articleSection":["Articles pour auxiliaire de vie","Articles pour particuliers"],"inLanguage":"fr-FR","potentialAction":[{"@type":"CommentAction","name":"Comment","target":["https:\/\/flavi.fr\/index.php\/2025\/06\/25\/heures-supplementaires-en-cesu-quelle-salaire-et-quels-droits-pour-les-aides-a-domicile\/#respond"]}]},{"@type":"WebPage","@id":"https:\/\/flavi.fr\/index.php\/2025\/06\/25\/heures-supplementaires-en-cesu-quelle-salaire-et-quels-droits-pour-les-aides-a-domicile\/","url":"https:\/\/flavi.fr\/index.php\/2025\/06\/25\/heures-supplementaires-en-cesu-quelle-salaire-et-quels-droits-pour-les-aides-a-domicile\/","name":"CESU et heures suppl\u00e9mentaires : comment \u00e7a fonctionne ? - Flavi","isPartOf":{"@id":"https:\/\/flavi.fr\/#website"},"primaryImageOfPage":{"@id":"https:\/\/flavi.fr\/index.php\/2025\/06\/25\/heures-supplementaires-en-cesu-quelle-salaire-et-quels-droits-pour-les-aides-a-domicile\/#primaryimage"},"image":{"@id":"https:\/\/flavi.fr\/index.php\/2025\/06\/25\/heures-supplementaires-en-cesu-quelle-salaire-et-quels-droits-pour-les-aides-a-domicile\/#primaryimage"},"thumbnailUrl":"https:\/\/flavi.fr\/wp-content\/uploads\/2025\/06\/Capture-decran-2025-06-19-082109.webp","datePublished":"2025-06-25T08:48:29+00:00","dateModified":"2025-06-25T08:50:58+00:00","author":{"@id":"https:\/\/flavi.fr\/#\/schema\/person\/e540732270cd8b3a026a503df4f1ea3d"},"description":"Que dit la loi sur les heures suppl\u00e9mentaires en tant qu\u2019aide \u00e0 domicile en CESU? Quels sont les cas particuliers?","breadcrumb":{"@id":"https:\/\/flavi.fr\/index.php\/2025\/06\/25\/heures-supplementaires-en-cesu-quelle-salaire-et-quels-droits-pour-les-aides-a-domicile\/#breadcrumb"},"inLanguage":"fr-FR","potentialAction":[{"@type":"ReadAction","target":["https:\/\/flavi.fr\/index.php\/2025\/06\/25\/heures-supplementaires-en-cesu-quelle-salaire-et-quels-droits-pour-les-aides-a-domicile\/"]}]},{"@type":"ImageObject","inLanguage":"fr-FR","@id":"https:\/\/flavi.fr\/index.php\/2025\/06\/25\/heures-supplementaires-en-cesu-quelle-salaire-et-quels-droits-pour-les-aides-a-domicile\/#primaryimage","url":"https:\/\/flavi.fr\/wp-content\/uploads\/2025\/06\/Capture-decran-2025-06-19-082109.webp","contentUrl":"https:\/\/flavi.fr\/wp-content\/uploads\/2025\/06\/Capture-decran-2025-06-19-082109.webp","width":787,"height":445,"caption":"Calendrier pour repr\u00e9senter les heures suppl\u00e9mentaires"},{"@type":"BreadcrumbList","@id":"https:\/\/flavi.fr\/index.php\/2025\/06\/25\/heures-supplementaires-en-cesu-quelle-salaire-et-quels-droits-pour-les-aides-a-domicile\/#breadcrumb","itemListElement":[{"@type":"ListItem","position":1,"name":"Accueil","item":"https:\/\/flavi.fr\/"},{"@type":"ListItem","position":2,"name":"CESU et heures suppl\u00e9mentaires : comment \u00e7a fonctionne ?"}]},{"@type":"WebSite","@id":"https:\/\/flavi.fr\/#website","url":"https:\/\/flavi.fr\/","name":"Flavi","description":"auxiliaires de vie ind\u00e9pendantes","potentialAction":[{"@type":"SearchAction","target":{"@type":"EntryPoint","urlTemplate":"https:\/\/flavi.fr\/?s={search_term_string}"},"query-input":{"@type":"PropertyValueSpecification","valueRequired":true,"valueName":"search_term_string"}}],"inLanguage":"fr-FR"},{"@type":"Person","@id":"https:\/\/flavi.fr\/#\/schema\/person\/e540732270cd8b3a026a503df4f1ea3d","name":"Eva Muringer, Fondatrice de Flavi et enseignante","image":{"@type":"ImageObject","inLanguage":"fr-FR","@id":"https:\/\/secure.gravatar.com\/avatar\/c30b4e242c14546872cc63671192d7e6cac888c35741f84be86494a741cfb896?s=96&d=mm&r=g1e593406708024e749a1e9e33b45acc9","url":"https:\/\/secure.gravatar.com\/avatar\/c30b4e242c14546872cc63671192d7e6cac888c35741f84be86494a741cfb896?s=96&d=mm&r=g","contentUrl":"https:\/\/secure.gravatar.com\/avatar\/c30b4e242c14546872cc63671192d7e6cac888c35741f84be86494a741cfb896?s=96&d=mm&r=g","caption":"Eva Muringer, Fondatrice de Flavi et enseignante"},"sameAs":["https:\/\/www.flavi.fr"],"url":"https:\/\/flavi.fr\/index.php\/author\/admin7211\/"}]}},"modified_by":"Eva Muringer, Fondatrice de Flavi et enseignante","authors":[{"term_id":41,"user_id":1,"is_guest":0,"slug":"admin7211","display_name":"Flavie, experte CESU","avatar_url":"https:\/\/secure.gravatar.com\/avatar\/c30b4e242c14546872cc63671192d7e6cac888c35741f84be86494a741cfb896?s=96&d=mm&r=g","1":"","2":"","3":"","4":"","5":"","6":"","7":"","8":""}],"_links":{"self":[{"href":"https:\/\/flavi.fr\/index.php\/wp-json\/wp\/v2\/posts\/9410","targetHints":{"allow":["GET"]}}],"collection":[{"href":"https:\/\/flavi.fr\/index.php\/wp-json\/wp\/v2\/posts"}],"about":[{"href":"https:\/\/flavi.fr\/index.php\/wp-json\/wp\/v2\/types\/post"}],"author":[{"embeddable":true,"href":"https:\/\/flavi.fr\/index.php\/wp-json\/wp\/v2\/users\/1"}],"replies":[{"embeddable":true,"href":"https:\/\/flavi.fr\/index.php\/wp-json\/wp\/v2\/comments?post=9410"}],"version-history":[{"count":0,"href":"https:\/\/flavi.fr\/index.php\/wp-json\/wp\/v2\/posts\/9410\/revisions"}],"wp:featuredmedia":[{"embeddable":true,"href":"https:\/\/flavi.fr\/index.php\/wp-json\/wp\/v2\/media\/9413"}],"wp:attachment":[{"href":"https:\/\/flavi.fr\/index.php\/wp-json\/wp\/v2\/media?parent=9410"}],"wp:term":[{"taxonomy":"category","embeddable":true,"href":"https:\/\/flavi.fr\/index.php\/wp-json\/wp\/v2\/categories?post=9410"},{"taxonomy":"post_tag","embeddable":true,"href":"https:\/\/flavi.fr\/index.php\/wp-json\/wp\/v2\/tags?post=9410"},{"taxonomy":"author","embeddable":true,"href":"https:\/\/flavi.fr\/index.php\/wp-json\/wp\/v2\/ppma_author?post=9410"}],"curies":[{"name":"wp","href":"https:\/\/api.w.org\/{rel}","templated":true}]}}