{"id":8496,"date":"2025-03-05T09:42:34","date_gmt":"2025-03-05T08:42:34","guid":{"rendered":"https:\/\/flavi.fr\/?p=8496"},"modified":"2025-06-13T09:38:02","modified_gmt":"2025-06-13T07:38:02","slug":"recherche-auxiliaire-de-vie-en-cesu","status":"publish","type":"post","link":"https:\/\/flavi.fr\/index.php\/2025\/03\/05\/recherche-auxiliaire-de-vie-en-cesu\/","title":{"rendered":"Recherche auxiliaire de vie en CESU"},"content":{"rendered":"<p>[et_pb_section fb_built=\u00a0\u00bb1&Prime; _builder_version=\u00a0\u00bb4.24.2&Prime; _module_preset=\u00a0\u00bbdefault\u00a0\u00bb global_colors_info=\u00a0\u00bb{}\u00a0\u00bb][et_pb_row _builder_version=\u00a0\u00bb4.24.2&Prime; _module_preset=\u00a0\u00bbdefault\u00a0\u00bb global_colors_info=\u00a0\u00bb{}\u00a0\u00bb][et_pb_column type=\u00a0\u00bb4_4&Prime; _builder_version=\u00a0\u00bb4.24.2&Prime; _module_preset=\u00a0\u00bbdefault\u00a0\u00bb global_colors_info=\u00a0\u00bb{}\u00a0\u00bb][et_pb_text _builder_version=\u00a0\u00bb4.24.2&Prime; _module_preset=\u00a0\u00bbdefault\u00a0\u00bb text_font=\u00a0\u00bbLato||||||||\u00a0\u00bb text_font_size=\u00a0\u00bb18px\u00a0\u00bb text_font_size_tablet=\u00a0\u00bb18px\u00a0\u00bb text_font_size_phone=\u00a0\u00bb18px\u00a0\u00bb text_font_size_last_edited=\u00a0\u00bbon|phone\u00a0\u00bb global_colors_info=\u00a0\u00bb{}\u00a0\u00bb]<\/p>\n<p><span style=\"font-weight: 400;\">Vous recherchez une association d\u2019aide aux personnes \u00e2g\u00e9es, une aide \u00e0 domicile ind\u00e9pendante, ou une auxiliaire de vie en CESU pour personnes \u00e2g\u00e9es, en perte d\u2019autonomie ou encore en situation de handicap ?<\/span><\/p>\n<p><span style=\"font-weight: 400;\">Comment chercher une aide ? O\u00f9 chercher ? Comment choisir l\u2019auxiliaire de vie en CESU qui correspond le mieux \u00e0 mes besoins ? Combien \u00e7a co\u00fbte ?<\/span><\/p>\n<p><span style=\"font-weight: 400;\">\u2026 Tant de questions auxquelles vous devez faire face\u2026\u00a0<\/span><\/p>\n<p><span style=\"font-weight: 400;\">Pas d\u2019inqui\u00e9tude, vous n\u2019\u00eates pas seul(e) !\u00a0<\/span><\/p>\n<p><span style=\"font-weight: 400;\">Ici, vous allez pouvoir obtenir toutes les informations concernant l\u2019emploi direct d\u2019une auxiliaire de vie en CESU, parfois appel\u00e9e auxiliaire de vie ind\u00e9pendante. <\/span><\/p>\n<p>[\/et_pb_text][et_pb_text _builder_version=\u00a0\u00bb4.24.2&Prime; _module_preset=\u00a0\u00bbdefault\u00a0\u00bb header_2_font=\u00a0\u00bbABeeZee||||||||\u00a0\u00bb header_2_text_color=\u00a0\u00bb#5800a6&Prime; header_2_font_size=\u00a0\u00bb35px\u00a0\u00bb header_2_font_size_tablet=\u00a0\u00bb35px\u00a0\u00bb header_2_font_size_phone=\u00a0\u00bb30px\u00a0\u00bb header_2_font_size_last_edited=\u00a0\u00bbon|desktop\u00a0\u00bb global_colors_info=\u00a0\u00bb{}\u00a0\u00bb]<\/p>\n<div id=\"ez-toc-container\" class=\"ez-toc-v2_0_82_2 ez-toc-wrap-center counter-hierarchy ez-toc-counter ez-toc-custom ez-toc-container-direction\">\n<div class=\"ez-toc-title-container\">\n<p class=\"ez-toc-title\" style=\"cursor:inherit\">Sommaire<\/p>\n<span class=\"ez-toc-title-toggle\"><a href=\"#\" class=\"ez-toc-pull-right ez-toc-btn ez-toc-btn-xs ez-toc-btn-default ez-toc-toggle\" aria-label=\"Toggle Table of Content\"><span class=\"ez-toc-js-icon-con\"><span class=\"\"><span class=\"eztoc-hide\" style=\"display:none;\">Toggle<\/span><span class=\"ez-toc-icon-toggle-span\"><svg style=\"fill: #000000;color:#000000\" xmlns=\"http:\/\/www.w3.org\/2000\/svg\" class=\"list-377408\" width=\"20px\" height=\"20px\" viewBox=\"0 0 24 24\" fill=\"none\"><path d=\"M6 6H4v2h2V6zm14 0H8v2h12V6zM4 11h2v2H4v-2zm16 0H8v2h12v-2zM4 16h2v2H4v-2zm16 0H8v2h12v-2z\" fill=\"currentColor\"><\/path><\/svg><svg style=\"fill: #000000;color:#000000\" class=\"arrow-unsorted-368013\" xmlns=\"http:\/\/www.w3.org\/2000\/svg\" width=\"10px\" height=\"10px\" viewBox=\"0 0 24 24\" version=\"1.2\" baseProfile=\"tiny\"><path d=\"M18.2 9.3l-6.2-6.3-6.2 6.3c-.2.2-.3.4-.3.7s.1.5.3.7c.2.2.4.3.7.3h11c.3 0 .5-.1.7-.3.2-.2.3-.5.3-.7s-.1-.5-.3-.7zM5.8 14.7l6.2 6.3 6.2-6.3c.2-.2.3-.5.3-.7s-.1-.5-.3-.7c-.2-.2-.4-.3-.7-.3h-11c-.3 0-.5.1-.7.3-.2.2-.3.5-.3.7s.1.5.3.7z\"\/><\/svg><\/span><\/span><\/span><\/a><\/span><\/div>\n<nav><ul class='ez-toc-list ez-toc-list-level-1 ' ><li class='ez-toc-page-1 ez-toc-heading-level-2'><a class=\"ez-toc-link ez-toc-heading-1\" href=\"https:\/\/flavi.fr\/index.php\/2025\/03\/05\/recherche-auxiliaire-de-vie-en-cesu\/#Rappel_du_CESU\" >Rappel du CESU :<\/a><\/li><li class='ez-toc-page-1 ez-toc-heading-level-2'><a class=\"ez-toc-link ez-toc-heading-2\" href=\"https:\/\/flavi.fr\/index.php\/2025\/03\/05\/recherche-auxiliaire-de-vie-en-cesu\/#Lembauche_dune_auxiliaire_de_vie_en_CESU\" >L&#8217;embauche d&rsquo;une auxiliaire de vie en CESU<\/a><\/li><li class='ez-toc-page-1 ez-toc-heading-level-2'><a class=\"ez-toc-link ez-toc-heading-3\" href=\"https:\/\/flavi.fr\/index.php\/2025\/03\/05\/recherche-auxiliaire-de-vie-en-cesu\/#Que_faire_lorsquon_a_trouve_une_auxiliaire_de_vie_en_CESU\" >Que faire lorsqu&rsquo;on a trouv\u00e9 une auxiliaire de vie en CESU ?<\/a><ul class='ez-toc-list-level-4' ><li class='ez-toc-heading-level-4'><ul class='ez-toc-list-level-4' ><li class='ez-toc-heading-level-4'><a class=\"ez-toc-link ez-toc-heading-4\" href=\"https:\/\/flavi.fr\/index.php\/2025\/03\/05\/recherche-auxiliaire-de-vie-en-cesu\/#_Signature_du_contrat\" >\u00a0Signature du contrat :<\/a><\/li><li class='ez-toc-page-1 ez-toc-heading-level-4'><a class=\"ez-toc-link ez-toc-heading-5\" href=\"https:\/\/flavi.fr\/index.php\/2025\/03\/05\/recherche-auxiliaire-de-vie-en-cesu\/#La_convention_collective\" >La convention collective<\/a><\/li><\/ul><\/li><\/ul><\/li><li class='ez-toc-page-1 ez-toc-heading-level-2'><a class=\"ez-toc-link ez-toc-heading-6\" href=\"https:\/\/flavi.fr\/index.php\/2025\/03\/05\/recherche-auxiliaire-de-vie-en-cesu\/#La_plateforme_flavifr\" >La plateforme flavi.fr<\/a><\/li><\/ul><\/nav><\/div>\n<h2><span class=\"ez-toc-section\" id=\"Rappel_du_CESU\"><\/span><strong>Rappel du CESU : <\/strong><span class=\"ez-toc-section-end\"><\/span><\/h2>\n<p>[\/et_pb_text][et_pb_text _builder_version=\u00a0\u00bb4.24.2&Prime; _module_preset=\u00a0\u00bbdefault\u00a0\u00bb text_font=\u00a0\u00bbLato||||||||\u00a0\u00bb text_font_size=\u00a0\u00bb18px\u00a0\u00bb text_font_size_tablet=\u00a0\u00bb18px\u00a0\u00bb text_font_size_phone=\u00a0\u00bb18px\u00a0\u00bb text_font_size_last_edited=\u00a0\u00bbon|phone\u00a0\u00bb global_colors_info=\u00a0\u00bb{}\u00a0\u00bb]<\/p>\n<p><span style=\"font-weight: 400;\">Le Cesu, service de l\u2019URSSAF, simplifie la d\u00e9claration de r\u00e9mun\u00e9ration pour les services \u00e0 domicile. Cela s\u2019adresse \u00e0 tous les particuliers employeurs pour plusieurs besoins. Par exemple, il peut y avoir l\u2019am\u00e9lioration du quotidien, le soutien aux personnes \u00e2g\u00e9es ou handicap\u00e9es ou m\u00eame quelques heures de m\u00e9nage, de jardinage&#8230;<\/span><\/p>\n<p><span style=\"font-weight: 400;\">Le CESU garantit \u00e9galement des droits sociaux pour les salari\u00e9s, tels que l\u2019assurance maladie, le ch\u00f4mage ainsi que la retraite.\u00a0<\/span><\/p>\n<p><span style=\"font-weight: 400;\">Ce mode de d\u00e9claration peut \u00eatre utilis\u00e9 de mani\u00e8re r\u00e9guli\u00e8re ou occasionnelle, pour des emplois \u00e0 temps partiel ou \u00e0 temps plein.<\/span><\/p>\n<p><span style=\"font-weight: 400;\">Pour vous aider \u00e0 faire des estimations de co\u00fbt en CESU, vous pouvez consulter le simulateur du cesu : <\/span><a href=\"https:\/\/www.cesu.urssaf.fr\/info\/accueil\/estimateurs.html\"><span style=\"font-weight: 400;\">Estimateurs \u2013 <\/span><\/a><a href=\"http:\/\/www.cesu.urssaf.fr\"><span style=\"font-weight: 400;\">www.cesu.urssaf.fr<\/span><\/a><\/p>\n<p><span style=\"font-weight: 400;\">Pour rappel, vous pouvez trouver une auxiliaire de vie en CESU sur <\/span><a href=\"https:\/\/flavi.fr\/index.php\/je-suis-un-particulier\/\"><span style=\"font-weight: 400;\">FLAVI<\/span><\/a><\/p>\n<p>[\/et_pb_text][et_pb_button button_url=\u00a0\u00bbhttps:\/\/app.flavi.fr\/recherche-non-connecte\/\u00a0\u00bb button_text=\u00a0\u00bbJE TROUVE UNE AUXILIAIRE DE VIE\u00a0\u00bb button_alignment=\u00a0\u00bbcenter\u00a0\u00bb _builder_version=\u00a0\u00bb4.24.2&Prime; _module_preset=\u00a0\u00bbdefault\u00a0\u00bb custom_button=\u00a0\u00bbon\u00a0\u00bb button_text_color=\u00a0\u00bb#2E5C9F\u00a0\u00bb button_bg_color=\u00a0\u00bb#FFC600&Prime; button_border_width=\u00a0\u00bb0px\u00a0\u00bb button_font=\u00a0\u00bb|800|||||||\u00a0\u00bb global_colors_info=\u00a0\u00bb{}\u00a0\u00bb theme_builder_area=\u00a0\u00bbpost_content\u00a0\u00bb][\/et_pb_button][et_pb_text _builder_version=\u00a0\u00bb4.27.4&Prime; _module_preset=\u00a0\u00bbdefault\u00a0\u00bb text_font=\u00a0\u00bbLato||||||||\u00a0\u00bb text_font_size=\u00a0\u00bb18px\u00a0\u00bb text_font_size_tablet=\u00a0\u00bb18px\u00a0\u00bb text_font_size_phone=\u00a0\u00bb18px\u00a0\u00bb text_font_size_last_edited=\u00a0\u00bbon|phone\u00a0\u00bb global_colors_info=\u00a0\u00bb{}\u00a0\u00bb]<\/p>\n<p><span>Vous \u00eates (ou allez devenir) particulier employeur et vous vous sentez un peu perdu avec le CESU, les d\u00e9marches, ou les obligations l\u00e9gales ?<\/span><br \/><span>On a pr\u00e9par\u00e9 un <\/span><strong data-renderer-mark=\"true\">guide complet, simple et gratuit<\/strong><span>, pour vous aider \u00e0 tout comprendre et d\u00e9marrer sereinement.<\/span><\/p>\n<p>[\/et_pb_text][et_pb_button button_url=\u00a0\u00bbhttps:\/\/forms.gle\/GjMWbpTAENkiK3JM8&Prime; button_text=\u00a0\u00bbR\u00e9cup\u00e9rer mon guide CESU\u00a0\u00bb button_alignment=\u00a0\u00bbcenter\u00a0\u00bb _builder_version=\u00a0\u00bb4.27.4&Prime; _module_preset=\u00a0\u00bbdefault\u00a0\u00bb custom_button=\u00a0\u00bbon\u00a0\u00bb button_text_color=\u00a0\u00bb#2E5C9F\u00a0\u00bb button_bg_color=\u00a0\u00bb#FFC600&Prime; button_border_width=\u00a0\u00bb0px\u00a0\u00bb button_font=\u00a0\u00bb|800|||||||\u00a0\u00bb global_colors_info=\u00a0\u00bb{}\u00a0\u00bb][\/et_pb_button][et_pb_text _builder_version=\u00a0\u00bb4.24.2&Prime; _module_preset=\u00a0\u00bbdefault\u00a0\u00bb header_2_font=\u00a0\u00bbABeeZee||||||||\u00a0\u00bb header_2_text_color=\u00a0\u00bb#5800a6&Prime; header_2_font_size=\u00a0\u00bb35px\u00a0\u00bb header_2_font_size_tablet=\u00a0\u00bb35px\u00a0\u00bb header_2_font_size_phone=\u00a0\u00bb30px\u00a0\u00bb header_2_font_size_last_edited=\u00a0\u00bbon|desktop\u00a0\u00bb global_colors_info=\u00a0\u00bb{}\u00a0\u00bb]<\/p>\n<h2><span class=\"ez-toc-section\" id=\"Lembauche_dune_auxiliaire_de_vie_en_CESU\"><\/span><b>L&#8217;embauche d&rsquo;une auxiliaire de vie en CESU<\/b><span class=\"ez-toc-section-end\"><\/span><\/h2>\n<p>[\/et_pb_text][et_pb_text _builder_version=\u00a0\u00bb4.24.2&Prime; _module_preset=\u00a0\u00bbdefault\u00a0\u00bb text_font=\u00a0\u00bbLato||||||||\u00a0\u00bb text_font_size=\u00a0\u00bb18px\u00a0\u00bb text_font_size_tablet=\u00a0\u00bb18px\u00a0\u00bb text_font_size_phone=\u00a0\u00bb18px\u00a0\u00bb text_font_size_last_edited=\u00a0\u00bbon|phone\u00a0\u00bb global_colors_info=\u00a0\u00bb{}\u00a0\u00bb]<\/p>\n<p><span style=\"font-weight: 400;\">Cette particularit\u00e9 pr\u00e9sente un avantage significatif pour vous en tant qu\u2019employeur.<\/span><\/p>\n<p><span style=\"font-weight: 400;\">En effet, 100% des montants que vous versez serviront directement \u00e0 l\u2019aide \u00e0 domicile, une partie dans son porte-monnaie tandis que l\u2019autre sera allou\u00e9e \u00e0 sa protection sociale (pour sa retraite, maladie etc). En optant pour cette solution, vous ne r\u00e9mun\u00e9rez donc pas d\u2019interm\u00e9diaire mandataire ou prestataire.\u00a0<\/span><\/p>\n<p><span style=\"font-weight: 400;\">Cela se traduit par des \u00e9conomies pour vous, tout en garantissant une r\u00e9tribution motivante pour le professionnel qui vous accompagne.<\/span><\/p>\n<p><span style=\"font-weight: 400;\">Un autre point important \u00e0 noter est que l\u2019auxiliaire de vie en CESU a la possibilit\u00e9 de travailler en \u00e9quipe, avec d\u2019autres aides de vie.\u00a0<\/span><\/p>\n<p><span style=\"font-weight: 400;\">Cette approche collaborative est b\u00e9n\u00e9fique dans diverses situations. Notamment lorsque des besoins sp\u00e9cifiques requi\u00e8rent des comp\u00e9tences vari\u00e9es, une assistance plus intensive ou encore une pr\u00e9sence quasi permanente.\u00a0<\/span><\/p>\n<p><span style=\"font-weight: 400;\">De plus, travailler en \u00e9quipe permet d\u2019offrir une continuit\u00e9 de l\u2019accompagnement et une disponibilit\u00e9 accrue pour r\u00e9pondre aux besoins de l\u2019employeur assurant ainsi un soutien optimal au domicile.<\/span><\/p>\n<p>[\/et_pb_text][et_pb_text _builder_version=\u00a0\u00bb4.24.2&Prime; _module_preset=\u00a0\u00bbdefault\u00a0\u00bb header_2_font=\u00a0\u00bbABeeZee||||||||\u00a0\u00bb header_2_text_color=\u00a0\u00bb#5800a6&Prime; header_2_font_size=\u00a0\u00bb35px\u00a0\u00bb header_2_font_size_tablet=\u00a0\u00bb35px\u00a0\u00bb header_2_font_size_phone=\u00a0\u00bb30px\u00a0\u00bb header_2_font_size_last_edited=\u00a0\u00bbon|desktop\u00a0\u00bb global_colors_info=\u00a0\u00bb{}\u00a0\u00bb]<\/p>\n<h2><span class=\"ez-toc-section\" id=\"Que_faire_lorsquon_a_trouve_une_auxiliaire_de_vie_en_CESU\"><\/span><b>Que faire lorsqu&rsquo;on a trouv\u00e9 une auxiliaire de vie en CESU ?<\/b><span class=\"ez-toc-section-end\"><\/span><\/h2>\n<p>[\/et_pb_text][et_pb_text _builder_version=\u00a0\u00bb4.27.4&Prime; _module_preset=\u00a0\u00bbdefault\u00a0\u00bb text_font=\u00a0\u00bbLato||||||||\u00a0\u00bb text_font_size=\u00a0\u00bb18px\u00a0\u00bb hover_enabled=\u00a0\u00bb0&Prime; text_font_size_tablet=\u00a0\u00bb18px\u00a0\u00bb text_font_size_phone=\u00a0\u00bb18px\u00a0\u00bb text_font_size_last_edited=\u00a0\u00bbon|phone\u00a0\u00bb global_colors_info=\u00a0\u00bb{}\u00a0\u00bb sticky_enabled=\u00a0\u00bb0&Prime;]<\/p>\n<h4><span class=\"ez-toc-section\" id=\"_Signature_du_contrat\"><\/span><span style=\"color: #cc99ff;\">\u00a0Signature du contrat :<\/span><span class=\"ez-toc-section-end\"><\/span><\/h4>\n<p><span style=\"font-weight: 400;\">Apr\u00e8s avoir trouv\u00e9 l\u2019auxiliaire de vie en CESU id\u00e9ale, vous devez signer le contrat. Le but est de formaliser les termes de la collaboration, d\u00e9finir les responsabilit\u00e9s, les horaires de travail, la r\u00e9mun\u00e9ration, etc\u2026<\/span><\/p>\n<p><span style=\"font-weight: 400;\">Vous pouvez trouver <\/span><a href=\"https:\/\/www.cesu.urssaf.fr\/info\/files\/pdf\/6237-PE-Contrat-Cesu-CDI.pdf\"><b>un exemplaire de contrat<\/b><\/a><span style=\"font-weight: 400;\"> sur le site Cesu Urssaf.<\/span><\/p>\n<p><span style=\"font-weight: 400;\">Si vous avez besoin de plus d\u2019informations dans la r\u00e9alisation du contrat et\/ou dans votre premi\u00e8re d\u00e9claration, vous pouvez nous contacter sur <\/span><a href=\"mailto:contact@flavi.fr\"><span style=\"font-weight: 400;\">contact@flavi.fr<\/span><\/a><span style=\"font-weight: 400;\">\u00a0<\/span><\/p>\n<h4><span class=\"ez-toc-section\" id=\"La_convention_collective\"><\/span><span style=\"color: #cc99ff;\"><b>La convention collective<\/b><\/span><span class=\"ez-toc-section-end\"><\/span><\/h4>\n<p><span style=\"font-weight: 400;\">En employant une auxiliaire de vie en CESU, votre livre sacr\u00e9 sera la <\/span><b>convention collective<\/b><span style=\"font-weight: 400;\"> !\u00a0<\/span><\/p>\n<p><b>Lire et comprendre la convention collective :<\/b><span style=\"font-weight: 400;\">\u00a0 <\/span><a href=\"https:\/\/www.legifrance.gouv.fr\/conv_coll\/id\/KALICONT000044594539\"><span style=\"font-weight: 400;\">Convention collective nationale des particuliers employeurs et de l\u2019emploi \u00e0 domicile du 15 mars 2021 \u2013 \u00c9tendue par arr\u00eat\u00e9 du 6 octobre 2021 JORF 16 octobre 2021 \u2013 L\u00e9gifrance (legifrance.gouv.fr)<\/span><\/a><\/p>\n<p>[\/et_pb_text][et_pb_text _builder_version=\u00a0\u00bb4.24.2&Prime; _module_preset=\u00a0\u00bbdefault\u00a0\u00bb header_2_font=\u00a0\u00bbABeeZee||||||||\u00a0\u00bb header_2_text_color=\u00a0\u00bb#5800a6&Prime; header_2_font_size=\u00a0\u00bb35px\u00a0\u00bb header_2_font_size_tablet=\u00a0\u00bb35px\u00a0\u00bb header_2_font_size_phone=\u00a0\u00bb30px\u00a0\u00bb header_2_font_size_last_edited=\u00a0\u00bbon|desktop\u00a0\u00bb global_colors_info=\u00a0\u00bb{}\u00a0\u00bb]<\/p>\n<h2><span class=\"ez-toc-section\" id=\"La_plateforme_flavifr\"><\/span><b>La plateforme flavi.fr<\/b><span class=\"ez-toc-section-end\"><\/span><\/h2>\n<p>[\/et_pb_text][et_pb_text _builder_version=\u00a0\u00bb4.24.2&Prime; _module_preset=\u00a0\u00bbdefault\u00a0\u00bb text_font=\u00a0\u00bbLato||||||||\u00a0\u00bb text_font_size=\u00a0\u00bb18px\u00a0\u00bb text_font_size_tablet=\u00a0\u00bb18px\u00a0\u00bb text_font_size_phone=\u00a0\u00bb18px\u00a0\u00bb text_font_size_last_edited=\u00a0\u00bbon|phone\u00a0\u00bb global_colors_info=\u00a0\u00bb{}\u00a0\u00bb]<\/p>\n<p><span style=\"font-weight: 400;\">En tant qu\u2019employeur, vous avez la possibilit\u00e9 de vous cr\u00e9er un compte \u201cparticulier\u201d sur flavi.fr. Vous pourrez ensuite cr\u00e9er une annonce qui sera visible par les auxiliaires de vie. De plus, il est possible de contacter gratuitement les auxiliaires de vie en CESU proches de chez vous.<\/span><\/p>\n<p><span style=\"font-weight: 400;\">Pour plus de renseignements, vous pouvez nous contacter sur <\/span><a href=\"mailto:contact@flavi.fr\"><span style=\"font-weight: 400;\">contact@flavi.fr<\/span><\/a><span style=\"font-weight: 400;\"> ou au 06 33 44 86 57<\/span><\/p>\n<p>[\/et_pb_text][et_pb_button button_url=\u00a0\u00bbhttps:\/\/app.flavi.fr\/recherche-non-connecte\/\u00a0\u00bb button_text=\u00a0\u00bbJE TROUVE UNE AUXILIAIRE DE VIE\u00a0\u00bb button_alignment=\u00a0\u00bbcenter\u00a0\u00bb _builder_version=\u00a0\u00bb4.24.2&Prime; _module_preset=\u00a0\u00bbdefault\u00a0\u00bb custom_button=\u00a0\u00bbon\u00a0\u00bb button_text_color=\u00a0\u00bb#2E5C9F\u00a0\u00bb button_bg_color=\u00a0\u00bb#FFC600&Prime; button_border_width=\u00a0\u00bb0px\u00a0\u00bb button_font=\u00a0\u00bb|800|||||||\u00a0\u00bb global_colors_info=\u00a0\u00bb{}\u00a0\u00bb theme_builder_area=\u00a0\u00bbpost_content\u00a0\u00bb][\/et_pb_button][\/et_pb_column][\/et_pb_row][\/et_pb_section]<\/p>\n","protected":false},"excerpt":{"rendered":"<p>Vous recherchez une association d\u2019aide aux personnes \u00e2g\u00e9es, une aide \u00e0 domicile ind\u00e9pendante, ou une auxiliaire de vie en CESU pour personnes \u00e2g\u00e9es, en perte d\u2019autonomie ou encore en situation de handicap ? Comment chercher une aide ? O\u00f9 chercher ? Comment choisir l\u2019auxiliaire de vie en CESU qui correspond le mieux \u00e0 mes besoins [&hellip;]<\/p>\n","protected":false},"author":1,"featured_media":8502,"comment_status":"open","ping_status":"open","sticky":false,"template":"","format":"aside","meta":{"_et_pb_use_builder":"on","_et_pb_old_content":"","_et_gb_content_width":"","_lmt_disableupdate":"","_lmt_disable":"","_monsterinsights_skip_tracking":false,"_monsterinsights_sitenote_active":false,"_monsterinsights_sitenote_note":"","_monsterinsights_sitenote_category":0,"footnotes":""},"categories":[1],"tags":[],"ppma_author":[41],"class_list":["post-8496","post","type-post","status-publish","format-aside","has-post-thumbnail","hentry","category-articles-pour-particuliers","post_format-post-format-aside"],"yoast_head":"<!-- This site is optimized with the Yoast SEO plugin v27.5 - https:\/\/yoast.com\/product\/yoast-seo-wordpress\/ -->\n<title>Recherche auxiliaire de vie en CESU - Flavi<\/title>\n<meta name=\"description\" content=\"Vous recherchez une auxiliaire de vie en CESU ? Vous souhaitez des informations concernant l\u2019embauche d\u2019une auxiliaire de vie en CESU ?\" \/>\n<meta name=\"robots\" content=\"index, follow, max-snippet:-1, max-image-preview:large, max-video-preview:-1\" \/>\n<link rel=\"canonical\" href=\"https:\/\/flavi.fr\/index.php\/2025\/03\/05\/recherche-auxiliaire-de-vie-en-cesu\/\" \/>\n<meta property=\"og:locale\" content=\"fr_FR\" \/>\n<meta property=\"og:type\" content=\"article\" \/>\n<meta property=\"og:title\" content=\"Recherche auxiliaire de vie en CESU - Flavi\" \/>\n<meta property=\"og:description\" content=\"Vous recherchez une auxiliaire de vie en CESU ? Vous souhaitez des informations concernant l\u2019embauche d\u2019une auxiliaire de vie en CESU ?\" \/>\n<meta property=\"og:url\" content=\"https:\/\/flavi.fr\/index.php\/2025\/03\/05\/recherche-auxiliaire-de-vie-en-cesu\/\" \/>\n<meta property=\"og:site_name\" content=\"Flavi\" \/>\n<meta property=\"article:published_time\" content=\"2025-03-05T08:42:34+00:00\" \/>\n<meta property=\"article:modified_time\" content=\"2025-06-13T07:38:02+00:00\" \/>\n<meta property=\"og:image\" content=\"https:\/\/flavi.fr\/wp-content\/uploads\/2025\/03\/41.jpg\" \/>\n\t<meta property=\"og:image:width\" content=\"1920\" \/>\n\t<meta property=\"og:image:height\" content=\"1080\" \/>\n\t<meta property=\"og:image:type\" content=\"image\/jpeg\" \/>\n<meta name=\"author\" content=\"Flavie, experte CESU\" \/>\n<meta name=\"twitter:card\" content=\"summary_large_image\" \/>\n<meta name=\"twitter:label1\" content=\"\u00c9crit par\" \/>\n\t<meta name=\"twitter:data1\" content=\"Flavie, experte CESU\" \/>\n\t<meta name=\"twitter:label2\" content=\"Dur\u00e9e de lecture estim\u00e9e\" \/>\n\t<meta name=\"twitter:data2\" content=\"4 minutes\" \/>\n<script type=\"application\/ld+json\" class=\"yoast-schema-graph\">{\"@context\":\"https:\\\/\\\/schema.org\",\"@graph\":[{\"@type\":\"Article\",\"@id\":\"https:\\\/\\\/flavi.fr\\\/index.php\\\/2025\\\/03\\\/05\\\/recherche-auxiliaire-de-vie-en-cesu\\\/#article\",\"isPartOf\":{\"@id\":\"https:\\\/\\\/flavi.fr\\\/index.php\\\/2025\\\/03\\\/05\\\/recherche-auxiliaire-de-vie-en-cesu\\\/\"},\"author\":{\"name\":\"Eva Muringer, Fondatrice de Flavi et enseignante\",\"@id\":\"https:\\\/\\\/flavi.fr\\\/#\\\/schema\\\/person\\\/e540732270cd8b3a026a503df4f1ea3d\"},\"headline\":\"Recherche auxiliaire de vie en CESU\",\"datePublished\":\"2025-03-05T08:42:34+00:00\",\"dateModified\":\"2025-06-13T07:38:02+00:00\",\"mainEntityOfPage\":{\"@id\":\"https:\\\/\\\/flavi.fr\\\/index.php\\\/2025\\\/03\\\/05\\\/recherche-auxiliaire-de-vie-en-cesu\\\/\"},\"wordCount\":1306,\"commentCount\":2,\"image\":{\"@id\":\"https:\\\/\\\/flavi.fr\\\/index.php\\\/2025\\\/03\\\/05\\\/recherche-auxiliaire-de-vie-en-cesu\\\/#primaryimage\"},\"thumbnailUrl\":\"https:\\\/\\\/flavi.fr\\\/wp-content\\\/uploads\\\/2025\\\/03\\\/41.jpg\",\"articleSection\":[\"Articles pour particuliers\"],\"inLanguage\":\"fr-FR\",\"potentialAction\":[{\"@type\":\"CommentAction\",\"name\":\"Comment\",\"target\":[\"https:\\\/\\\/flavi.fr\\\/index.php\\\/2025\\\/03\\\/05\\\/recherche-auxiliaire-de-vie-en-cesu\\\/#respond\"]}]},{\"@type\":\"WebPage\",\"@id\":\"https:\\\/\\\/flavi.fr\\\/index.php\\\/2025\\\/03\\\/05\\\/recherche-auxiliaire-de-vie-en-cesu\\\/\",\"url\":\"https:\\\/\\\/flavi.fr\\\/index.php\\\/2025\\\/03\\\/05\\\/recherche-auxiliaire-de-vie-en-cesu\\\/\",\"name\":\"Recherche auxiliaire de vie en CESU - Flavi\",\"isPartOf\":{\"@id\":\"https:\\\/\\\/flavi.fr\\\/#website\"},\"primaryImageOfPage\":{\"@id\":\"https:\\\/\\\/flavi.fr\\\/index.php\\\/2025\\\/03\\\/05\\\/recherche-auxiliaire-de-vie-en-cesu\\\/#primaryimage\"},\"image\":{\"@id\":\"https:\\\/\\\/flavi.fr\\\/index.php\\\/2025\\\/03\\\/05\\\/recherche-auxiliaire-de-vie-en-cesu\\\/#primaryimage\"},\"thumbnailUrl\":\"https:\\\/\\\/flavi.fr\\\/wp-content\\\/uploads\\\/2025\\\/03\\\/41.jpg\",\"datePublished\":\"2025-03-05T08:42:34+00:00\",\"dateModified\":\"2025-06-13T07:38:02+00:00\",\"author\":{\"@id\":\"https:\\\/\\\/flavi.fr\\\/#\\\/schema\\\/person\\\/e540732270cd8b3a026a503df4f1ea3d\"},\"description\":\"Vous recherchez une auxiliaire de vie en CESU ? Vous souhaitez des informations concernant l\u2019embauche d\u2019une auxiliaire de vie en CESU ?\",\"breadcrumb\":{\"@id\":\"https:\\\/\\\/flavi.fr\\\/index.php\\\/2025\\\/03\\\/05\\\/recherche-auxiliaire-de-vie-en-cesu\\\/#breadcrumb\"},\"inLanguage\":\"fr-FR\",\"potentialAction\":[{\"@type\":\"ReadAction\",\"target\":[\"https:\\\/\\\/flavi.fr\\\/index.php\\\/2025\\\/03\\\/05\\\/recherche-auxiliaire-de-vie-en-cesu\\\/\"]}]},{\"@type\":\"ImageObject\",\"inLanguage\":\"fr-FR\",\"@id\":\"https:\\\/\\\/flavi.fr\\\/index.php\\\/2025\\\/03\\\/05\\\/recherche-auxiliaire-de-vie-en-cesu\\\/#primaryimage\",\"url\":\"https:\\\/\\\/flavi.fr\\\/wp-content\\\/uploads\\\/2025\\\/03\\\/41.jpg\",\"contentUrl\":\"https:\\\/\\\/flavi.fr\\\/wp-content\\\/uploads\\\/2025\\\/03\\\/41.jpg\",\"width\":1920,\"height\":1080,\"caption\":\"auxiliaire de vie en CESU avec un particulier employeur\"},{\"@type\":\"BreadcrumbList\",\"@id\":\"https:\\\/\\\/flavi.fr\\\/index.php\\\/2025\\\/03\\\/05\\\/recherche-auxiliaire-de-vie-en-cesu\\\/#breadcrumb\",\"itemListElement\":[{\"@type\":\"ListItem\",\"position\":1,\"name\":\"Accueil\",\"item\":\"https:\\\/\\\/flavi.fr\\\/\"},{\"@type\":\"ListItem\",\"position\":2,\"name\":\"Recherche auxiliaire de vie en CESU\"}]},{\"@type\":\"WebSite\",\"@id\":\"https:\\\/\\\/flavi.fr\\\/#website\",\"url\":\"https:\\\/\\\/flavi.fr\\\/\",\"name\":\"Flavi\",\"description\":\"auxiliaires de vie ind\u00e9pendantes\",\"potentialAction\":[{\"@type\":\"SearchAction\",\"target\":{\"@type\":\"EntryPoint\",\"urlTemplate\":\"https:\\\/\\\/flavi.fr\\\/?s={search_term_string}\"},\"query-input\":{\"@type\":\"PropertyValueSpecification\",\"valueRequired\":true,\"valueName\":\"search_term_string\"}}],\"inLanguage\":\"fr-FR\"},{\"@type\":\"Person\",\"@id\":\"https:\\\/\\\/flavi.fr\\\/#\\\/schema\\\/person\\\/e540732270cd8b3a026a503df4f1ea3d\",\"name\":\"Eva Muringer, Fondatrice de Flavi et enseignante\",\"image\":{\"@type\":\"ImageObject\",\"inLanguage\":\"fr-FR\",\"@id\":\"https:\\\/\\\/secure.gravatar.com\\\/avatar\\\/c30b4e242c14546872cc63671192d7e6cac888c35741f84be86494a741cfb896?s=96&d=mm&r=g1e593406708024e749a1e9e33b45acc9\",\"url\":\"https:\\\/\\\/secure.gravatar.com\\\/avatar\\\/c30b4e242c14546872cc63671192d7e6cac888c35741f84be86494a741cfb896?s=96&d=mm&r=g\",\"contentUrl\":\"https:\\\/\\\/secure.gravatar.com\\\/avatar\\\/c30b4e242c14546872cc63671192d7e6cac888c35741f84be86494a741cfb896?s=96&d=mm&r=g\",\"caption\":\"Eva Muringer, Fondatrice de Flavi et enseignante\"},\"sameAs\":[\"https:\\\/\\\/www.flavi.fr\"],\"url\":\"https:\\\/\\\/flavi.fr\\\/index.php\\\/author\\\/admin7211\\\/\"}]}<\/script>\n<!-- \/ Yoast SEO plugin. -->","yoast_head_json":{"title":"Recherche auxiliaire de vie en CESU - Flavi","description":"Vous recherchez une auxiliaire de vie en CESU ? Vous souhaitez des informations concernant l\u2019embauche d\u2019une auxiliaire de vie en CESU ?","robots":{"index":"index","follow":"follow","max-snippet":"max-snippet:-1","max-image-preview":"max-image-preview:large","max-video-preview":"max-video-preview:-1"},"canonical":"https:\/\/flavi.fr\/index.php\/2025\/03\/05\/recherche-auxiliaire-de-vie-en-cesu\/","og_locale":"fr_FR","og_type":"article","og_title":"Recherche auxiliaire de vie en CESU - Flavi","og_description":"Vous recherchez une auxiliaire de vie en CESU ? Vous souhaitez des informations concernant l\u2019embauche d\u2019une auxiliaire de vie en CESU ?","og_url":"https:\/\/flavi.fr\/index.php\/2025\/03\/05\/recherche-auxiliaire-de-vie-en-cesu\/","og_site_name":"Flavi","article_published_time":"2025-03-05T08:42:34+00:00","article_modified_time":"2025-06-13T07:38:02+00:00","og_image":[{"width":1920,"height":1080,"url":"https:\/\/flavi.fr\/wp-content\/uploads\/2025\/03\/41.jpg","type":"image\/jpeg"}],"author":"Flavie, experte CESU","twitter_card":"summary_large_image","twitter_misc":{"\u00c9crit par":"Flavie, experte CESU","Dur\u00e9e de lecture estim\u00e9e":"4 minutes"},"schema":{"@context":"https:\/\/schema.org","@graph":[{"@type":"Article","@id":"https:\/\/flavi.fr\/index.php\/2025\/03\/05\/recherche-auxiliaire-de-vie-en-cesu\/#article","isPartOf":{"@id":"https:\/\/flavi.fr\/index.php\/2025\/03\/05\/recherche-auxiliaire-de-vie-en-cesu\/"},"author":{"name":"Eva Muringer, Fondatrice de Flavi et enseignante","@id":"https:\/\/flavi.fr\/#\/schema\/person\/e540732270cd8b3a026a503df4f1ea3d"},"headline":"Recherche auxiliaire de vie en CESU","datePublished":"2025-03-05T08:42:34+00:00","dateModified":"2025-06-13T07:38:02+00:00","mainEntityOfPage":{"@id":"https:\/\/flavi.fr\/index.php\/2025\/03\/05\/recherche-auxiliaire-de-vie-en-cesu\/"},"wordCount":1306,"commentCount":2,"image":{"@id":"https:\/\/flavi.fr\/index.php\/2025\/03\/05\/recherche-auxiliaire-de-vie-en-cesu\/#primaryimage"},"thumbnailUrl":"https:\/\/flavi.fr\/wp-content\/uploads\/2025\/03\/41.jpg","articleSection":["Articles pour particuliers"],"inLanguage":"fr-FR","potentialAction":[{"@type":"CommentAction","name":"Comment","target":["https:\/\/flavi.fr\/index.php\/2025\/03\/05\/recherche-auxiliaire-de-vie-en-cesu\/#respond"]}]},{"@type":"WebPage","@id":"https:\/\/flavi.fr\/index.php\/2025\/03\/05\/recherche-auxiliaire-de-vie-en-cesu\/","url":"https:\/\/flavi.fr\/index.php\/2025\/03\/05\/recherche-auxiliaire-de-vie-en-cesu\/","name":"Recherche auxiliaire de vie en CESU - Flavi","isPartOf":{"@id":"https:\/\/flavi.fr\/#website"},"primaryImageOfPage":{"@id":"https:\/\/flavi.fr\/index.php\/2025\/03\/05\/recherche-auxiliaire-de-vie-en-cesu\/#primaryimage"},"image":{"@id":"https:\/\/flavi.fr\/index.php\/2025\/03\/05\/recherche-auxiliaire-de-vie-en-cesu\/#primaryimage"},"thumbnailUrl":"https:\/\/flavi.fr\/wp-content\/uploads\/2025\/03\/41.jpg","datePublished":"2025-03-05T08:42:34+00:00","dateModified":"2025-06-13T07:38:02+00:00","author":{"@id":"https:\/\/flavi.fr\/#\/schema\/person\/e540732270cd8b3a026a503df4f1ea3d"},"description":"Vous recherchez une auxiliaire de vie en CESU ? Vous souhaitez des informations concernant l\u2019embauche d\u2019une auxiliaire de vie en CESU ?","breadcrumb":{"@id":"https:\/\/flavi.fr\/index.php\/2025\/03\/05\/recherche-auxiliaire-de-vie-en-cesu\/#breadcrumb"},"inLanguage":"fr-FR","potentialAction":[{"@type":"ReadAction","target":["https:\/\/flavi.fr\/index.php\/2025\/03\/05\/recherche-auxiliaire-de-vie-en-cesu\/"]}]},{"@type":"ImageObject","inLanguage":"fr-FR","@id":"https:\/\/flavi.fr\/index.php\/2025\/03\/05\/recherche-auxiliaire-de-vie-en-cesu\/#primaryimage","url":"https:\/\/flavi.fr\/wp-content\/uploads\/2025\/03\/41.jpg","contentUrl":"https:\/\/flavi.fr\/wp-content\/uploads\/2025\/03\/41.jpg","width":1920,"height":1080,"caption":"auxiliaire de vie en CESU avec un particulier employeur"},{"@type":"BreadcrumbList","@id":"https:\/\/flavi.fr\/index.php\/2025\/03\/05\/recherche-auxiliaire-de-vie-en-cesu\/#breadcrumb","itemListElement":[{"@type":"ListItem","position":1,"name":"Accueil","item":"https:\/\/flavi.fr\/"},{"@type":"ListItem","position":2,"name":"Recherche auxiliaire de vie en CESU"}]},{"@type":"WebSite","@id":"https:\/\/flavi.fr\/#website","url":"https:\/\/flavi.fr\/","name":"Flavi","description":"auxiliaires de vie ind\u00e9pendantes","potentialAction":[{"@type":"SearchAction","target":{"@type":"EntryPoint","urlTemplate":"https:\/\/flavi.fr\/?s={search_term_string}"},"query-input":{"@type":"PropertyValueSpecification","valueRequired":true,"valueName":"search_term_string"}}],"inLanguage":"fr-FR"},{"@type":"Person","@id":"https:\/\/flavi.fr\/#\/schema\/person\/e540732270cd8b3a026a503df4f1ea3d","name":"Eva Muringer, Fondatrice de Flavi et enseignante","image":{"@type":"ImageObject","inLanguage":"fr-FR","@id":"https:\/\/secure.gravatar.com\/avatar\/c30b4e242c14546872cc63671192d7e6cac888c35741f84be86494a741cfb896?s=96&d=mm&r=g1e593406708024e749a1e9e33b45acc9","url":"https:\/\/secure.gravatar.com\/avatar\/c30b4e242c14546872cc63671192d7e6cac888c35741f84be86494a741cfb896?s=96&d=mm&r=g","contentUrl":"https:\/\/secure.gravatar.com\/avatar\/c30b4e242c14546872cc63671192d7e6cac888c35741f84be86494a741cfb896?s=96&d=mm&r=g","caption":"Eva Muringer, Fondatrice de Flavi et enseignante"},"sameAs":["https:\/\/www.flavi.fr"],"url":"https:\/\/flavi.fr\/index.php\/author\/admin7211\/"}]}},"modified_by":"Eva Muringer, Fondatrice de Flavi et enseignante","authors":[{"term_id":41,"user_id":1,"is_guest":0,"slug":"admin7211","display_name":"Flavie, experte CESU","avatar_url":"https:\/\/secure.gravatar.com\/avatar\/c30b4e242c14546872cc63671192d7e6cac888c35741f84be86494a741cfb896?s=96&d=mm&r=g","1":"","2":"","3":"","4":"","5":"","6":"","7":"","8":""}],"_links":{"self":[{"href":"https:\/\/flavi.fr\/index.php\/wp-json\/wp\/v2\/posts\/8496","targetHints":{"allow":["GET"]}}],"collection":[{"href":"https:\/\/flavi.fr\/index.php\/wp-json\/wp\/v2\/posts"}],"about":[{"href":"https:\/\/flavi.fr\/index.php\/wp-json\/wp\/v2\/types\/post"}],"author":[{"embeddable":true,"href":"https:\/\/flavi.fr\/index.php\/wp-json\/wp\/v2\/users\/1"}],"replies":[{"embeddable":true,"href":"https:\/\/flavi.fr\/index.php\/wp-json\/wp\/v2\/comments?post=8496"}],"version-history":[{"count":0,"href":"https:\/\/flavi.fr\/index.php\/wp-json\/wp\/v2\/posts\/8496\/revisions"}],"wp:featuredmedia":[{"embeddable":true,"href":"https:\/\/flavi.fr\/index.php\/wp-json\/wp\/v2\/media\/8502"}],"wp:attachment":[{"href":"https:\/\/flavi.fr\/index.php\/wp-json\/wp\/v2\/media?parent=8496"}],"wp:term":[{"taxonomy":"category","embeddable":true,"href":"https:\/\/flavi.fr\/index.php\/wp-json\/wp\/v2\/categories?post=8496"},{"taxonomy":"post_tag","embeddable":true,"href":"https:\/\/flavi.fr\/index.php\/wp-json\/wp\/v2\/tags?post=8496"},{"taxonomy":"author","embeddable":true,"href":"https:\/\/flavi.fr\/index.php\/wp-json\/wp\/v2\/ppma_author?post=8496"}],"curies":[{"name":"wp","href":"https:\/\/api.w.org\/{rel}","templated":true}]}}