{"id":8393,"date":"2025-01-29T08:19:16","date_gmt":"2025-01-29T07:19:16","guid":{"rendered":"https:\/\/flavi.fr\/?p=8393"},"modified":"2026-02-19T13:37:27","modified_gmt":"2026-02-19T12:37:27","slug":"comment-se-passent-les-contrats-en-cesu","status":"publish","type":"post","link":"https:\/\/flavi.fr\/index.php\/2025\/01\/29\/comment-se-passent-les-contrats-en-cesu\/","title":{"rendered":"Comment se passent les contrats en CESU ?"},"content":{"rendered":"<p>[et_pb_section fb_built=\u00a0\u00bb1&Prime; _builder_version=\u00a0\u00bb4.24.2&Prime; _module_preset=\u00a0\u00bbdefault\u00a0\u00bb global_colors_info=\u00a0\u00bb{}\u00a0\u00bb][et_pb_row _builder_version=\u00a0\u00bb4.24.2&Prime; _module_preset=\u00a0\u00bbdefault\u00a0\u00bb global_colors_info=\u00a0\u00bb{}\u00a0\u00bb][et_pb_column type=\u00a0\u00bb4_4&Prime; _builder_version=\u00a0\u00bb4.24.2&Prime; _module_preset=\u00a0\u00bbdefault\u00a0\u00bb global_colors_info=\u00a0\u00bb{}\u00a0\u00bb][et_pb_text _builder_version=\u00a0\u00bb4.24.2&Prime; _module_preset=\u00a0\u00bbdefault\u00a0\u00bb header_2_font=\u00a0\u00bbABeeZee||||||||\u00a0\u00bb header_2_text_color=\u00a0\u00bb#5800a6&Prime; header_2_font_size=\u00a0\u00bb35px\u00a0\u00bb header_2_font_size_tablet=\u00a0\u00bb35px\u00a0\u00bb header_2_font_size_phone=\u00a0\u00bb30px\u00a0\u00bb header_2_font_size_last_edited=\u00a0\u00bbon|desktop\u00a0\u00bb global_colors_info=\u00a0\u00bb{}\u00a0\u00bb]<\/p>\n<div id=\"ez-toc-container\" class=\"ez-toc-v2_0_82_2 ez-toc-wrap-center counter-hierarchy ez-toc-counter ez-toc-custom ez-toc-container-direction\">\n<div class=\"ez-toc-title-container\">\n<p class=\"ez-toc-title\" style=\"cursor:inherit\">Sommaire<\/p>\n<span class=\"ez-toc-title-toggle\"><a href=\"#\" class=\"ez-toc-pull-right ez-toc-btn ez-toc-btn-xs ez-toc-btn-default ez-toc-toggle\" aria-label=\"Toggle Table of Content\"><span class=\"ez-toc-js-icon-con\"><span class=\"\"><span class=\"eztoc-hide\" style=\"display:none;\">Toggle<\/span><span class=\"ez-toc-icon-toggle-span\"><svg style=\"fill: #000000;color:#000000\" xmlns=\"http:\/\/www.w3.org\/2000\/svg\" class=\"list-377408\" width=\"20px\" height=\"20px\" viewBox=\"0 0 24 24\" fill=\"none\"><path d=\"M6 6H4v2h2V6zm14 0H8v2h12V6zM4 11h2v2H4v-2zm16 0H8v2h12v-2zM4 16h2v2H4v-2zm16 0H8v2h12v-2z\" fill=\"currentColor\"><\/path><\/svg><svg style=\"fill: #000000;color:#000000\" class=\"arrow-unsorted-368013\" xmlns=\"http:\/\/www.w3.org\/2000\/svg\" width=\"10px\" height=\"10px\" viewBox=\"0 0 24 24\" version=\"1.2\" baseProfile=\"tiny\"><path d=\"M18.2 9.3l-6.2-6.3-6.2 6.3c-.2.2-.3.4-.3.7s.1.5.3.7c.2.2.4.3.7.3h11c.3 0 .5-.1.7-.3.2-.2.3-.5.3-.7s-.1-.5-.3-.7zM5.8 14.7l6.2 6.3 6.2-6.3c.2-.2.3-.5.3-.7s-.1-.5-.3-.7c-.2-.2-.4-.3-.7-.3h-11c-.3 0-.5.1-.7.3-.2.2-.3.5-.3.7s.1.5.3.7z\"\/><\/svg><\/span><\/span><\/span><\/a><\/span><\/div>\n<nav><ul class='ez-toc-list ez-toc-list-level-1 ' ><li class='ez-toc-page-1 ez-toc-heading-level-2'><a class=\"ez-toc-link ez-toc-heading-1\" href=\"https:\/\/flavi.fr\/index.php\/2025\/01\/29\/comment-se-passent-les-contrats-en-cesu\/#Rappel_du_CESU\" >Rappel du CESU :<\/a><\/li><li class='ez-toc-page-1 ez-toc-heading-level-2'><a class=\"ez-toc-link ez-toc-heading-2\" href=\"https:\/\/flavi.fr\/index.php\/2025\/01\/29\/comment-se-passent-les-contrats-en-cesu\/#Pourquoi_opter_pour_un_contrat_de_travail_en_CESU\" >Pourquoi opter pour un contrat de travail en CESU ?<\/a><\/li><li class='ez-toc-page-1 ez-toc-heading-level-2'><a class=\"ez-toc-link ez-toc-heading-3\" href=\"https:\/\/flavi.fr\/index.php\/2025\/01\/29\/comment-se-passent-les-contrats-en-cesu\/#Comment_rediger_et_formaliser_un_contrat_en_CESU\" >Comment r\u00e9diger et formaliser un contrat en CESU ?<\/a><\/li><li class='ez-toc-page-1 ez-toc-heading-level-2'><a class=\"ez-toc-link ez-toc-heading-4\" href=\"https:\/\/flavi.fr\/index.php\/2025\/01\/29\/comment-se-passent-les-contrats-en-cesu\/#Les_obligations_a_respecter_en_tant_que_particulier_employeur\" >Les obligations \u00e0 respecter en tant que particulier employeur<\/a><\/li><li class='ez-toc-page-1 ez-toc-heading-level-2'><a class=\"ez-toc-link ez-toc-heading-5\" href=\"https:\/\/flavi.fr\/index.php\/2025\/01\/29\/comment-se-passent-les-contrats-en-cesu\/#Les_droits_des_salaries_declares_en_CESU\" >Les droits des salari\u00e9s d\u00e9clar\u00e9s en CESU<\/a><\/li><li class='ez-toc-page-1 ez-toc-heading-level-2'><a class=\"ez-toc-link ez-toc-heading-6\" href=\"https:\/\/flavi.fr\/index.php\/2025\/01\/29\/comment-se-passent-les-contrats-en-cesu\/#Les_avantages_fiscaux_pour_lemployeur\" >Les avantages fiscaux pour l\u2019employeur<\/a><\/li><li class='ez-toc-page-1 ez-toc-heading-level-2'><a class=\"ez-toc-link ez-toc-heading-7\" href=\"https:\/\/flavi.fr\/index.php\/2025\/01\/29\/comment-se-passent-les-contrats-en-cesu\/#Comment_declarer_et_payer_les_salaires_en_CESU\" >Comment d\u00e9clarer et payer les salaires en CESU ?<\/a><\/li><\/ul><\/nav><\/div>\n<h2><span class=\"ez-toc-section\" id=\"Rappel_du_CESU\"><\/span><strong>Rappel du CESU : <\/strong><span class=\"ez-toc-section-end\"><\/span><\/h2>\n<p>[\/et_pb_text][et_pb_text _builder_version=\u00a0\u00bb4.27.4&Prime; _module_preset=\u00a0\u00bbdefault\u00a0\u00bb text_font=\u00a0\u00bbLato||||||||\u00a0\u00bb text_font_size=\u00a0\u00bb18px\u00a0\u00bb text_font_size_tablet=\u00a0\u00bb18px\u00a0\u00bb text_font_size_phone=\u00a0\u00bb18px\u00a0\u00bb text_font_size_last_edited=\u00a0\u00bbon|phone\u00a0\u00bb global_colors_info=\u00a0\u00bb{}\u00a0\u00bb]<\/p>\n<p><span style=\"font-weight: 400;\">Le Cesu, service de l\u2019URSSAF, simplifie la d\u00e9claration de r\u00e9mun\u00e9ration pour les services \u00e0 domicile. Cela s\u2019adresse \u00e0 tous les particuliers employeurs pour plusieurs besoins. Par exemple, il peut y avoir l\u2019am\u00e9lioration du quotidien, le soutien aux personnes \u00e2g\u00e9es ou handicap\u00e9es ou m\u00eame quelques heures de m\u00e9nage.<\/span><\/p>\n<p><span style=\"font-weight: 400;\">Le CESU garantit \u00e9galement des droits sociaux pour les salari\u00e9s, tels que l\u2019assurance maladie, le ch\u00f4mage ainsi que la retraite.\u00a0<\/span><\/p>\n<p><span style=\"font-weight: 400;\">Ce mode de d\u00e9claration peut \u00eatre utilis\u00e9 de mani\u00e8re r\u00e9guli\u00e8re ou occasionnelle, pour des emplois \u00e0 temps partiel ou \u00e0 temps plein.<\/span><\/p>\n<p><span style=\"font-weight: 400;\">Pour vous aider \u00e0 faire des estimations de co\u00fbt en CESU , vous pouvez consulter le simulateur du cesu : <\/span><a href=\"https:\/\/www.cesu.urssaf.fr\/info\/accueil\/estimateurs.html\"><span style=\"font-weight: 400;\">Estimateurs \u2013 <\/span><\/a><span style=\"font-weight: 400;\"><a href=\"http:\/\/www.cesu.urssaf.fr\">www.cesu.urssaf.fr<\/a><a href=\"http:\/\/www.cesu.urssaf.fr\"><\/a><\/span><\/p>\n<p><span style=\"font-weight: 400;\"><span data-sheets-root=\"1\">Vous \u00eates (ou allez devenir) particulier employeur et vous vous sentez un peu perdu avec le CESU, les d\u00e9marches, ou les obligations l\u00e9gales ?<br \/>On a pr\u00e9par\u00e9 un <strong data-renderer-mark=\"true\">guide complet, simple et gratuit<\/strong>, pour vous aider \u00e0 tout comprendre et d\u00e9marrer sereinement.<\/span><\/span><\/p>\n<p>[\/et_pb_text][et_pb_button button_url=\u00a0\u00bbhttps:\/\/forms.gle\/GjMWbpTAENkiK3JM8&Prime; button_text=\u00a0\u00bbR\u00e9cup\u00e9rer mon guide CESU\u00a0\u00bb _builder_version=\u00a0\u00bb4.27.4&Prime; _module_preset=\u00a0\u00bbdefault\u00a0\u00bb custom_button=\u00a0\u00bbon\u00a0\u00bb button_text_color=\u00a0\u00bb#2E5C9F\u00a0\u00bb button_bg_color=\u00a0\u00bb#FFC600&Prime; button_border_width=\u00a0\u00bb0px\u00a0\u00bb button_font=\u00a0\u00bb|800|||||||\u00a0\u00bb global_colors_info=\u00a0\u00bb{}\u00a0\u00bb][\/et_pb_button][et_pb_text _builder_version=\u00a0\u00bb4.24.2&Prime; _module_preset=\u00a0\u00bbdefault\u00a0\u00bb header_2_font=\u00a0\u00bbABeeZee||||||||\u00a0\u00bb header_2_text_color=\u00a0\u00bb#5800a6&Prime; header_2_font_size=\u00a0\u00bb35px\u00a0\u00bb header_2_font_size_tablet=\u00a0\u00bb35px\u00a0\u00bb header_2_font_size_phone=\u00a0\u00bb30px\u00a0\u00bb header_2_font_size_last_edited=\u00a0\u00bbon|desktop\u00a0\u00bb global_colors_info=\u00a0\u00bb{}\u00a0\u00bb]<\/p>\n<h2><span class=\"ez-toc-section\" id=\"Pourquoi_opter_pour_un_contrat_de_travail_en_CESU\"><\/span><b>Pourquoi opter pour un contrat de travail en CESU ?<\/b><span class=\"ez-toc-section-end\"><\/span><\/h2>\n<p>[\/et_pb_text][et_pb_text _builder_version=\u00a0\u00bb4.24.2&Prime; _module_preset=\u00a0\u00bbdefault\u00a0\u00bb text_font=\u00a0\u00bbLato||||||||\u00a0\u00bb text_font_size=\u00a0\u00bb18px\u00a0\u00bb text_font_size_tablet=\u00a0\u00bb18px\u00a0\u00bb text_font_size_phone=\u00a0\u00bb18px\u00a0\u00bb text_font_size_last_edited=\u00a0\u00bbon|phone\u00a0\u00bb global_colors_info=\u00a0\u00bb{}\u00a0\u00bb]<\/p>\n<ul>\n<li style=\"font-weight: 400;\" aria-level=\"1\"><b>Conformit\u00e9 l\u00e9gale<\/b><span style=\"font-weight: 400;\"> : Le contrat est obligatoire d\u00e8s que le salari\u00e9 travaille r\u00e9guli\u00e8rement, m\u00eame \u00e0 temps partiel.<\/span><\/li>\n<li style=\"font-weight: 400;\" aria-level=\"1\"><b>Clart\u00e9 pour les deux parties<\/b><span style=\"font-weight: 400;\"> : Il fixe les modalit\u00e9s de travail, limite les litiges et prot\u00e8ge autant l\u2019employeur que le salari\u00e9.<\/span><\/li>\n<li style=\"font-weight: 400;\" aria-level=\"1\"><b>Reconnaissance des droits du salari\u00e9<\/b><span style=\"font-weight: 400;\"> : Cong\u00e9s pay\u00e9s, salaire conforme au SMIC ou \u00e0 la convention collective, et acc\u00e8s aux prestations sociales.<\/span><\/li>\n<\/ul>\n<p>[\/et_pb_text][et_pb_text _builder_version=\u00a0\u00bb4.24.2&Prime; _module_preset=\u00a0\u00bbdefault\u00a0\u00bb header_2_font=\u00a0\u00bbABeeZee||||||||\u00a0\u00bb header_2_text_color=\u00a0\u00bb#5800a6&Prime; header_2_font_size=\u00a0\u00bb35px\u00a0\u00bb header_2_font_size_tablet=\u00a0\u00bb35px\u00a0\u00bb header_2_font_size_phone=\u00a0\u00bb30px\u00a0\u00bb header_2_font_size_last_edited=\u00a0\u00bbon|desktop\u00a0\u00bb global_colors_info=\u00a0\u00bb{}\u00a0\u00bb]<\/p>\n<h2><span class=\"ez-toc-section\" id=\"Comment_rediger_et_formaliser_un_contrat_en_CESU\"><\/span><b>Comment r\u00e9diger et formaliser un contrat en CESU ?<\/b><span class=\"ez-toc-section-end\"><\/span><\/h2>\n<p>[\/et_pb_text][et_pb_text _builder_version=\u00a0\u00bb4.24.2&Prime; _module_preset=\u00a0\u00bbdefault\u00a0\u00bb text_font=\u00a0\u00bbLato||||||||\u00a0\u00bb text_font_size=\u00a0\u00bb18px\u00a0\u00bb text_font_size_tablet=\u00a0\u00bb18px\u00a0\u00bb text_font_size_phone=\u00a0\u00bb18px\u00a0\u00bb text_font_size_last_edited=\u00a0\u00bbon|phone\u00a0\u00bb global_colors_info=\u00a0\u00bb{}\u00a0\u00bb]<\/p>\n<p><b>Les \u00e9l\u00e9ments indispensables au contrat<\/b><span style=\"font-weight: 400;\"> :<\/span><\/p>\n<ul>\n<li style=\"list-style-type: none;\">\n<ul>\n<li style=\"font-weight: 400;\" aria-level=\"2\"><span style=\"font-weight: 400;\">Identification des parties\u00a0<\/span><\/li>\n<li style=\"font-weight: 400;\" aria-level=\"2\"><span style=\"font-weight: 400;\">N\u00b0 d\u2019identification employeur<\/span><\/li>\n<li style=\"font-weight: 400;\" aria-level=\"2\"><span style=\"font-weight: 400;\">N\u00b0 de s\u00e9curit\u00e9 sociale du salari\u00e9\u00a0\u00a0<\/span><\/li>\n<li style=\"font-weight: 400;\" aria-level=\"2\"><span style=\"font-weight: 400;\">Date d\u2019embauche<\/span><\/li>\n<li style=\"font-weight: 400;\" aria-level=\"2\"><span style=\"font-weight: 400;\">Assurance du v\u00e9hicule du salari\u00e9 si utilis\u00e9 pour transporter l\u2019employeur<\/span><\/li>\n<li style=\"font-weight: 400;\" aria-level=\"2\"><span style=\"font-weight: 400;\">Emploi occup\u00e9<\/span><\/li>\n<li style=\"font-weight: 400;\" aria-level=\"2\"><span style=\"font-weight: 400;\">Dur\u00e9e de la p\u00e9riode d\u2019essai<\/span><\/li>\n<li style=\"font-weight: 400;\" aria-level=\"2\"><span style=\"font-weight: 400;\">Dur\u00e9e du travail<\/span><\/li>\n<li style=\"font-weight: 400;\" aria-level=\"2\"><span style=\"font-weight: 400;\">Lieu de travail\u00a0<\/span><\/li>\n<li style=\"font-weight: 400;\" aria-level=\"2\"><span style=\"font-weight: 400;\">R\u00e9mun\u00e9ration incluant le salaire horaire et la date de paiement mensuel du salaire\u00a0<\/span><\/li>\n<li style=\"font-weight: 400;\" aria-level=\"2\"><span style=\"font-weight: 400;\">Jours f\u00e9ri\u00e9s travaill\u00e9s et la majoration aff\u00e9rente\u00a0<\/span><\/li>\n<li style=\"font-weight: 400;\" aria-level=\"2\"><span style=\"font-weight: 400;\">Repos hebdomadaire\u00a0<\/span><\/li>\n<li style=\"font-weight: 400;\" aria-level=\"2\"><span style=\"font-weight: 400;\">Cong\u00e9s pay\u00e9s<\/span><\/li>\n<\/ul>\n<\/li>\n<li style=\"font-weight: 400;\" aria-level=\"1\"><b>Les mod\u00e8les de contrat<\/b><span style=\"font-weight: 400;\"> : ressources disponibles sur l&rsquo;URSSAF ou Pajemploi.<\/span><\/li>\n<\/ul>\n<p>[\/et_pb_text][et_pb_text _builder_version=\u00a0\u00bb4.24.2&Prime; _module_preset=\u00a0\u00bbdefault\u00a0\u00bb header_2_font=\u00a0\u00bbABeeZee||||||||\u00a0\u00bb header_2_text_color=\u00a0\u00bb#5800a6&Prime; header_2_font_size=\u00a0\u00bb35px\u00a0\u00bb header_2_font_size_tablet=\u00a0\u00bb35px\u00a0\u00bb header_2_font_size_phone=\u00a0\u00bb30px\u00a0\u00bb header_2_font_size_last_edited=\u00a0\u00bbon|desktop\u00a0\u00bb global_colors_info=\u00a0\u00bb{}\u00a0\u00bb]<\/p>\n<h2><span class=\"ez-toc-section\" id=\"Les_obligations_a_respecter_en_tant_que_particulier_employeur\"><\/span><b>Les obligations \u00e0 respecter en tant que particulier employeur <\/b><span class=\"ez-toc-section-end\"><\/span><\/h2>\n<p>[\/et_pb_text][et_pb_text _builder_version=\u00a0\u00bb4.27.4&Prime; _module_preset=\u00a0\u00bbdefault\u00a0\u00bb text_font=\u00a0\u00bbLato||||||||\u00a0\u00bb text_font_size=\u00a0\u00bb18px\u00a0\u00bb hover_enabled=\u00a0\u00bb0&Prime; text_font_size_tablet=\u00a0\u00bb18px\u00a0\u00bb text_font_size_phone=\u00a0\u00bb18px\u00a0\u00bb text_font_size_last_edited=\u00a0\u00bbon|phone\u00a0\u00bb global_colors_info=\u00a0\u00bb{}\u00a0\u00bb sticky_enabled=\u00a0\u00bb0&Prime;]<\/p>\n<p><span style=\"font-weight: 400;\">En <\/span><b>employant une aide \u00e0 domicile<\/b><span style=\"font-weight: 400;\">, vous devez respecter certaines obligations telles que :<\/span><\/p>\n<ul>\n<li style=\"font-weight: 400;\" aria-level=\"1\"><span style=\"font-weight: 400;\">l\u2019<\/span><b>\u00e9tablissement d\u2019un contrat de travail<\/b><\/li>\n<li style=\"font-weight: 400;\" aria-level=\"1\"><span style=\"font-weight: 400;\">l\u2019<\/span><b>affiliation au centre national cesu<\/b><\/li>\n<li style=\"font-weight: 400;\" aria-level=\"1\"><span style=\"font-weight: 400;\">le <\/span><b>respect du droit du travail<\/b><span style=\"font-weight: 400;\"> : cong\u00e9s pay\u00e9s, absences, fin de contrat, etc\u2026<\/span><\/li>\n<li style=\"font-weight: 400;\" aria-level=\"1\"><span style=\"font-weight: 400;\">l\u2019<\/span><b>affiliation \u00e0 un service de sant\u00e9 au travail <\/b><span style=\"font-weight: 400;\">(automatique \u00e0 compter de janvier 2025 pour certains d\u00e9partements, effective sur tout le territoire d\u2019ici 2027 maximum)<\/span><\/li>\n<\/ul>\n<p><span style=\"font-weight: 400;\">Si vous avez des questions \u00e0 ce sujet, rejoignez la <\/span><b>communaut\u00e9 Flavi sur facebook.<\/b><span style=\"font-weight: 400;\"> Chaque jour, nous r\u00e9pondons \u00e0 vos <\/span><b>questions<\/b><span style=\"font-weight: 400;\"> : <a href=\"https:\/\/www.facebook.com\/groups\/1240442564778897\">Aides \u00e0 domicile en CESU \u2013 Droits, m\u00e9tiers et \u00e9volutions (Communaut\u00e9 Flavi) | Facebook<\/a><\/span><\/p>\n<p><span style=\"font-weight: 400;\">Le <\/span><b>Cesu<\/b><span style=\"font-weight: 400;\"> facilite l\u2019<\/span><b>embauche et la r\u00e9mun\u00e9ration d\u2019un employ\u00e9<\/b><span style=\"font-weight: 400;\">, alors <\/span><b>n\u2019attendez plus et embauchez une aide de vie en cesu du r\u00e9seau Flavi !<\/b><\/p>\n<p>[\/et_pb_text][et_pb_button button_url=\u00a0\u00bbhttps:\/\/app.flavi.fr\/recherche-non-connecte\/\u00a0\u00bb button_text=\u00a0\u00bbJE TROUVE UNE AUXILIAIRE DE VIE\u00a0\u00bb _builder_version=\u00a0\u00bb4.24.2&Prime; _module_preset=\u00a0\u00bbdefault\u00a0\u00bb custom_button=\u00a0\u00bbon\u00a0\u00bb button_text_color=\u00a0\u00bb#2E5C9F\u00a0\u00bb button_bg_color=\u00a0\u00bb#FFC600&Prime; button_border_width=\u00a0\u00bb0px\u00a0\u00bb button_font=\u00a0\u00bb|800|||||||\u00a0\u00bb global_colors_info=\u00a0\u00bb{}\u00a0\u00bb][\/et_pb_button][et_pb_text _builder_version=\u00a0\u00bb4.24.2&Prime; _module_preset=\u00a0\u00bbdefault\u00a0\u00bb header_2_font=\u00a0\u00bbABeeZee||||||||\u00a0\u00bb header_2_text_color=\u00a0\u00bb#5800a6&Prime; header_2_font_size=\u00a0\u00bb35px\u00a0\u00bb header_2_font_size_tablet=\u00a0\u00bb35px\u00a0\u00bb header_2_font_size_phone=\u00a0\u00bb30px\u00a0\u00bb header_2_font_size_last_edited=\u00a0\u00bbon|desktop\u00a0\u00bb global_colors_info=\u00a0\u00bb{}\u00a0\u00bb]<\/p>\n<h2><span class=\"ez-toc-section\" id=\"Les_droits_des_salaries_declares_en_CESU\"><\/span><b>Les droits des salari\u00e9s d\u00e9clar\u00e9s en CESU<\/b><span class=\"ez-toc-section-end\"><\/span><\/h2>\n<p>[\/et_pb_text][et_pb_text _builder_version=\u00a0\u00bb4.24.2&Prime; _module_preset=\u00a0\u00bbdefault\u00a0\u00bb text_font=\u00a0\u00bbLato||||||||\u00a0\u00bb text_font_size=\u00a0\u00bb18px\u00a0\u00bb text_font_size_tablet=\u00a0\u00bb18px\u00a0\u00bb text_font_size_phone=\u00a0\u00bb18px\u00a0\u00bb text_font_size_last_edited=\u00a0\u00bbon|phone\u00a0\u00bb global_colors_info=\u00a0\u00bb{}\u00a0\u00bb]<\/p>\n<ul>\n<li style=\"font-weight: 400;\" aria-level=\"1\"><span style=\"font-weight: 400;\">Protection sociale : Assurance maladie, ch\u00f4mage, retraite.<\/span><\/li>\n<li style=\"font-weight: 400;\" aria-level=\"1\"><span style=\"font-weight: 400;\">Cong\u00e9s pay\u00e9s : Le salari\u00e9 cumule des droits aux cong\u00e9s, g\u00e9n\u00e9ralement \u00e0 raison de 2,5 jours par mois travaill\u00e9s.<\/span><\/li>\n<li style=\"font-weight: 400;\" aria-level=\"1\"><span style=\"font-weight: 400;\">Acc\u00e8s \u00e0 une mutuelle : Obligation pour les contrats \u00e0 dur\u00e9e d\u00e9termin\u00e9e de longue dur\u00e9e ou pour un emploi r\u00e9gulier.<\/span><\/li>\n<\/ul>\n<p>[\/et_pb_text][et_pb_text _builder_version=\u00a0\u00bb4.24.2&Prime; _module_preset=\u00a0\u00bbdefault\u00a0\u00bb header_2_font=\u00a0\u00bbABeeZee||||||||\u00a0\u00bb header_2_text_color=\u00a0\u00bb#5800a6&Prime; header_2_font_size=\u00a0\u00bb35px\u00a0\u00bb header_2_font_size_tablet=\u00a0\u00bb35px\u00a0\u00bb header_2_font_size_phone=\u00a0\u00bb30px\u00a0\u00bb header_2_font_size_last_edited=\u00a0\u00bbon|desktop\u00a0\u00bb global_colors_info=\u00a0\u00bb{}\u00a0\u00bb]<\/p>\n<h2><span class=\"ez-toc-section\" id=\"Les_avantages_fiscaux_pour_lemployeur\"><\/span><b>Les avantages fiscaux pour l\u2019employeur<\/b><span class=\"ez-toc-section-end\"><\/span><\/h2>\n<p>[\/et_pb_text][et_pb_text _builder_version=\u00a0\u00bb4.24.2&Prime; _module_preset=\u00a0\u00bbdefault\u00a0\u00bb text_font=\u00a0\u00bbLato||||||||\u00a0\u00bb text_font_size=\u00a0\u00bb18px\u00a0\u00bb text_font_size_tablet=\u00a0\u00bb18px\u00a0\u00bb text_font_size_phone=\u00a0\u00bb18px\u00a0\u00bb text_font_size_last_edited=\u00a0\u00bbon|phone\u00a0\u00bb global_colors_info=\u00a0\u00bb{}\u00a0\u00bb]<\/p>\n<ul>\n<li style=\"font-weight: 400;\" aria-level=\"1\"><span style=\"font-weight: 400;\">R\u00e9duction d\u2019imp\u00f4t : Jusqu\u2019\u00e0 50 % des d\u00e9penses engag\u00e9es dans l\u2019ann\u00e9e (salaires et cotisations incluses).<\/span><\/li>\n<li style=\"font-weight: 400;\" aria-level=\"1\"><span style=\"font-weight: 400;\">Plafond annuel : D\u00e9duction limit\u00e9e \u00e0 12 000 \u20ac (15 000\u20ac la premi\u00e8re ann\u00e9e), avec des majorations possibles selon votre situation (personnes \u00e2g\u00e9es, handicap\u00e9es, etc.).<\/span><\/li>\n<li style=\"font-weight: 400;\" aria-level=\"1\"><span style=\"font-weight: 400;\">Facilit\u00e9 de gestion des d\u00e9clarations : Automatisation par l\u2019URSSAF<\/span><\/li>\n<\/ul>\n<p>[\/et_pb_text][et_pb_text _builder_version=\u00a0\u00bb4.24.2&Prime; _module_preset=\u00a0\u00bbdefault\u00a0\u00bb header_2_font=\u00a0\u00bbABeeZee||||||||\u00a0\u00bb header_2_text_color=\u00a0\u00bb#5800a6&Prime; header_2_font_size=\u00a0\u00bb35px\u00a0\u00bb header_2_font_size_tablet=\u00a0\u00bb35px\u00a0\u00bb header_2_font_size_phone=\u00a0\u00bb30px\u00a0\u00bb header_2_font_size_last_edited=\u00a0\u00bbon|desktop\u00a0\u00bb global_colors_info=\u00a0\u00bb{}\u00a0\u00bb]<\/p>\n<h2><span class=\"ez-toc-section\" id=\"Comment_declarer_et_payer_les_salaires_en_CESU\"><\/span><b>Comment d\u00e9clarer et payer les salaires en CESU ?<\/b><span class=\"ez-toc-section-end\"><\/span><\/h2>\n<p>[\/et_pb_text][et_pb_text _builder_version=\u00a0\u00bb4.24.2&Prime; _module_preset=\u00a0\u00bbdefault\u00a0\u00bb text_font=\u00a0\u00bbLato||||||||\u00a0\u00bb text_font_size=\u00a0\u00bb18px\u00a0\u00bb text_font_size_tablet=\u00a0\u00bb18px\u00a0\u00bb text_font_size_phone=\u00a0\u00bb18px\u00a0\u00bb text_font_size_last_edited=\u00a0\u00bbon|phone\u00a0\u00bb global_colors_info=\u00a0\u00bb{}\u00a0\u00bb]<\/p>\n<ol>\n<li style=\"font-weight: 400;\" aria-level=\"1\"><span style=\"font-weight: 400;\">Inscription : Cr\u00e9ez un compte sur le site officiel CESU de l\u2019URSSAF.<\/span><\/li>\n<li style=\"font-weight: 400;\" aria-level=\"1\"><span style=\"font-weight: 400;\">D\u00e9claration des heures : Connectez-vous, renseignez les heures travaill\u00e9es, le salaire horaire convenu, et les compl\u00e9ments s\u2019il y a (prime, indemnit\u00e9s kilom\u00e9triques etc\u2026)<\/span><\/li>\n<li style=\"font-weight: 400;\" aria-level=\"1\"><span style=\"font-weight: 400;\">Paiement des cotisations : L\u2019URSSAF calcule automatiquement les cotisations sociales et les pr\u00e9l\u00e8ve sur le compte bancaire de l\u2019employeur.<\/span><\/li>\n<li style=\"font-weight: 400;\" aria-level=\"1\"><span style=\"font-weight: 400;\">Paiement du salaire : Versez directement au salari\u00e9 le montant net, par virement, ch\u00e8que, CESU pr\u00e9financ\u00e9 ou CESU plus (l\u2019URSSAF pr\u00e9l\u00e8ve le salaire sur le compte bancaire de l\u2019employeur et le reverse au salari\u00e9)..<\/span><\/li>\n<\/ol>\n<p>&nbsp;<\/p>\n<p>[\/et_pb_text][\/et_pb_column][\/et_pb_row][\/et_pb_section]<\/p>\n","protected":false},"excerpt":{"rendered":"<p>Rappel du CESU : Le Cesu, service de l\u2019URSSAF, simplifie la d\u00e9claration de r\u00e9mun\u00e9ration pour les services \u00e0 domicile. Cela s\u2019adresse \u00e0 tous les particuliers employeurs pour plusieurs besoins. Par exemple, il peut y avoir l\u2019am\u00e9lioration du quotidien, le soutien aux personnes \u00e2g\u00e9es ou handicap\u00e9es ou m\u00eame quelques heures de m\u00e9nage. Le CESU garantit \u00e9galement [&hellip;]<\/p>\n","protected":false},"author":1,"featured_media":8396,"comment_status":"open","ping_status":"open","sticky":false,"template":"","format":"aside","meta":{"_et_pb_use_builder":"on","_et_pb_old_content":"","_et_gb_content_width":"","_lmt_disableupdate":"","_lmt_disable":"","_monsterinsights_skip_tracking":false,"_monsterinsights_sitenote_active":false,"_monsterinsights_sitenote_note":"","_monsterinsights_sitenote_category":0,"footnotes":""},"categories":[1],"tags":[],"ppma_author":[41],"class_list":["post-8393","post","type-post","status-publish","format-aside","has-post-thumbnail","hentry","category-articles-pour-particuliers","post_format-post-format-aside"],"yoast_head":"<!-- This site is optimized with the Yoast SEO plugin v27.5 - https:\/\/yoast.com\/product\/yoast-seo-wordpress\/ -->\n<title>Comment se passent les contrats en CESU ? - Flavi<\/title>\n<meta name=\"description\" content=\"D\u00e9couvrez comment \u00e9tablir et g\u00e9rer un contrat en CESU. Pourquoi opter pour un contrat de travail en CESU ?\" \/>\n<meta name=\"robots\" content=\"index, follow, max-snippet:-1, max-image-preview:large, max-video-preview:-1\" \/>\n<link rel=\"canonical\" href=\"https:\/\/flavi.fr\/index.php\/2025\/01\/29\/comment-se-passent-les-contrats-en-cesu\/\" \/>\n<meta property=\"og:locale\" content=\"fr_FR\" \/>\n<meta property=\"og:type\" content=\"article\" \/>\n<meta property=\"og:title\" content=\"Comment se passent les contrats en CESU ? - Flavi\" \/>\n<meta property=\"og:description\" content=\"D\u00e9couvrez comment \u00e9tablir et g\u00e9rer un contrat en CESU. Pourquoi opter pour un contrat de travail en CESU ?\" \/>\n<meta property=\"og:url\" content=\"https:\/\/flavi.fr\/index.php\/2025\/01\/29\/comment-se-passent-les-contrats-en-cesu\/\" \/>\n<meta property=\"og:site_name\" content=\"Flavi\" \/>\n<meta property=\"article:published_time\" content=\"2025-01-29T07:19:16+00:00\" \/>\n<meta property=\"article:modified_time\" content=\"2026-02-19T12:37:27+00:00\" \/>\n<meta property=\"og:image\" content=\"https:\/\/flavi.fr\/wp-content\/uploads\/2025\/01\/article-37-1.webp\" \/>\n\t<meta property=\"og:image:width\" content=\"553\" \/>\n\t<meta property=\"og:image:height\" content=\"400\" \/>\n\t<meta property=\"og:image:type\" content=\"image\/webp\" \/>\n<meta name=\"author\" content=\"Flavie, experte CESU\" \/>\n<meta name=\"twitter:card\" content=\"summary_large_image\" \/>\n<meta name=\"twitter:label1\" content=\"\u00c9crit par\" \/>\n\t<meta name=\"twitter:data1\" content=\"Flavie, experte CESU\" \/>\n\t<meta name=\"twitter:label2\" content=\"Dur\u00e9e de lecture estim\u00e9e\" \/>\n\t<meta name=\"twitter:data2\" content=\"4 minutes\" \/>\n<script type=\"application\/ld+json\" class=\"yoast-schema-graph\">{\"@context\":\"https:\\\/\\\/schema.org\",\"@graph\":[{\"@type\":\"Article\",\"@id\":\"https:\\\/\\\/flavi.fr\\\/index.php\\\/2025\\\/01\\\/29\\\/comment-se-passent-les-contrats-en-cesu\\\/#article\",\"isPartOf\":{\"@id\":\"https:\\\/\\\/flavi.fr\\\/index.php\\\/2025\\\/01\\\/29\\\/comment-se-passent-les-contrats-en-cesu\\\/\"},\"author\":{\"name\":\"Eva Muringer, Fondatrice de Flavi et enseignante\",\"@id\":\"https:\\\/\\\/flavi.fr\\\/#\\\/schema\\\/person\\\/e540732270cd8b3a026a503df4f1ea3d\"},\"headline\":\"Comment se passent les contrats en CESU ?\",\"datePublished\":\"2025-01-29T07:19:16+00:00\",\"dateModified\":\"2026-02-19T12:37:27+00:00\",\"mainEntityOfPage\":{\"@id\":\"https:\\\/\\\/flavi.fr\\\/index.php\\\/2025\\\/01\\\/29\\\/comment-se-passent-les-contrats-en-cesu\\\/\"},\"wordCount\":1431,\"commentCount\":0,\"image\":{\"@id\":\"https:\\\/\\\/flavi.fr\\\/index.php\\\/2025\\\/01\\\/29\\\/comment-se-passent-les-contrats-en-cesu\\\/#primaryimage\"},\"thumbnailUrl\":\"https:\\\/\\\/flavi.fr\\\/wp-content\\\/uploads\\\/2025\\\/01\\\/article-37-1.webp\",\"articleSection\":[\"Articles pour particuliers\"],\"inLanguage\":\"fr-FR\",\"potentialAction\":[{\"@type\":\"CommentAction\",\"name\":\"Comment\",\"target\":[\"https:\\\/\\\/flavi.fr\\\/index.php\\\/2025\\\/01\\\/29\\\/comment-se-passent-les-contrats-en-cesu\\\/#respond\"]}]},{\"@type\":\"WebPage\",\"@id\":\"https:\\\/\\\/flavi.fr\\\/index.php\\\/2025\\\/01\\\/29\\\/comment-se-passent-les-contrats-en-cesu\\\/\",\"url\":\"https:\\\/\\\/flavi.fr\\\/index.php\\\/2025\\\/01\\\/29\\\/comment-se-passent-les-contrats-en-cesu\\\/\",\"name\":\"Comment se passent les contrats en CESU ? - Flavi\",\"isPartOf\":{\"@id\":\"https:\\\/\\\/flavi.fr\\\/#website\"},\"primaryImageOfPage\":{\"@id\":\"https:\\\/\\\/flavi.fr\\\/index.php\\\/2025\\\/01\\\/29\\\/comment-se-passent-les-contrats-en-cesu\\\/#primaryimage\"},\"image\":{\"@id\":\"https:\\\/\\\/flavi.fr\\\/index.php\\\/2025\\\/01\\\/29\\\/comment-se-passent-les-contrats-en-cesu\\\/#primaryimage\"},\"thumbnailUrl\":\"https:\\\/\\\/flavi.fr\\\/wp-content\\\/uploads\\\/2025\\\/01\\\/article-37-1.webp\",\"datePublished\":\"2025-01-29T07:19:16+00:00\",\"dateModified\":\"2026-02-19T12:37:27+00:00\",\"author\":{\"@id\":\"https:\\\/\\\/flavi.fr\\\/#\\\/schema\\\/person\\\/e540732270cd8b3a026a503df4f1ea3d\"},\"description\":\"D\u00e9couvrez comment \u00e9tablir et g\u00e9rer un contrat en CESU. Pourquoi opter pour un contrat de travail en CESU ?\",\"breadcrumb\":{\"@id\":\"https:\\\/\\\/flavi.fr\\\/index.php\\\/2025\\\/01\\\/29\\\/comment-se-passent-les-contrats-en-cesu\\\/#breadcrumb\"},\"inLanguage\":\"fr-FR\",\"potentialAction\":[{\"@type\":\"ReadAction\",\"target\":[\"https:\\\/\\\/flavi.fr\\\/index.php\\\/2025\\\/01\\\/29\\\/comment-se-passent-les-contrats-en-cesu\\\/\"]}]},{\"@type\":\"ImageObject\",\"inLanguage\":\"fr-FR\",\"@id\":\"https:\\\/\\\/flavi.fr\\\/index.php\\\/2025\\\/01\\\/29\\\/comment-se-passent-les-contrats-en-cesu\\\/#primaryimage\",\"url\":\"https:\\\/\\\/flavi.fr\\\/wp-content\\\/uploads\\\/2025\\\/01\\\/article-37-1.webp\",\"contentUrl\":\"https:\\\/\\\/flavi.fr\\\/wp-content\\\/uploads\\\/2025\\\/01\\\/article-37-1.webp\",\"width\":553,\"height\":400,\"caption\":\"Contrats en CESU\"},{\"@type\":\"BreadcrumbList\",\"@id\":\"https:\\\/\\\/flavi.fr\\\/index.php\\\/2025\\\/01\\\/29\\\/comment-se-passent-les-contrats-en-cesu\\\/#breadcrumb\",\"itemListElement\":[{\"@type\":\"ListItem\",\"position\":1,\"name\":\"Accueil\",\"item\":\"https:\\\/\\\/flavi.fr\\\/\"},{\"@type\":\"ListItem\",\"position\":2,\"name\":\"Comment se passent les contrats en CESU ?\"}]},{\"@type\":\"WebSite\",\"@id\":\"https:\\\/\\\/flavi.fr\\\/#website\",\"url\":\"https:\\\/\\\/flavi.fr\\\/\",\"name\":\"Flavi\",\"description\":\"auxiliaires de vie ind\u00e9pendantes\",\"potentialAction\":[{\"@type\":\"SearchAction\",\"target\":{\"@type\":\"EntryPoint\",\"urlTemplate\":\"https:\\\/\\\/flavi.fr\\\/?s={search_term_string}\"},\"query-input\":{\"@type\":\"PropertyValueSpecification\",\"valueRequired\":true,\"valueName\":\"search_term_string\"}}],\"inLanguage\":\"fr-FR\"},{\"@type\":\"Person\",\"@id\":\"https:\\\/\\\/flavi.fr\\\/#\\\/schema\\\/person\\\/e540732270cd8b3a026a503df4f1ea3d\",\"name\":\"Eva Muringer, Fondatrice de Flavi et enseignante\",\"image\":{\"@type\":\"ImageObject\",\"inLanguage\":\"fr-FR\",\"@id\":\"https:\\\/\\\/secure.gravatar.com\\\/avatar\\\/c30b4e242c14546872cc63671192d7e6cac888c35741f84be86494a741cfb896?s=96&d=mm&r=g1e593406708024e749a1e9e33b45acc9\",\"url\":\"https:\\\/\\\/secure.gravatar.com\\\/avatar\\\/c30b4e242c14546872cc63671192d7e6cac888c35741f84be86494a741cfb896?s=96&d=mm&r=g\",\"contentUrl\":\"https:\\\/\\\/secure.gravatar.com\\\/avatar\\\/c30b4e242c14546872cc63671192d7e6cac888c35741f84be86494a741cfb896?s=96&d=mm&r=g\",\"caption\":\"Eva Muringer, Fondatrice de Flavi et enseignante\"},\"sameAs\":[\"https:\\\/\\\/www.flavi.fr\"],\"url\":\"https:\\\/\\\/flavi.fr\\\/index.php\\\/author\\\/admin7211\\\/\"}]}<\/script>\n<!-- \/ Yoast SEO plugin. -->","yoast_head_json":{"title":"Comment se passent les contrats en CESU ? - Flavi","description":"D\u00e9couvrez comment \u00e9tablir et g\u00e9rer un contrat en CESU. Pourquoi opter pour un contrat de travail en CESU ?","robots":{"index":"index","follow":"follow","max-snippet":"max-snippet:-1","max-image-preview":"max-image-preview:large","max-video-preview":"max-video-preview:-1"},"canonical":"https:\/\/flavi.fr\/index.php\/2025\/01\/29\/comment-se-passent-les-contrats-en-cesu\/","og_locale":"fr_FR","og_type":"article","og_title":"Comment se passent les contrats en CESU ? - Flavi","og_description":"D\u00e9couvrez comment \u00e9tablir et g\u00e9rer un contrat en CESU. Pourquoi opter pour un contrat de travail en CESU ?","og_url":"https:\/\/flavi.fr\/index.php\/2025\/01\/29\/comment-se-passent-les-contrats-en-cesu\/","og_site_name":"Flavi","article_published_time":"2025-01-29T07:19:16+00:00","article_modified_time":"2026-02-19T12:37:27+00:00","og_image":[{"width":553,"height":400,"url":"https:\/\/flavi.fr\/wp-content\/uploads\/2025\/01\/article-37-1.webp","type":"image\/webp"}],"author":"Flavie, experte CESU","twitter_card":"summary_large_image","twitter_misc":{"\u00c9crit par":"Flavie, experte CESU","Dur\u00e9e de lecture estim\u00e9e":"4 minutes"},"schema":{"@context":"https:\/\/schema.org","@graph":[{"@type":"Article","@id":"https:\/\/flavi.fr\/index.php\/2025\/01\/29\/comment-se-passent-les-contrats-en-cesu\/#article","isPartOf":{"@id":"https:\/\/flavi.fr\/index.php\/2025\/01\/29\/comment-se-passent-les-contrats-en-cesu\/"},"author":{"name":"Eva Muringer, Fondatrice de Flavi et enseignante","@id":"https:\/\/flavi.fr\/#\/schema\/person\/e540732270cd8b3a026a503df4f1ea3d"},"headline":"Comment se passent les contrats en CESU ?","datePublished":"2025-01-29T07:19:16+00:00","dateModified":"2026-02-19T12:37:27+00:00","mainEntityOfPage":{"@id":"https:\/\/flavi.fr\/index.php\/2025\/01\/29\/comment-se-passent-les-contrats-en-cesu\/"},"wordCount":1431,"commentCount":0,"image":{"@id":"https:\/\/flavi.fr\/index.php\/2025\/01\/29\/comment-se-passent-les-contrats-en-cesu\/#primaryimage"},"thumbnailUrl":"https:\/\/flavi.fr\/wp-content\/uploads\/2025\/01\/article-37-1.webp","articleSection":["Articles pour particuliers"],"inLanguage":"fr-FR","potentialAction":[{"@type":"CommentAction","name":"Comment","target":["https:\/\/flavi.fr\/index.php\/2025\/01\/29\/comment-se-passent-les-contrats-en-cesu\/#respond"]}]},{"@type":"WebPage","@id":"https:\/\/flavi.fr\/index.php\/2025\/01\/29\/comment-se-passent-les-contrats-en-cesu\/","url":"https:\/\/flavi.fr\/index.php\/2025\/01\/29\/comment-se-passent-les-contrats-en-cesu\/","name":"Comment se passent les contrats en CESU ? - Flavi","isPartOf":{"@id":"https:\/\/flavi.fr\/#website"},"primaryImageOfPage":{"@id":"https:\/\/flavi.fr\/index.php\/2025\/01\/29\/comment-se-passent-les-contrats-en-cesu\/#primaryimage"},"image":{"@id":"https:\/\/flavi.fr\/index.php\/2025\/01\/29\/comment-se-passent-les-contrats-en-cesu\/#primaryimage"},"thumbnailUrl":"https:\/\/flavi.fr\/wp-content\/uploads\/2025\/01\/article-37-1.webp","datePublished":"2025-01-29T07:19:16+00:00","dateModified":"2026-02-19T12:37:27+00:00","author":{"@id":"https:\/\/flavi.fr\/#\/schema\/person\/e540732270cd8b3a026a503df4f1ea3d"},"description":"D\u00e9couvrez comment \u00e9tablir et g\u00e9rer un contrat en CESU. Pourquoi opter pour un contrat de travail en CESU ?","breadcrumb":{"@id":"https:\/\/flavi.fr\/index.php\/2025\/01\/29\/comment-se-passent-les-contrats-en-cesu\/#breadcrumb"},"inLanguage":"fr-FR","potentialAction":[{"@type":"ReadAction","target":["https:\/\/flavi.fr\/index.php\/2025\/01\/29\/comment-se-passent-les-contrats-en-cesu\/"]}]},{"@type":"ImageObject","inLanguage":"fr-FR","@id":"https:\/\/flavi.fr\/index.php\/2025\/01\/29\/comment-se-passent-les-contrats-en-cesu\/#primaryimage","url":"https:\/\/flavi.fr\/wp-content\/uploads\/2025\/01\/article-37-1.webp","contentUrl":"https:\/\/flavi.fr\/wp-content\/uploads\/2025\/01\/article-37-1.webp","width":553,"height":400,"caption":"Contrats en CESU"},{"@type":"BreadcrumbList","@id":"https:\/\/flavi.fr\/index.php\/2025\/01\/29\/comment-se-passent-les-contrats-en-cesu\/#breadcrumb","itemListElement":[{"@type":"ListItem","position":1,"name":"Accueil","item":"https:\/\/flavi.fr\/"},{"@type":"ListItem","position":2,"name":"Comment se passent les contrats en CESU ?"}]},{"@type":"WebSite","@id":"https:\/\/flavi.fr\/#website","url":"https:\/\/flavi.fr\/","name":"Flavi","description":"auxiliaires de vie ind\u00e9pendantes","potentialAction":[{"@type":"SearchAction","target":{"@type":"EntryPoint","urlTemplate":"https:\/\/flavi.fr\/?s={search_term_string}"},"query-input":{"@type":"PropertyValueSpecification","valueRequired":true,"valueName":"search_term_string"}}],"inLanguage":"fr-FR"},{"@type":"Person","@id":"https:\/\/flavi.fr\/#\/schema\/person\/e540732270cd8b3a026a503df4f1ea3d","name":"Eva Muringer, Fondatrice de Flavi et enseignante","image":{"@type":"ImageObject","inLanguage":"fr-FR","@id":"https:\/\/secure.gravatar.com\/avatar\/c30b4e242c14546872cc63671192d7e6cac888c35741f84be86494a741cfb896?s=96&d=mm&r=g1e593406708024e749a1e9e33b45acc9","url":"https:\/\/secure.gravatar.com\/avatar\/c30b4e242c14546872cc63671192d7e6cac888c35741f84be86494a741cfb896?s=96&d=mm&r=g","contentUrl":"https:\/\/secure.gravatar.com\/avatar\/c30b4e242c14546872cc63671192d7e6cac888c35741f84be86494a741cfb896?s=96&d=mm&r=g","caption":"Eva Muringer, Fondatrice de Flavi et enseignante"},"sameAs":["https:\/\/www.flavi.fr"],"url":"https:\/\/flavi.fr\/index.php\/author\/admin7211\/"}]}},"modified_by":"Eva Muringer, Fondatrice de Flavi et enseignante","authors":[{"term_id":41,"user_id":1,"is_guest":0,"slug":"admin7211","display_name":"Flavie, experte CESU","avatar_url":"https:\/\/secure.gravatar.com\/avatar\/c30b4e242c14546872cc63671192d7e6cac888c35741f84be86494a741cfb896?s=96&d=mm&r=g","1":"","2":"","3":"","4":"","5":"","6":"","7":"","8":""}],"_links":{"self":[{"href":"https:\/\/flavi.fr\/index.php\/wp-json\/wp\/v2\/posts\/8393","targetHints":{"allow":["GET"]}}],"collection":[{"href":"https:\/\/flavi.fr\/index.php\/wp-json\/wp\/v2\/posts"}],"about":[{"href":"https:\/\/flavi.fr\/index.php\/wp-json\/wp\/v2\/types\/post"}],"author":[{"embeddable":true,"href":"https:\/\/flavi.fr\/index.php\/wp-json\/wp\/v2\/users\/1"}],"replies":[{"embeddable":true,"href":"https:\/\/flavi.fr\/index.php\/wp-json\/wp\/v2\/comments?post=8393"}],"version-history":[{"count":1,"href":"https:\/\/flavi.fr\/index.php\/wp-json\/wp\/v2\/posts\/8393\/revisions"}],"predecessor-version":[{"id":10478,"href":"https:\/\/flavi.fr\/index.php\/wp-json\/wp\/v2\/posts\/8393\/revisions\/10478"}],"wp:featuredmedia":[{"embeddable":true,"href":"https:\/\/flavi.fr\/index.php\/wp-json\/wp\/v2\/media\/8396"}],"wp:attachment":[{"href":"https:\/\/flavi.fr\/index.php\/wp-json\/wp\/v2\/media?parent=8393"}],"wp:term":[{"taxonomy":"category","embeddable":true,"href":"https:\/\/flavi.fr\/index.php\/wp-json\/wp\/v2\/categories?post=8393"},{"taxonomy":"post_tag","embeddable":true,"href":"https:\/\/flavi.fr\/index.php\/wp-json\/wp\/v2\/tags?post=8393"},{"taxonomy":"author","embeddable":true,"href":"https:\/\/flavi.fr\/index.php\/wp-json\/wp\/v2\/ppma_author?post=8393"}],"curies":[{"name":"wp","href":"https:\/\/api.w.org\/{rel}","templated":true}]}}