{"id":7853,"date":"2024-09-10T16:26:04","date_gmt":"2024-09-10T14:26:04","guid":{"rendered":"https:\/\/flavi.fr\/?p=7853"},"modified":"2026-02-18T14:23:34","modified_gmt":"2026-02-18T13:23:34","slug":"la-maladie-de-charcot-chez-un-proche-age","status":"publish","type":"post","link":"https:\/\/flavi.fr\/index.php\/2024\/09\/10\/la-maladie-de-charcot-chez-un-proche-age\/","title":{"rendered":"La maladie de Charcot chez un proche \u00e2g\u00e9"},"content":{"rendered":"<p>[et_pb_section fb_built=\u00a0\u00bb1&Prime; _builder_version=\u00a0\u00bb4.24.2&Prime; _module_preset=\u00a0\u00bbdefault\u00a0\u00bb global_colors_info=\u00a0\u00bb{}\u00a0\u00bb][et_pb_row _builder_version=\u00a0\u00bb4.24.2&Prime; _module_preset=\u00a0\u00bbdefault\u00a0\u00bb global_colors_info=\u00a0\u00bb{}\u00a0\u00bb][et_pb_column type=\u00a0\u00bb4_4&Prime; _builder_version=\u00a0\u00bb4.24.2&Prime; _module_preset=\u00a0\u00bbdefault\u00a0\u00bb global_colors_info=\u00a0\u00bb{}\u00a0\u00bb][et_pb_text _builder_version=\u00a0\u00bb4.27.4&Prime; _module_preset=\u00a0\u00bbdefault\u00a0\u00bb text_font=\u00a0\u00bbLato||||||||\u00a0\u00bb text_font_size=\u00a0\u00bb18px\u00a0\u00bb text_font_size_tablet=\u00a0\u00bb18px\u00a0\u00bb text_font_size_phone=\u00a0\u00bb18px\u00a0\u00bb text_font_size_last_edited=\u00a0\u00bbon|desktop\u00a0\u00bb global_colors_info=\u00a0\u00bb{}\u00a0\u00bb]<\/p>\n<p style=\"text-align: justify;\"><span style=\"font-weight: 400;\">La maladie de Charcot, autrement appel\u00e9e la scl\u00e9rose lat\u00e9rale amyotrophique (LSA), est une maladie neurod\u00e9g\u00e9n\u00e9rative. Comme <\/span><a href=\"https:\/\/flavi.fr\/index.php\/2024\/03\/13\/la-maladie-dalzheimer\/\"><span style=\"font-weight: 400;\">Alzheimer<\/span><\/a><span style=\"font-weight: 400;\"> et <\/span><a href=\"https:\/\/flavi.fr\/index.php\/2024\/07\/24\/la-maladie-de-parkinson-chez-un-proche-age\/\"><span style=\"font-weight: 400;\">Parkinson<\/span><\/a><span style=\"font-weight: 400;\">, il s\u2019agit d\u2019une maladie progressive qui atteint les neurones moteurs du syst\u00e8me nerveux.<\/span><\/p>\n<p style=\"text-align: justify;\"><span style=\"font-weight: 400;\">Votre proche est atteint de cette maladie ? Vous ne savez pas comment r\u00e9agir ? Vous souhaitez comprendre ce que la maladie implique ?<\/span><\/p>\n<p style=\"text-align: justify;\"><span style=\"font-weight: 400;\">Dans cet article, Flavi va vous expliquer les sympt\u00f4mes, causes et cons\u00e9quences de cette maladie. Par la suite, nous verrons l\u2019\u00e9volution de celle-ci et quelles aides obtenir.<\/span><\/p>\n<p>[\/et_pb_text][et_pb_button button_url=\u00a0\u00bbhttps:\/\/app.flavi.fr\/recherche-non-connecte\/\u00a0\u00bb button_text=\u00a0\u00bbTROUVER UNE AIDE A DOMICILE EN CESU\u00a0\u00bb _builder_version=\u00a0\u00bb4.27.4&Prime; _module_preset=\u00a0\u00bbdefault\u00a0\u00bb custom_button=\u00a0\u00bbon\u00a0\u00bb button_text_color=\u00a0\u00bb#2E5C9F\u00a0\u00bb button_bg_color=\u00a0\u00bb#FFC600&Prime; button_border_width=\u00a0\u00bb0px\u00a0\u00bb button_font=\u00a0\u00bb|800|||||||\u00a0\u00bb global_colors_info=\u00a0\u00bb{}\u00a0\u00bb][\/et_pb_button][\/et_pb_column][\/et_pb_row][et_pb_row _builder_version=\u00a0\u00bb4.24.2&Prime; _module_preset=\u00a0\u00bbdefault\u00a0\u00bb global_colors_info=\u00a0\u00bb{}\u00a0\u00bb][et_pb_column type=\u00a0\u00bb4_4&Prime; _builder_version=\u00a0\u00bb4.24.2&Prime; _module_preset=\u00a0\u00bbdefault\u00a0\u00bb global_colors_info=\u00a0\u00bb{}\u00a0\u00bb][et_pb_text _builder_version=\u00a0\u00bb4.27.4&Prime; _module_preset=\u00a0\u00bbdefault\u00a0\u00bb header_2_font=\u00a0\u00bbABeeZee||||||||\u00a0\u00bb header_2_text_color=\u00a0\u00bb#5800a6&Prime; header_2_font_size=\u00a0\u00bb35px\u00a0\u00bb header_2_font_size_tablet=\u00a0\u00bb35px\u00a0\u00bb header_2_font_size_phone=\u00a0\u00bb30px\u00a0\u00bb header_2_font_size_last_edited=\u00a0\u00bbon|desktop\u00a0\u00bb global_colors_info=\u00a0\u00bb{}\u00a0\u00bb]<\/p>\n<div id=\"ez-toc-container\" class=\"ez-toc-v2_0_82_2 ez-toc-wrap-center counter-hierarchy ez-toc-counter ez-toc-custom ez-toc-container-direction\">\n<div class=\"ez-toc-title-container\">\n<p class=\"ez-toc-title\" style=\"cursor:inherit\">Sommaire<\/p>\n<span class=\"ez-toc-title-toggle\"><a href=\"#\" class=\"ez-toc-pull-right ez-toc-btn ez-toc-btn-xs ez-toc-btn-default ez-toc-toggle\" aria-label=\"Toggle Table of Content\"><span class=\"ez-toc-js-icon-con\"><span class=\"\"><span class=\"eztoc-hide\" style=\"display:none;\">Toggle<\/span><span class=\"ez-toc-icon-toggle-span\"><svg style=\"fill: #000000;color:#000000\" xmlns=\"http:\/\/www.w3.org\/2000\/svg\" class=\"list-377408\" width=\"20px\" height=\"20px\" viewBox=\"0 0 24 24\" fill=\"none\"><path d=\"M6 6H4v2h2V6zm14 0H8v2h12V6zM4 11h2v2H4v-2zm16 0H8v2h12v-2zM4 16h2v2H4v-2zm16 0H8v2h12v-2z\" fill=\"currentColor\"><\/path><\/svg><svg style=\"fill: #000000;color:#000000\" class=\"arrow-unsorted-368013\" xmlns=\"http:\/\/www.w3.org\/2000\/svg\" width=\"10px\" height=\"10px\" viewBox=\"0 0 24 24\" version=\"1.2\" baseProfile=\"tiny\"><path d=\"M18.2 9.3l-6.2-6.3-6.2 6.3c-.2.2-.3.4-.3.7s.1.5.3.7c.2.2.4.3.7.3h11c.3 0 .5-.1.7-.3.2-.2.3-.5.3-.7s-.1-.5-.3-.7zM5.8 14.7l6.2 6.3 6.2-6.3c.2-.2.3-.5.3-.7s-.1-.5-.3-.7c-.2-.2-.4-.3-.7-.3h-11c-.3 0-.5.1-.7.3-.2.2-.3.5-.3.7s.1.5.3.7z\"\/><\/svg><\/span><\/span><\/span><\/a><\/span><\/div>\n<nav><ul class='ez-toc-list ez-toc-list-level-1 ' ><li class='ez-toc-page-1 ez-toc-heading-level-2'><a class=\"ez-toc-link ez-toc-heading-1\" href=\"https:\/\/flavi.fr\/index.php\/2024\/09\/10\/la-maladie-de-charcot-chez-un-proche-age\/#Quels_sont_les_symptomes_de_la_maladie_de_Charcot\" >Quels sont les sympt\u00f4mes de la maladie de Charcot ?\u00a0<\/a><\/li><li class='ez-toc-page-1 ez-toc-heading-level-2'><a class=\"ez-toc-link ez-toc-heading-2\" href=\"https:\/\/flavi.fr\/index.php\/2024\/09\/10\/la-maladie-de-charcot-chez-un-proche-age\/#Quelles_sont_les_causes_de_la_maladie\" >Quelles sont les causes de la maladie\u00a0 ?<\/a><\/li><li class='ez-toc-page-1 ez-toc-heading-level-2'><a class=\"ez-toc-link ez-toc-heading-3\" href=\"https:\/\/flavi.fr\/index.php\/2024\/09\/10\/la-maladie-de-charcot-chez-un-proche-age\/#Comment_la_maladie_de_Charcot_evolue-t-elle\" >Comment la maladie de Charcot \u00e9volue-t-elle ?<\/a><ul class='ez-toc-list-level-3' ><li class='ez-toc-heading-level-3'><a class=\"ez-toc-link ez-toc-heading-4\" href=\"https:\/\/flavi.fr\/index.php\/2024\/09\/10\/la-maladie-de-charcot-chez-un-proche-age\/#Consequences_de_la_maladie\" >Cons\u00e9quences de la maladie :<\/a><\/li><\/ul><\/li><li class='ez-toc-page-1 ez-toc-heading-level-2'><a class=\"ez-toc-link ez-toc-heading-5\" href=\"https:\/\/flavi.fr\/index.php\/2024\/09\/10\/la-maladie-de-charcot-chez-un-proche-age\/#Quelles_aides_obtenir\" >Quelles aides obtenir ?<\/a><\/li><\/ul><\/nav><\/div>\n<h2 style=\"text-align: justify;\"><span class=\"ez-toc-section\" id=\"Quels_sont_les_symptomes_de_la_maladie_de_Charcot\"><\/span><b>Quels sont les sympt\u00f4mes de la maladie de Charcot ?\u00a0<\/b><span class=\"ez-toc-section-end\"><\/span><\/h2>\n<h2><\/h2>\n<p>[\/et_pb_text][et_pb_text _builder_version=\u00a0\u00bb4.27.4&Prime; _module_preset=\u00a0\u00bbdefault\u00a0\u00bb text_font=\u00a0\u00bbLato||||||||\u00a0\u00bb text_font_size=\u00a0\u00bb18px\u00a0\u00bb text_font_size_tablet=\u00a0\u00bb18px\u00a0\u00bb text_font_size_phone=\u00a0\u00bb18px\u00a0\u00bb text_font_size_last_edited=\u00a0\u00bbon|phone\u00a0\u00bb global_colors_info=\u00a0\u00bb{}\u00a0\u00bb]<\/p>\n<p style=\"text-align: justify;\"><span style=\"font-weight: 400;\">Tout d\u2019abord, votre proche va subir une faiblesse musculaire progressive. En effet, il s\u2019agit tr\u00e8s souvent du premier sympt\u00f4me observable. Les muscles commencent \u00e0 s&rsquo;affaiblir, g\u00e9n\u00e9ralement dans les bras ou les jambes et plus rarement dans les pieds. La faiblesse musculaire peut progresser rapidement ou lentement, selon le cas.<\/span><\/p>\n<p style=\"text-align: justify;\"><span style=\"font-weight: 400;\">Certains patients peuvent \u00e9galement pr\u00e9senter une augmentation du tonus musculaire, ce qui entra\u00eene une raideur ou une tension musculaire, appel\u00e9e spasticit\u00e9. En effet, cela peut rendre les mouvements plus difficiles.<\/span><\/p>\n<p style=\"text-align: justify;\"><span style=\"font-weight: 400;\">Par ailleurs, les crampes musculaires sont fr\u00e9quentes chez les personnes atteintes de la maladie de Charcot. Elles peuvent \u00eatre douloureuses et peuvent survenir de mani\u00e8re plus fr\u00e9quente \u00e0 mesure que la maladie progresse<\/span><b>.<\/b><\/p>\n<p style=\"text-align: justify;\"><span style=\"font-weight: 400;\">Par la suite, parmi les sympt\u00f4mes, on retrouve les fasciculations. Ce sont des secousses musculaires involontaires, souvent visibles sous la peau. Elles peuvent \u00eatre un sympt\u00f4me pr\u00e9coce de la maladie de Charcot.<\/span><\/p>\n<p style=\"text-align: justify;\"><span style=\"font-weight: 400;\">Concernant la fatigue, il s\u2019agit d\u2019un sympt\u00f4me courant chez les personnes atteintes de la maladie de Charcot. Elle peut \u00eatre due \u00e0 la difficult\u00e9 \u00e0 effectuer des t\u00e2ches quotidiennes en raison de la faiblesse musculaire, ainsi qu&rsquo;\u00e0 d&rsquo;autres facteurs li\u00e9s \u00e0 la maladie elle-m\u00eame.<\/span><\/p>\n<p style=\"text-align: justify;\"><span style=\"font-weight: 400;\">On retrouve \u00e9galement la difficult\u00e9 \u00e0 parler et \u00e0 avaler . De plus, les personnes atteintes de la maladie peuvent souffrir d\u2019atrophie musculaire. Cela signifie que les muscles peuvent commencer \u00e0 s&rsquo;atrophier (se r\u00e9tr\u00e9cir) \u00e0 mesure que la maladie progresse.\u00a0<\/span><\/p>\n<p style=\"text-align: justify;\"><span style=\"font-weight: 400;\">Enfin, la personne risque d\u2019avoir d\u2019importants probl\u00e8mes respiratoires.<\/span><\/p>\n<p style=\"text-align: justify;\"><span style=\"font-weight: 400;\">D\u2019autres sympt\u00f4mes moins communs peuvent appara\u00eetre comme par exemple, la constipation, des troubles du sommeil ainsi qu\u2019un fort amaigrissement.<\/span><\/p>\n<p>[\/et_pb_text][et_pb_image src=\u00a0\u00bbhttps:\/\/flavi.fr\/wp-content\/uploads\/2024\/09\/2.webp\u00a0\u00bb alt=\u00a0\u00bbLes indemnit\u00e9s de fin de contrat\u00a0\u00bb title_text=\u00a0\u00bb2&Prime; align=\u00a0\u00bbcenter\u00a0\u00bb _builder_version=\u00a0\u00bb4.24.2&Prime; _module_preset=\u00a0\u00bbdefault\u00a0\u00bb hover_enabled=\u00a0\u00bb0&Prime; global_colors_info=\u00a0\u00bb{}\u00a0\u00bb sticky_enabled=\u00a0\u00bb0&Prime;][\/et_pb_image][et_pb_text _builder_version=\u00a0\u00bb4.27.4&Prime; _module_preset=\u00a0\u00bbdefault\u00a0\u00bb header_2_font=\u00a0\u00bbABeeZee||||||||\u00a0\u00bb header_2_text_color=\u00a0\u00bb#5800a6&Prime; header_2_font_size=\u00a0\u00bb35px\u00a0\u00bb header_2_font_size_tablet=\u00a0\u00bb35px\u00a0\u00bb header_2_font_size_phone=\u00a0\u00bb30px\u00a0\u00bb header_2_font_size_last_edited=\u00a0\u00bbon|desktop\u00a0\u00bb global_colors_info=\u00a0\u00bb{}\u00a0\u00bb]<\/p>\n<h2 style=\"text-align: justify;\"><span class=\"ez-toc-section\" id=\"Quelles_sont_les_causes_de_la_maladie\"><\/span><b>Quelles sont les causes de la maladie\u00a0 ? <\/b><span class=\"ez-toc-section-end\"><\/span><\/h2>\n<h2><\/h2>\n<p>[\/et_pb_text][et_pb_text _builder_version=\u00a0\u00bb4.27.4&Prime; _module_preset=\u00a0\u00bbdefault\u00a0\u00bb text_font=\u00a0\u00bbLato||||||||\u00a0\u00bb text_font_size=\u00a0\u00bb18px\u00a0\u00bb custom_padding=\u00a0\u00bb||0px|||\u00a0\u00bb text_font_size_tablet=\u00a0\u00bb18px\u00a0\u00bb text_font_size_phone=\u00a0\u00bb18px\u00a0\u00bb text_font_size_last_edited=\u00a0\u00bbon|phone\u00a0\u00bb global_colors_info=\u00a0\u00bb{}\u00a0\u00bb]<\/p>\n<p style=\"text-align: justify;\"><span style=\"font-weight: 400;\">Tout d\u2019abord, les causes sont globalement assez m\u00e9connues. Cependant, des experts ont clairement affirm\u00e9 que 10% des cas diagnostiqu\u00e9s r\u00e9sultent de causes g\u00e9n\u00e9tiques.\u00a0<\/span><\/p>\n<p style=\"text-align: justify;\"><span style=\"font-weight: 400;\">Concernant les autres causes possibles , certains affirment qu\u2019il pourrait s\u2019agir de facteurs environnementaux ou de cas compl\u00e8tements al\u00e9atoires. Par exemple, prenons le cas des agriculteurs. Ils sont constamment en pr\u00e9sence de pesticides et de produits toxiques et\/ou chimiques.\u00a0<\/span><\/p>\n<p style=\"text-align: justify;\"><span style=\"font-weight: 400;\">Enfin, le tabagisme et l\u2019alimentation excessivement riche en glucides peuvent \u00e9galement \u00eatre des causes possibles de la maladie.<\/span><\/p>\n<p>[\/et_pb_text][et_pb_text _builder_version=\u00a0\u00bb4.27.4&Prime; _module_preset=\u00a0\u00bbdefault\u00a0\u00bb header_2_font=\u00a0\u00bbABeeZee||||||||\u00a0\u00bb header_2_text_color=\u00a0\u00bb#5800a6&Prime; header_2_font_size=\u00a0\u00bb35px\u00a0\u00bb header_2_font_size_tablet=\u00a0\u00bb35px\u00a0\u00bb header_2_font_size_phone=\u00a0\u00bb30px\u00a0\u00bb header_2_font_size_last_edited=\u00a0\u00bbon|desktop\u00a0\u00bb global_colors_info=\u00a0\u00bb{}\u00a0\u00bb]<\/p>\n<h2 style=\"text-align: justify;\"><span class=\"ez-toc-section\" id=\"Comment_la_maladie_de_Charcot_evolue-t-elle\"><\/span><b>Comment la maladie de Charcot \u00e9volue-t-elle ?<\/b><span class=\"ez-toc-section-end\"><\/span><\/h2>\n<h2><\/h2>\n<p>[\/et_pb_text][et_pb_text _builder_version=\u00a0\u00bb4.27.4&Prime; _module_preset=\u00a0\u00bbdefault\u00a0\u00bb text_font=\u00a0\u00bbLato||||||||\u00a0\u00bb text_font_size=\u00a0\u00bb18px\u00a0\u00bb text_font_size_tablet=\u00a0\u00bb18px\u00a0\u00bb text_font_size_phone=\u00a0\u00bb18px\u00a0\u00bb text_font_size_last_edited=\u00a0\u00bbon|phone\u00a0\u00bb global_colors_info=\u00a0\u00bb{}\u00a0\u00bb]<\/p>\n<p style=\"text-align: justify;\"><span style=\"font-weight: 400;\">D\u2019abord, il faut comprendre que l\u2019\u00e9volution de la maladie diff\u00e8re d\u2019une personne \u00e0 une autre. Une fois le diagnostic \u00e9tabli, l\u2019esp\u00e9rance de vie est g\u00e9n\u00e9ralement comprise entre 3 et 5 ans. Sachez que cette maladie est enti\u00e8rement impr\u00e9visible. Par ailleurs, les sp\u00e9cialistes n\u2019ont toujours pas pu \u00e9tablir d\u2019\u00e9volution pr\u00e9cise.<\/span><\/p>\n<p style=\"text-align: justify;\"><span style=\"font-weight: 400;\">En outre, il n\u2019existe pas de traitement sp\u00e9cifique. Cependant, il est possible de ralentir la progression de la maladie. Pour cela, le patient peut prendre certains m\u00e9dicaments. Il peut \u00e9galement pratiquer des s\u00e9ances de kin\u00e9sith\u00e9rapie. En revanche, tout cela ne pourra seulement lui rajouter quelques mois.<\/span><\/p>\n<p>[\/et_pb_text][et_pb_text _builder_version=\u00a0\u00bb4.27.4&Prime; _module_preset=\u00a0\u00bbdefault\u00a0\u00bb header_3_font=\u00a0\u00bbABeeZee||||||||\u00a0\u00bb header_3_text_color=\u00a0\u00bb#9377F4&Prime; header_3_font_size=\u00a0\u00bb25px\u00a0\u00bb header_3_font_size_tablet=\u00a0\u00bb25px\u00a0\u00bb header_3_font_size_phone=\u00a0\u00bb25px\u00a0\u00bb header_3_font_size_last_edited=\u00a0\u00bbon|phone\u00a0\u00bb global_colors_info=\u00a0\u00bb{}\u00a0\u00bb]<\/p>\n<h3><span class=\"ez-toc-section\" id=\"Consequences_de_la_maladie\"><\/span><b>Cons\u00e9quences de la maladie : <\/b><span class=\"ez-toc-section-end\"><\/span><\/h3>\n<p>[\/et_pb_text][et_pb_text _builder_version=\u00a0\u00bb4.27.4&Prime; _module_preset=\u00a0\u00bbdefault\u00a0\u00bb text_font=\u00a0\u00bbLato||||||||\u00a0\u00bb text_font_size=\u00a0\u00bb18px\u00a0\u00bb text_font_size_tablet=\u00a0\u00bb18px\u00a0\u00bb text_font_size_phone=\u00a0\u00bb18px\u00a0\u00bb text_font_size_last_edited=\u00a0\u00bbon|phone\u00a0\u00bb global_colors_info=\u00a0\u00bb{}\u00a0\u00bb]<\/p>\n<p style=\"text-align: justify;\"><span style=\"font-weight: 400;\">Concernant les cons\u00e9quences de la maladie, la personne atteinte va \u00eatre amen\u00e9e \u00e0 une d\u00e9pendance excessive. En effet, celle-ci va de plus en plus \u00eatre d\u00e9pendante pour\u00a0 r\u00e9aliser les t\u00e2ches du quotidien. Cela comprend aussi s&rsquo;habiller et se nourrir.<\/span><\/p>\n<p>[\/et_pb_text][et_pb_text _builder_version=\u00a0\u00bb4.24.2&Prime; _module_preset=\u00a0\u00bbdefault\u00a0\u00bb header_2_font=\u00a0\u00bbABeeZee||||||||\u00a0\u00bb header_2_text_color=\u00a0\u00bb#5800a6&Prime; header_2_font_size=\u00a0\u00bb35px\u00a0\u00bb header_2_font_size_tablet=\u00a0\u00bb35px\u00a0\u00bb header_2_font_size_phone=\u00a0\u00bb30px\u00a0\u00bb header_2_font_size_last_edited=\u00a0\u00bbon|desktop\u00a0\u00bb global_colors_info=\u00a0\u00bb{}\u00a0\u00bb]<\/p>\n<h2><span class=\"ez-toc-section\" id=\"Quelles_aides_obtenir\"><\/span><b>Quelles aides obtenir ?<\/b><span class=\"ez-toc-section-end\"><\/span><\/h2>\n<p>[\/et_pb_text][et_pb_text _builder_version=\u00a0\u00bb4.27.4&Prime; _module_preset=\u00a0\u00bbdefault\u00a0\u00bb text_font=\u00a0\u00bbLato||||||||\u00a0\u00bb text_font_size=\u00a0\u00bb18px\u00a0\u00bb text_font_size_tablet=\u00a0\u00bb18px\u00a0\u00bb text_font_size_phone=\u00a0\u00bb18px\u00a0\u00bb text_font_size_last_edited=\u00a0\u00bbon|phone\u00a0\u00bb global_colors_info=\u00a0\u00bb{}\u00a0\u00bb]<\/p>\n<p style=\"text-align: justify;\"><span style=\"font-weight: 400;\">Enfin, devoir s&rsquo;occuper de son proche atteint de la maladie de Charcot peut s\u2019av\u00e9rer \u00eatre une grande charge mentale et physique pour vous. Il arrivera un moment o\u00f9 il ne sera plus possible d\u2019y faire face. Pour ce faire, il vaut mieux anticiper pour \u00e9viter les changements trop brutaux.<\/span><\/p>\n<p style=\"text-align: justify;\"><span style=\"font-weight: 400;\">Par ailleurs, \u00eatre pr\u00e9sent pour votre parent implique que vous restiez en bonne sant\u00e9. Or, le burn-out de l\u2019aidant est une r\u00e9alit\u00e9 fr\u00e9quente dont on parle trop peu. Faire appel \u00e0 une aide \u00e0 domicile est souvent n\u00e9cessaire, quitte \u00e0 ne commencer que par quelques heures de m\u00e9nage. Une fois que la professionnelle de confiance est install\u00e9e (ou le professionnel), l\u2019aid\u00e9 la\/le laissera prendre plus de responsabilit\u00e9s \u00e0 son domicile.\u00a0 De cette fa\u00e7on, il pourra rester sereinement chez lui, l\u00e0 o\u00f9 il a ses habitudes et ses souvenirs heureux.\u00a0<\/span><\/p>\n<p style=\"text-align: justify;\"><span style=\"font-weight: 400;\">Si vous pensez faire appel \u00e0 un service d\u2019aide \u00e0 domicile, Flavi peut vous mettre en relation avec des auxiliaires de vie qualifi\u00e9es et form\u00e9es dans votre secteur. Pour en savoir plus, vous pouvez consulter le site internet de <\/span><a href=\"https:\/\/flavi.fr\/index.php\/je-suis-un-particulier\/\"><span style=\"font-weight: 400;\">FLAVI<\/span><\/a><span style=\"font-weight: 400;\"> .<\/span><span style=\"font-weight: 400;\">Il est important de noter que les personnes atteintes de la Maladie de Charcot peuvent b\u00e9n\u00e9ficier d&rsquo;aides financi\u00e8res. Par exemple, <\/span><a href=\"https:\/\/www.ameli.fr\/assure\"><span style=\"font-weight: 400;\">l\u2019Assurance maladie<\/span><\/a><span style=\"font-weight: 400;\"> prend en charge 100% des frais de sant\u00e9.<\/span><\/p>\n<p style=\"text-align: justify;\"><span style=\"font-weight: 400;\"><span>Vous \u00eates (ou allez devenir) particulier employeur et vous vous sentez un peu perdu avec le CESU, les d\u00e9marches, ou les obligations l\u00e9gales ?<\/span><br \/><span>On a pr\u00e9par\u00e9 un <\/span><strong data-renderer-mark=\"true\">guide complet, simple et gratuit<\/strong><span>, pour vous aider \u00e0 tout comprendre et d\u00e9marrer sereinement.<\/span><\/span><\/p>\n<p>[\/et_pb_text][et_pb_button button_url=\u00a0\u00bbhttps:\/\/forms.gle\/GjMWbpTAENkiK3JM8&Prime; button_text=\u00a0\u00bbR\u00e9cup\u00e9rer mon guide CESU\u00a0\u00bb _builder_version=\u00a0\u00bb4.27.4&Prime; _module_preset=\u00a0\u00bbdefault\u00a0\u00bb custom_button=\u00a0\u00bbon\u00a0\u00bb button_text_color=\u00a0\u00bb#2E5C9F\u00a0\u00bb button_bg_color=\u00a0\u00bb#FFC600&Prime; button_border_width=\u00a0\u00bb0px\u00a0\u00bb button_font=\u00a0\u00bb|800|||||||\u00a0\u00bb global_colors_info=\u00a0\u00bb{}\u00a0\u00bb][\/et_pb_button][\/et_pb_column][\/et_pb_row][\/et_pb_section]<\/p>\n","protected":false},"excerpt":{"rendered":"<p>La maladie de Charcot, autrement appel\u00e9e la scl\u00e9rose lat\u00e9rale amyotrophique (LSA), est une maladie neurod\u00e9g\u00e9n\u00e9rative. Comme Alzheimer et Parkinson, il s\u2019agit d\u2019une maladie progressive qui atteint les neurones moteurs du syst\u00e8me nerveux. Votre proche est atteint de cette maladie ? Vous ne savez pas comment r\u00e9agir ? Vous souhaitez comprendre ce que la maladie implique [&hellip;]<\/p>\n","protected":false},"author":1,"featured_media":7857,"comment_status":"open","ping_status":"open","sticky":false,"template":"","format":"aside","meta":{"_et_pb_use_builder":"on","_et_pb_old_content":"","_et_gb_content_width":"","_lmt_disableupdate":"","_lmt_disable":"","_monsterinsights_skip_tracking":false,"_monsterinsights_sitenote_active":false,"_monsterinsights_sitenote_note":"","_monsterinsights_sitenote_category":0,"footnotes":""},"categories":[19],"tags":[],"ppma_author":[41],"class_list":["post-7853","post","type-post","status-publish","format-aside","has-post-thumbnail","hentry","category-articles-pour-auxiliaire","post_format-post-format-aside"],"yoast_head":"<!-- This site is optimized with the Yoast SEO plugin v27.5 - https:\/\/yoast.com\/product\/yoast-seo-wordpress\/ -->\n<title>La maladie de Charcot chez un proche \u00e2g\u00e9 - Flavi<\/title>\n<meta name=\"description\" content=\"Qu\u2019est ce que la maladie de Charcot ? Quels sont les sympt\u00f4mes ? D\u00e9couvrez tout sur la maladie de Charcot\u2026\" \/>\n<meta name=\"robots\" content=\"index, follow, max-snippet:-1, max-image-preview:large, max-video-preview:-1\" \/>\n<link rel=\"canonical\" href=\"https:\/\/flavi.fr\/index.php\/2024\/09\/10\/la-maladie-de-charcot-chez-un-proche-age\/\" \/>\n<meta property=\"og:locale\" content=\"fr_FR\" \/>\n<meta property=\"og:type\" content=\"article\" \/>\n<meta property=\"og:title\" content=\"La maladie de Charcot chez un proche \u00e2g\u00e9 - Flavi\" \/>\n<meta property=\"og:description\" content=\"Qu\u2019est ce que la maladie de Charcot ? Quels sont les sympt\u00f4mes ? D\u00e9couvrez tout sur la maladie de Charcot\u2026\" \/>\n<meta property=\"og:url\" content=\"https:\/\/flavi.fr\/index.php\/2024\/09\/10\/la-maladie-de-charcot-chez-un-proche-age\/\" \/>\n<meta property=\"og:site_name\" content=\"Flavi\" \/>\n<meta property=\"article:published_time\" content=\"2024-09-10T14:26:04+00:00\" \/>\n<meta property=\"article:modified_time\" content=\"2026-02-18T13:23:34+00:00\" \/>\n<meta property=\"og:image\" content=\"https:\/\/flavi.fr\/wp-content\/uploads\/2024\/09\/Article.webp\" \/>\n\t<meta property=\"og:image:width\" content=\"472\" \/>\n\t<meta property=\"og:image:height\" content=\"347\" \/>\n\t<meta property=\"og:image:type\" content=\"image\/webp\" \/>\n<meta name=\"author\" content=\"Flavie, experte CESU\" \/>\n<meta name=\"twitter:card\" content=\"summary_large_image\" \/>\n<meta name=\"twitter:label1\" content=\"\u00c9crit par\" \/>\n\t<meta name=\"twitter:data1\" content=\"Flavie, experte CESU\" \/>\n\t<meta name=\"twitter:label2\" content=\"Dur\u00e9e de lecture estim\u00e9e\" \/>\n\t<meta name=\"twitter:data2\" content=\"5 minutes\" \/>\n<script type=\"application\/ld+json\" class=\"yoast-schema-graph\">{\"@context\":\"https:\\\/\\\/schema.org\",\"@graph\":[{\"@type\":\"Article\",\"@id\":\"https:\\\/\\\/flavi.fr\\\/index.php\\\/2024\\\/09\\\/10\\\/la-maladie-de-charcot-chez-un-proche-age\\\/#article\",\"isPartOf\":{\"@id\":\"https:\\\/\\\/flavi.fr\\\/index.php\\\/2024\\\/09\\\/10\\\/la-maladie-de-charcot-chez-un-proche-age\\\/\"},\"author\":{\"name\":\"Eva Muringer, Fondatrice de Flavi et enseignante\",\"@id\":\"https:\\\/\\\/flavi.fr\\\/#\\\/schema\\\/person\\\/e540732270cd8b3a026a503df4f1ea3d\"},\"headline\":\"La maladie de Charcot chez un proche \u00e2g\u00e9\",\"datePublished\":\"2024-09-10T14:26:04+00:00\",\"dateModified\":\"2026-02-18T13:23:34+00:00\",\"mainEntityOfPage\":{\"@id\":\"https:\\\/\\\/flavi.fr\\\/index.php\\\/2024\\\/09\\\/10\\\/la-maladie-de-charcot-chez-un-proche-age\\\/\"},\"wordCount\":1570,\"commentCount\":0,\"image\":{\"@id\":\"https:\\\/\\\/flavi.fr\\\/index.php\\\/2024\\\/09\\\/10\\\/la-maladie-de-charcot-chez-un-proche-age\\\/#primaryimage\"},\"thumbnailUrl\":\"https:\\\/\\\/flavi.fr\\\/wp-content\\\/uploads\\\/2024\\\/09\\\/Article.webp\",\"articleSection\":[\"Articles pour auxiliaire de vie\"],\"inLanguage\":\"fr-FR\",\"potentialAction\":[{\"@type\":\"CommentAction\",\"name\":\"Comment\",\"target\":[\"https:\\\/\\\/flavi.fr\\\/index.php\\\/2024\\\/09\\\/10\\\/la-maladie-de-charcot-chez-un-proche-age\\\/#respond\"]}]},{\"@type\":\"WebPage\",\"@id\":\"https:\\\/\\\/flavi.fr\\\/index.php\\\/2024\\\/09\\\/10\\\/la-maladie-de-charcot-chez-un-proche-age\\\/\",\"url\":\"https:\\\/\\\/flavi.fr\\\/index.php\\\/2024\\\/09\\\/10\\\/la-maladie-de-charcot-chez-un-proche-age\\\/\",\"name\":\"La maladie de Charcot chez un proche \u00e2g\u00e9 - Flavi\",\"isPartOf\":{\"@id\":\"https:\\\/\\\/flavi.fr\\\/#website\"},\"primaryImageOfPage\":{\"@id\":\"https:\\\/\\\/flavi.fr\\\/index.php\\\/2024\\\/09\\\/10\\\/la-maladie-de-charcot-chez-un-proche-age\\\/#primaryimage\"},\"image\":{\"@id\":\"https:\\\/\\\/flavi.fr\\\/index.php\\\/2024\\\/09\\\/10\\\/la-maladie-de-charcot-chez-un-proche-age\\\/#primaryimage\"},\"thumbnailUrl\":\"https:\\\/\\\/flavi.fr\\\/wp-content\\\/uploads\\\/2024\\\/09\\\/Article.webp\",\"datePublished\":\"2024-09-10T14:26:04+00:00\",\"dateModified\":\"2026-02-18T13:23:34+00:00\",\"author\":{\"@id\":\"https:\\\/\\\/flavi.fr\\\/#\\\/schema\\\/person\\\/e540732270cd8b3a026a503df4f1ea3d\"},\"description\":\"Qu\u2019est ce que la maladie de Charcot ? Quels sont les sympt\u00f4mes ? D\u00e9couvrez tout sur la maladie de Charcot\u2026\",\"breadcrumb\":{\"@id\":\"https:\\\/\\\/flavi.fr\\\/index.php\\\/2024\\\/09\\\/10\\\/la-maladie-de-charcot-chez-un-proche-age\\\/#breadcrumb\"},\"inLanguage\":\"fr-FR\",\"potentialAction\":[{\"@type\":\"ReadAction\",\"target\":[\"https:\\\/\\\/flavi.fr\\\/index.php\\\/2024\\\/09\\\/10\\\/la-maladie-de-charcot-chez-un-proche-age\\\/\"]}]},{\"@type\":\"ImageObject\",\"inLanguage\":\"fr-FR\",\"@id\":\"https:\\\/\\\/flavi.fr\\\/index.php\\\/2024\\\/09\\\/10\\\/la-maladie-de-charcot-chez-un-proche-age\\\/#primaryimage\",\"url\":\"https:\\\/\\\/flavi.fr\\\/wp-content\\\/uploads\\\/2024\\\/09\\\/Article.webp\",\"contentUrl\":\"https:\\\/\\\/flavi.fr\\\/wp-content\\\/uploads\\\/2024\\\/09\\\/Article.webp\",\"width\":472,\"height\":347,\"caption\":\"Aper\u00e7u d'une personne \u00e2g\u00e9e atteinte de la maladie de Charcot en fauteuil roulant\"},{\"@type\":\"BreadcrumbList\",\"@id\":\"https:\\\/\\\/flavi.fr\\\/index.php\\\/2024\\\/09\\\/10\\\/la-maladie-de-charcot-chez-un-proche-age\\\/#breadcrumb\",\"itemListElement\":[{\"@type\":\"ListItem\",\"position\":1,\"name\":\"Accueil\",\"item\":\"https:\\\/\\\/flavi.fr\\\/\"},{\"@type\":\"ListItem\",\"position\":2,\"name\":\"La maladie de Charcot chez un proche \u00e2g\u00e9\"}]},{\"@type\":\"WebSite\",\"@id\":\"https:\\\/\\\/flavi.fr\\\/#website\",\"url\":\"https:\\\/\\\/flavi.fr\\\/\",\"name\":\"Flavi\",\"description\":\"auxiliaires de vie ind\u00e9pendantes\",\"potentialAction\":[{\"@type\":\"SearchAction\",\"target\":{\"@type\":\"EntryPoint\",\"urlTemplate\":\"https:\\\/\\\/flavi.fr\\\/?s={search_term_string}\"},\"query-input\":{\"@type\":\"PropertyValueSpecification\",\"valueRequired\":true,\"valueName\":\"search_term_string\"}}],\"inLanguage\":\"fr-FR\"},{\"@type\":\"Person\",\"@id\":\"https:\\\/\\\/flavi.fr\\\/#\\\/schema\\\/person\\\/e540732270cd8b3a026a503df4f1ea3d\",\"name\":\"Eva Muringer, Fondatrice de Flavi et enseignante\",\"image\":{\"@type\":\"ImageObject\",\"inLanguage\":\"fr-FR\",\"@id\":\"https:\\\/\\\/secure.gravatar.com\\\/avatar\\\/c30b4e242c14546872cc63671192d7e6cac888c35741f84be86494a741cfb896?s=96&d=mm&r=g1e593406708024e749a1e9e33b45acc9\",\"url\":\"https:\\\/\\\/secure.gravatar.com\\\/avatar\\\/c30b4e242c14546872cc63671192d7e6cac888c35741f84be86494a741cfb896?s=96&d=mm&r=g\",\"contentUrl\":\"https:\\\/\\\/secure.gravatar.com\\\/avatar\\\/c30b4e242c14546872cc63671192d7e6cac888c35741f84be86494a741cfb896?s=96&d=mm&r=g\",\"caption\":\"Eva Muringer, Fondatrice de Flavi et enseignante\"},\"sameAs\":[\"https:\\\/\\\/www.flavi.fr\"],\"url\":\"https:\\\/\\\/flavi.fr\\\/index.php\\\/author\\\/admin7211\\\/\"}]}<\/script>\n<!-- \/ Yoast SEO plugin. -->","yoast_head_json":{"title":"La maladie de Charcot chez un proche \u00e2g\u00e9 - Flavi","description":"Qu\u2019est ce que la maladie de Charcot ? Quels sont les sympt\u00f4mes ? D\u00e9couvrez tout sur la maladie de Charcot\u2026","robots":{"index":"index","follow":"follow","max-snippet":"max-snippet:-1","max-image-preview":"max-image-preview:large","max-video-preview":"max-video-preview:-1"},"canonical":"https:\/\/flavi.fr\/index.php\/2024\/09\/10\/la-maladie-de-charcot-chez-un-proche-age\/","og_locale":"fr_FR","og_type":"article","og_title":"La maladie de Charcot chez un proche \u00e2g\u00e9 - Flavi","og_description":"Qu\u2019est ce que la maladie de Charcot ? Quels sont les sympt\u00f4mes ? D\u00e9couvrez tout sur la maladie de Charcot\u2026","og_url":"https:\/\/flavi.fr\/index.php\/2024\/09\/10\/la-maladie-de-charcot-chez-un-proche-age\/","og_site_name":"Flavi","article_published_time":"2024-09-10T14:26:04+00:00","article_modified_time":"2026-02-18T13:23:34+00:00","og_image":[{"width":472,"height":347,"url":"https:\/\/flavi.fr\/wp-content\/uploads\/2024\/09\/Article.webp","type":"image\/webp"}],"author":"Flavie, experte CESU","twitter_card":"summary_large_image","twitter_misc":{"\u00c9crit par":"Flavie, experte CESU","Dur\u00e9e de lecture estim\u00e9e":"5 minutes"},"schema":{"@context":"https:\/\/schema.org","@graph":[{"@type":"Article","@id":"https:\/\/flavi.fr\/index.php\/2024\/09\/10\/la-maladie-de-charcot-chez-un-proche-age\/#article","isPartOf":{"@id":"https:\/\/flavi.fr\/index.php\/2024\/09\/10\/la-maladie-de-charcot-chez-un-proche-age\/"},"author":{"name":"Eva Muringer, Fondatrice de Flavi et enseignante","@id":"https:\/\/flavi.fr\/#\/schema\/person\/e540732270cd8b3a026a503df4f1ea3d"},"headline":"La maladie de Charcot chez un proche \u00e2g\u00e9","datePublished":"2024-09-10T14:26:04+00:00","dateModified":"2026-02-18T13:23:34+00:00","mainEntityOfPage":{"@id":"https:\/\/flavi.fr\/index.php\/2024\/09\/10\/la-maladie-de-charcot-chez-un-proche-age\/"},"wordCount":1570,"commentCount":0,"image":{"@id":"https:\/\/flavi.fr\/index.php\/2024\/09\/10\/la-maladie-de-charcot-chez-un-proche-age\/#primaryimage"},"thumbnailUrl":"https:\/\/flavi.fr\/wp-content\/uploads\/2024\/09\/Article.webp","articleSection":["Articles pour auxiliaire de vie"],"inLanguage":"fr-FR","potentialAction":[{"@type":"CommentAction","name":"Comment","target":["https:\/\/flavi.fr\/index.php\/2024\/09\/10\/la-maladie-de-charcot-chez-un-proche-age\/#respond"]}]},{"@type":"WebPage","@id":"https:\/\/flavi.fr\/index.php\/2024\/09\/10\/la-maladie-de-charcot-chez-un-proche-age\/","url":"https:\/\/flavi.fr\/index.php\/2024\/09\/10\/la-maladie-de-charcot-chez-un-proche-age\/","name":"La maladie de Charcot chez un proche \u00e2g\u00e9 - Flavi","isPartOf":{"@id":"https:\/\/flavi.fr\/#website"},"primaryImageOfPage":{"@id":"https:\/\/flavi.fr\/index.php\/2024\/09\/10\/la-maladie-de-charcot-chez-un-proche-age\/#primaryimage"},"image":{"@id":"https:\/\/flavi.fr\/index.php\/2024\/09\/10\/la-maladie-de-charcot-chez-un-proche-age\/#primaryimage"},"thumbnailUrl":"https:\/\/flavi.fr\/wp-content\/uploads\/2024\/09\/Article.webp","datePublished":"2024-09-10T14:26:04+00:00","dateModified":"2026-02-18T13:23:34+00:00","author":{"@id":"https:\/\/flavi.fr\/#\/schema\/person\/e540732270cd8b3a026a503df4f1ea3d"},"description":"Qu\u2019est ce que la maladie de Charcot ? Quels sont les sympt\u00f4mes ? D\u00e9couvrez tout sur la maladie de Charcot\u2026","breadcrumb":{"@id":"https:\/\/flavi.fr\/index.php\/2024\/09\/10\/la-maladie-de-charcot-chez-un-proche-age\/#breadcrumb"},"inLanguage":"fr-FR","potentialAction":[{"@type":"ReadAction","target":["https:\/\/flavi.fr\/index.php\/2024\/09\/10\/la-maladie-de-charcot-chez-un-proche-age\/"]}]},{"@type":"ImageObject","inLanguage":"fr-FR","@id":"https:\/\/flavi.fr\/index.php\/2024\/09\/10\/la-maladie-de-charcot-chez-un-proche-age\/#primaryimage","url":"https:\/\/flavi.fr\/wp-content\/uploads\/2024\/09\/Article.webp","contentUrl":"https:\/\/flavi.fr\/wp-content\/uploads\/2024\/09\/Article.webp","width":472,"height":347,"caption":"Aper\u00e7u d'une personne \u00e2g\u00e9e atteinte de la maladie de Charcot en fauteuil roulant"},{"@type":"BreadcrumbList","@id":"https:\/\/flavi.fr\/index.php\/2024\/09\/10\/la-maladie-de-charcot-chez-un-proche-age\/#breadcrumb","itemListElement":[{"@type":"ListItem","position":1,"name":"Accueil","item":"https:\/\/flavi.fr\/"},{"@type":"ListItem","position":2,"name":"La maladie de Charcot chez un proche \u00e2g\u00e9"}]},{"@type":"WebSite","@id":"https:\/\/flavi.fr\/#website","url":"https:\/\/flavi.fr\/","name":"Flavi","description":"auxiliaires de vie ind\u00e9pendantes","potentialAction":[{"@type":"SearchAction","target":{"@type":"EntryPoint","urlTemplate":"https:\/\/flavi.fr\/?s={search_term_string}"},"query-input":{"@type":"PropertyValueSpecification","valueRequired":true,"valueName":"search_term_string"}}],"inLanguage":"fr-FR"},{"@type":"Person","@id":"https:\/\/flavi.fr\/#\/schema\/person\/e540732270cd8b3a026a503df4f1ea3d","name":"Eva Muringer, Fondatrice de Flavi et enseignante","image":{"@type":"ImageObject","inLanguage":"fr-FR","@id":"https:\/\/secure.gravatar.com\/avatar\/c30b4e242c14546872cc63671192d7e6cac888c35741f84be86494a741cfb896?s=96&d=mm&r=g1e593406708024e749a1e9e33b45acc9","url":"https:\/\/secure.gravatar.com\/avatar\/c30b4e242c14546872cc63671192d7e6cac888c35741f84be86494a741cfb896?s=96&d=mm&r=g","contentUrl":"https:\/\/secure.gravatar.com\/avatar\/c30b4e242c14546872cc63671192d7e6cac888c35741f84be86494a741cfb896?s=96&d=mm&r=g","caption":"Eva Muringer, Fondatrice de Flavi et enseignante"},"sameAs":["https:\/\/www.flavi.fr"],"url":"https:\/\/flavi.fr\/index.php\/author\/admin7211\/"}]}},"modified_by":"Eva Muringer, Fondatrice de Flavi et enseignante","authors":[{"term_id":41,"user_id":1,"is_guest":0,"slug":"admin7211","display_name":"Flavie, experte CESU","avatar_url":"https:\/\/secure.gravatar.com\/avatar\/c30b4e242c14546872cc63671192d7e6cac888c35741f84be86494a741cfb896?s=96&d=mm&r=g","1":"","2":"","3":"","4":"","5":"","6":"","7":"","8":""}],"_links":{"self":[{"href":"https:\/\/flavi.fr\/index.php\/wp-json\/wp\/v2\/posts\/7853","targetHints":{"allow":["GET"]}}],"collection":[{"href":"https:\/\/flavi.fr\/index.php\/wp-json\/wp\/v2\/posts"}],"about":[{"href":"https:\/\/flavi.fr\/index.php\/wp-json\/wp\/v2\/types\/post"}],"author":[{"embeddable":true,"href":"https:\/\/flavi.fr\/index.php\/wp-json\/wp\/v2\/users\/1"}],"replies":[{"embeddable":true,"href":"https:\/\/flavi.fr\/index.php\/wp-json\/wp\/v2\/comments?post=7853"}],"version-history":[{"count":1,"href":"https:\/\/flavi.fr\/index.php\/wp-json\/wp\/v2\/posts\/7853\/revisions"}],"predecessor-version":[{"id":10450,"href":"https:\/\/flavi.fr\/index.php\/wp-json\/wp\/v2\/posts\/7853\/revisions\/10450"}],"wp:featuredmedia":[{"embeddable":true,"href":"https:\/\/flavi.fr\/index.php\/wp-json\/wp\/v2\/media\/7857"}],"wp:attachment":[{"href":"https:\/\/flavi.fr\/index.php\/wp-json\/wp\/v2\/media?parent=7853"}],"wp:term":[{"taxonomy":"category","embeddable":true,"href":"https:\/\/flavi.fr\/index.php\/wp-json\/wp\/v2\/categories?post=7853"},{"taxonomy":"post_tag","embeddable":true,"href":"https:\/\/flavi.fr\/index.php\/wp-json\/wp\/v2\/tags?post=7853"},{"taxonomy":"author","embeddable":true,"href":"https:\/\/flavi.fr\/index.php\/wp-json\/wp\/v2\/ppma_author?post=7853"}],"curies":[{"name":"wp","href":"https:\/\/api.w.org\/{rel}","templated":true}]}}