{"id":7757,"date":"2024-09-11T10:00:30","date_gmt":"2024-09-11T08:00:30","guid":{"rendered":"https:\/\/flavi.fr\/?p=7757"},"modified":"2026-01-02T11:24:53","modified_gmt":"2026-01-02T10:24:53","slug":"quest-ce-que-la-vae-2","status":"publish","type":"post","link":"https:\/\/flavi.fr\/index.php\/2024\/09\/11\/quest-ce-que-la-vae-2\/","title":{"rendered":"Qu&rsquo;est-ce que la VAE ? Partie 2"},"content":{"rendered":"<p>[et_pb_section fb_built=\u00a0\u00bb1&Prime; _builder_version=\u00a0\u00bb4.24.2&Prime; _module_preset=\u00a0\u00bbdefault\u00a0\u00bb global_colors_info=\u00a0\u00bb{}\u00a0\u00bb][et_pb_row _builder_version=\u00a0\u00bb4.24.2&Prime; _module_preset=\u00a0\u00bbdefault\u00a0\u00bb global_colors_info=\u00a0\u00bb{}\u00a0\u00bb][et_pb_column type=\u00a0\u00bb4_4&Prime; _builder_version=\u00a0\u00bb4.24.2&Prime; _module_preset=\u00a0\u00bbdefault\u00a0\u00bb global_colors_info=\u00a0\u00bb{}\u00a0\u00bb][et_pb_text _builder_version=\u00a0\u00bb4.27.4&Prime; _module_preset=\u00a0\u00bbdefault\u00a0\u00bb text_font=\u00a0\u00bbLato||||||||\u00a0\u00bb text_font_size=\u00a0\u00bb18px\u00a0\u00bb text_font_size_tablet=\u00a0\u00bb18px\u00a0\u00bb text_font_size_phone=\u00a0\u00bb18px\u00a0\u00bb text_font_size_last_edited=\u00a0\u00bbon|desktop\u00a0\u00bb global_colors_info=\u00a0\u00bb{}\u00a0\u00bb]<\/p>\n<p style=\"text-align: justify;\"><span style=\"font-weight: 400;\">Vous \u00eates auxiliaire de vie et vous avez pris la d\u00e9cision de vous lancer dans une VAE avec l\u2019objectif d\u2019obtenir votre DEAES (Dipl\u00f4me d\u2019Etat d\u2019Accompagnant \u00c9ducatif et Social) ? F\u00e9licitations ! N\u00e9anmoins, vous avez peut-\u00eatre quelques doutes. Vous vous posez des questions concernant les diff\u00e9rentes \u00e9tapes du parcours et les modalit\u00e9s d\u2019accompagnement &#8230; Rassurez-vous, rien de plus normal ! Flavi est l\u00e0 pour vous aider.<\/span><\/p>\n<p style=\"text-align: justify;\"><span style=\"font-weight: 400;\">Dans cet article, nous allons aborder les \u00e9tapes qu\u2019il vous faudra passer pour obtenir votre dipl\u00f4me. De plus, nous vous livrerons quelques conseils afin que votre VAE se d\u00e9roule le mieux possible.\u00a0<\/span><\/p>\n<p style=\"text-align: justify;\"><span style=\"font-weight: 400;\">Comme preuves \u00e0 l\u2019appui, retrouvez les t\u00e9moignages de deux auxiliaires de vie du r\u00e9seau Flavi, Alix et Marietta. Pour bien comprendre ce qu\u2019est la VAE et quels sont ses impacts sur votre quotidien d\u2019auxiliaire de vie, Flavi vous invite \u00e0 lire son premier article \u00e0 ce sujet <a href=\"https:\/\/flavi.fr\/index.php\/2024\/08\/28\/quest-ce-que-la-vae\/\">Qu&rsquo;est-ce que la VAE ? &#8211; Flavi<\/a> .<\/span><\/p>\n<p style=\"text-align: justify;\"><span style=\"font-weight: 400;\">Pour rappel :\u00a0<\/span><\/p>\n<p style=\"text-align: justify;\"><b>Alix<\/b><span style=\"font-weight: 400;\"> est auxiliaire de vie dans une association, \u00e0 Pau. Depuis peu, elle a d\u00e9cid\u00e9 de se lancer dans une VAE pour obtenir le dipl\u00f4me d\u2019Etat d\u2019Accompagnant \u00c9ducatif et Social (DEAES). Aujourd\u2019hui, il ne lui reste plus qu\u2019\u00e0 franchir la derni\u00e8re ligne droite de son parcours : le grand oral.\u00a0<\/span><\/p>\n<p style=\"text-align: justify;\"><b>Marietta<\/b><span style=\"font-weight: 400;\"> vit \u00e0 S\u00e8te et a valid\u00e9 sa VAE en 2017. Elle travaillait \u00e0 l\u2019\u00e9poque en tant qu\u2019aide \u00e0 domicile au sein d\u2019une association, et apr\u00e8s avoir r\u00e9alis\u00e9 un bon nombre de formations et s\u2019\u00eatre occup\u00e9e de beaucoup de personnes diff\u00e9rentes, elle a eu envie de valider ses acquis.<\/span><\/p>\n<p>[\/et_pb_text][et_pb_button button_url=\u00a0\u00bbhttps:\/\/app.flavi.fr\/login\u00a0\u00bb button_text=\u00a0\u00bbJE TROUVE UN EMPLOYEUR\u00a0\u00bb button_alignment=\u00a0\u00bbcenter\u00a0\u00bb _builder_version=\u00a0\u00bb4.24.2&Prime; _module_preset=\u00a0\u00bbdefault\u00a0\u00bb custom_button=\u00a0\u00bbon\u00a0\u00bb button_text_color=\u00a0\u00bb#2E5C9F\u00a0\u00bb button_bg_color=\u00a0\u00bb#FFC600&Prime; button_border_width=\u00a0\u00bb0px\u00a0\u00bb button_font=\u00a0\u00bb|800|||||||\u00a0\u00bb global_colors_info=\u00a0\u00bb{}\u00a0\u00bb][\/et_pb_button][\/et_pb_column][\/et_pb_row][et_pb_row _builder_version=\u00a0\u00bb4.24.2&Prime; _module_preset=\u00a0\u00bbdefault\u00a0\u00bb global_colors_info=\u00a0\u00bb{}\u00a0\u00bb][et_pb_column type=\u00a0\u00bb4_4&Prime; _builder_version=\u00a0\u00bb4.24.2&Prime; _module_preset=\u00a0\u00bbdefault\u00a0\u00bb global_colors_info=\u00a0\u00bb{}\u00a0\u00bb][et_pb_text _builder_version=\u00a0\u00bb4.27.4&Prime; _module_preset=\u00a0\u00bbdefault\u00a0\u00bb header_2_font=\u00a0\u00bbABeeZee||||||||\u00a0\u00bb header_2_text_color=\u00a0\u00bb#5800a6&Prime; header_2_font_size=\u00a0\u00bb35px\u00a0\u00bb header_2_font_size_tablet=\u00a0\u00bb35px\u00a0\u00bb header_2_font_size_phone=\u00a0\u00bb30px\u00a0\u00bb header_2_font_size_last_edited=\u00a0\u00bbon|desktop\u00a0\u00bb global_colors_info=\u00a0\u00bb{}\u00a0\u00bb]<\/p>\n<div id=\"ez-toc-container\" class=\"ez-toc-v2_0_82_2 ez-toc-wrap-center counter-hierarchy ez-toc-counter ez-toc-custom ez-toc-container-direction\">\n<div class=\"ez-toc-title-container\">\n<p class=\"ez-toc-title\" style=\"cursor:inherit\">Sommaire<\/p>\n<span class=\"ez-toc-title-toggle\"><a href=\"#\" class=\"ez-toc-pull-right ez-toc-btn ez-toc-btn-xs ez-toc-btn-default ez-toc-toggle\" aria-label=\"Toggle Table of Content\"><span class=\"ez-toc-js-icon-con\"><span class=\"\"><span class=\"eztoc-hide\" style=\"display:none;\">Toggle<\/span><span class=\"ez-toc-icon-toggle-span\"><svg style=\"fill: #000000;color:#000000\" xmlns=\"http:\/\/www.w3.org\/2000\/svg\" class=\"list-377408\" width=\"20px\" height=\"20px\" viewBox=\"0 0 24 24\" fill=\"none\"><path d=\"M6 6H4v2h2V6zm14 0H8v2h12V6zM4 11h2v2H4v-2zm16 0H8v2h12v-2zM4 16h2v2H4v-2zm16 0H8v2h12v-2z\" fill=\"currentColor\"><\/path><\/svg><svg style=\"fill: #000000;color:#000000\" class=\"arrow-unsorted-368013\" xmlns=\"http:\/\/www.w3.org\/2000\/svg\" width=\"10px\" height=\"10px\" viewBox=\"0 0 24 24\" version=\"1.2\" baseProfile=\"tiny\"><path d=\"M18.2 9.3l-6.2-6.3-6.2 6.3c-.2.2-.3.4-.3.7s.1.5.3.7c.2.2.4.3.7.3h11c.3 0 .5-.1.7-.3.2-.2.3-.5.3-.7s-.1-.5-.3-.7zM5.8 14.7l6.2 6.3 6.2-6.3c.2-.2.3-.5.3-.7s-.1-.5-.3-.7c-.2-.2-.4-.3-.7-.3h-11c-.3 0-.5.1-.7.3-.2.2-.3.5-.3.7s.1.5.3.7z\"\/><\/svg><\/span><\/span><\/span><\/a><\/span><\/div>\n<nav><ul class='ez-toc-list ez-toc-list-level-1 ' ><li class='ez-toc-page-1 ez-toc-heading-level-2'><a class=\"ez-toc-link ez-toc-heading-1\" href=\"https:\/\/flavi.fr\/index.php\/2024\/09\/11\/quest-ce-que-la-vae-2\/#Se_lancer_dans_une_VAE_en_tant_quauxiliaire_de_vie_les_3_etapes_du_DEAES\" >Se lancer dans une VAE en tant qu&rsquo;auxiliaire de vie : les 3 \u00e9tapes du DEAES<\/a><ul class='ez-toc-list-level-3' ><li class='ez-toc-heading-level-3'><a class=\"ez-toc-link ez-toc-heading-2\" href=\"https:\/\/flavi.fr\/index.php\/2024\/09\/11\/quest-ce-que-la-vae-2\/#Le_Livret_1_ou_%C2%AB_dossier_de_recevabilite_%C2%BB\" >Le Livret 1, ou \u00ab\u00a0dossier de recevabilit\u00e9\u00a0\u00bb<\/a><\/li><li class='ez-toc-page-1 ez-toc-heading-level-3'><a class=\"ez-toc-link ez-toc-heading-3\" href=\"https:\/\/flavi.fr\/index.php\/2024\/09\/11\/quest-ce-que-la-vae-2\/#_Le_Livret_2_ou_%E2%80%9Cdossier_de_validation%E2%80%9D\" >\u00a0Le Livret 2, ou \u201cdossier de validation\u201d<\/a><\/li><li class='ez-toc-page-1 ez-toc-heading-level-3'><a class=\"ez-toc-link ez-toc-heading-4\" href=\"https:\/\/flavi.fr\/index.php\/2024\/09\/11\/quest-ce-que-la-vae-2\/#Le_grand_oral_ou_%C2%AB_entretien_devaluation_finale_%C2%BB\" >Le grand oral, ou \u00ab\u00a0entretien d&rsquo;\u00e9valuation finale\u00a0\u00bb<\/a><\/li><\/ul><\/li><li class='ez-toc-page-1 ez-toc-heading-level-2'><a class=\"ez-toc-link ez-toc-heading-5\" href=\"https:\/\/flavi.fr\/index.php\/2024\/09\/11\/quest-ce-que-la-vae-2\/#DEAES_quelles_competences_requises\" >DEAES : quelles comp\u00e9tences requises ?<\/a><\/li><li class='ez-toc-page-1 ez-toc-heading-level-2'><a class=\"ez-toc-link ez-toc-heading-6\" href=\"https:\/\/flavi.fr\/index.php\/2024\/09\/11\/quest-ce-que-la-vae-2\/#Comment_bien_choisir_votre_organisme_daccompagnement\" >Comment bien choisir votre organisme d&rsquo;accompagnement ?<\/a><\/li><li class='ez-toc-page-1 ez-toc-heading-level-2'><a class=\"ez-toc-link ez-toc-heading-7\" href=\"https:\/\/flavi.fr\/index.php\/2024\/09\/11\/quest-ce-que-la-vae-2\/#Vous_avez_peur_de_ne_pas_y_parvenir_seule_Faites_appel_a_Flavi\" >Vous avez peur de ne pas y parvenir seul.e ? Faites appel \u00e0 Flavi !<\/a><\/li><\/ul><\/nav><\/div>\n<h2 style=\"text-align: justify;\"><span class=\"ez-toc-section\" id=\"Se_lancer_dans_une_VAE_en_tant_quauxiliaire_de_vie_les_3_etapes_du_DEAES\"><\/span><b>Se lancer dans une VAE en tant qu&rsquo;auxiliaire de vie : les 3 \u00e9tapes du DEAES<\/b><span class=\"ez-toc-section-end\"><\/span><\/h2>\n<p>[\/et_pb_text][et_pb_text _builder_version=\u00a0\u00bb4.27.4&Prime; _module_preset=\u00a0\u00bbdefault\u00a0\u00bb text_font=\u00a0\u00bbLato||||||||\u00a0\u00bb text_font_size=\u00a0\u00bb18px\u00a0\u00bb text_font_size_tablet=\u00a0\u00bb18px\u00a0\u00bb text_font_size_phone=\u00a0\u00bb18px\u00a0\u00bb text_font_size_last_edited=\u00a0\u00bbon|phone\u00a0\u00bb global_colors_info=\u00a0\u00bb{}\u00a0\u00bb]<\/p>\n<p style=\"text-align: justify;\"><span style=\"font-weight: 400;\"><span style=\"font-weight: 400;\"><\/span><\/span><span style=\"font-weight: 400;\">Pour les auxiliaires de vie, le parcours de la VAE est compos\u00e9 de 3 \u00e9tapes cl\u00e9s, durant lesquelles vous pouvez \u00eatre accompagn\u00e9.e si vous en ressentez le besoin.\u00a0<\/span><span style=\"font-weight: 400;\"><br \/><\/span><\/p>\n<p>[\/et_pb_text][et_pb_text _builder_version=\u00a0\u00bb4.24.2&Prime; _module_preset=\u00a0\u00bbdefault\u00a0\u00bb header_3_font=\u00a0\u00bbABeeZee||||||||\u00a0\u00bb header_3_text_color=\u00a0\u00bb#7c00dc\u00a0\u00bb header_3_font_size=\u00a0\u00bb25px\u00a0\u00bb header_3_font_size_tablet=\u00a0\u00bb25px\u00a0\u00bb header_3_font_size_phone=\u00a0\u00bb25px\u00a0\u00bb header_3_font_size_last_edited=\u00a0\u00bbon|phone\u00a0\u00bb global_colors_info=\u00a0\u00bb{}\u00a0\u00bb]<\/p>\n<h3><span class=\"ez-toc-section\" id=\"Le_Livret_1_ou_%C2%AB_dossier_de_recevabilite_%C2%BB\"><\/span>Le Livret 1, ou \u00ab\u00a0dossier de recevabilit\u00e9\u00a0\u00bb<span class=\"ez-toc-section-end\"><\/span><\/h3>\n<p>[\/et_pb_text][et_pb_text _builder_version=\u00a0\u00bb4.27.4&Prime; _module_preset=\u00a0\u00bbdefault\u00a0\u00bb text_font=\u00a0\u00bbLato||||||||\u00a0\u00bb text_font_size=\u00a0\u00bb18px\u00a0\u00bb text_font_size_tablet=\u00a0\u00bb18px\u00a0\u00bb text_font_size_phone=\u00a0\u00bb18px\u00a0\u00bb text_font_size_last_edited=\u00a0\u00bbon|phone\u00a0\u00bb global_colors_info=\u00a0\u00bb{}\u00a0\u00bb]<\/p>\n<p style=\"text-align: justify;\"><span style=\"font-weight: 400;\">Cette premi\u00e8re \u00e9tape a pour objectif de v\u00e9rifier que vous \u00eates bien \u00e9ligible \u00e0 la VAE.\u00a0<\/span><\/p>\n<p style=\"text-align: justify;\"><span style=\"font-weight: 400;\">Elle consiste en la r\u00e9daction d\u2019un petit livret, appel\u00e9 \u201cLivret 1\u201d, que vous soumettrez \u00e0 l\u2019organisme certificateur. Dans ce premier livret, pr\u00e9sentez vous, d\u00e9crivez votre parcours, vos exp\u00e9riences professionnelles en rapport avec le m\u00e9tier d\u2019auxiliaire de vie et votre motivation. Ces \u00e9l\u00e9ments permettront \u00e0 l\u2019organisme certificateur de juger de la recevabilit\u00e9 ou non de votre dossier.\u00a0<\/span><\/p>\n<p style=\"text-align: justify;\"><span style=\"font-weight: 400;\">Cette \u00e9tape est plut\u00f4t facile, mais avant de vous lancer, accordez-vous tout de m\u00eame un temps de r\u00e9flexion personnelle, pour r\u00e9pondre aux questions suivantes :\u00a0<\/span><\/p>\n<ul style=\"text-align: justify;\">\n<li style=\"font-weight: 400;\" aria-level=\"1\"><span style=\"font-weight: 400;\">Quelles sont les raisons qui vous poussent \u00e0 faire une VAE ?\u00a0<\/span><\/li>\n<li style=\"font-weight: 400;\" aria-level=\"1\"><span style=\"font-weight: 400;\">Quels sont vos objectifs d\u2019\u00e9volution par rapport \u00e0 votre m\u00e9tier d\u2019auxiliaire de vie ?\u00a0<\/span><\/li>\n<li style=\"font-weight: 400;\" aria-level=\"1\"><span style=\"font-weight: 400;\">Vos \u00e9ventuelles peurs ?\u00a0<\/span><\/li>\n<li style=\"font-weight: 400;\" aria-level=\"1\"><span style=\"font-weight: 400;\">Octroyez-vous ce temps d\u2019introspection et si cela vous aide, posez sur le papier vos comp\u00e9tences et motivations.\u00a0<\/span><\/li>\n<\/ul>\n<p style=\"text-align: justify;\"><span style=\"font-weight: 400;\">Cela vous fera gagner du temps pour la suite !\u00a0<\/span><\/p>\n<p style=\"text-align: justify;\"><span style=\"font-weight: 400;\">Vous devrez patienter jusqu\u2019\u00e0 deux mois avant d\u2019avoir un retour de l\u2019organisme certificateur et de pouvoir passer \u00e0 la seconde \u00e9tape de votre parcours VAE.<\/span><\/p>\n<p>[\/et_pb_text][et_pb_image src=\u00a0\u00bbhttps:\/\/flavi.fr\/wp-content\/uploads\/2024\/08\/Les-aides-de-la-PCH-en-plus-de-laide-humaine-23-1.webp\u00a0\u00bb alt=\u00a0\u00bbVAE DEAES Auxiliaire de vie\u00a0\u00bb title_text=\u00a0\u00bbVAE DEAES Auxiliaire de vie\u00a0\u00bb _builder_version=\u00a0\u00bb4.24.2&Prime; _module_preset=\u00a0\u00bbdefault\u00a0\u00bb global_colors_info=\u00a0\u00bb{}\u00a0\u00bb][\/et_pb_image][et_pb_text _builder_version=\u00a0\u00bb4.24.2&Prime; _module_preset=\u00a0\u00bbdefault\u00a0\u00bb header_3_font=\u00a0\u00bbABeeZee||||||||\u00a0\u00bb header_3_text_color=\u00a0\u00bb#7c00dc\u00a0\u00bb header_3_font_size=\u00a0\u00bb25px\u00a0\u00bb header_3_font_size_tablet=\u00a0\u00bb25px\u00a0\u00bb header_3_font_size_phone=\u00a0\u00bb25px\u00a0\u00bb header_3_font_size_last_edited=\u00a0\u00bbon|phone\u00a0\u00bb global_colors_info=\u00a0\u00bb{}\u00a0\u00bb]<\/p>\n<h3><span class=\"ez-toc-section\" id=\"_Le_Livret_2_ou_%E2%80%9Cdossier_de_validation%E2%80%9D\"><\/span><b>\u00a0Le Livret 2, ou \u201cdossier de validation\u201d<\/b><span class=\"ez-toc-section-end\"><\/span><\/h3>\n<p>[\/et_pb_text][et_pb_text _builder_version=\u00a0\u00bb4.27.4&Prime; _module_preset=\u00a0\u00bbdefault\u00a0\u00bb text_font=\u00a0\u00bbLato||||||||\u00a0\u00bb text_font_size=\u00a0\u00bb18px\u00a0\u00bb text_font_size_tablet=\u00a0\u00bb18px\u00a0\u00bb text_font_size_phone=\u00a0\u00bb18px\u00a0\u00bb text_font_size_last_edited=\u00a0\u00bbon|phone\u00a0\u00bb global_colors_info=\u00a0\u00bb{}\u00a0\u00bb]<\/p>\n<p style=\"text-align: justify;\"><span style=\"font-weight: 400;\">Si votre Livret 1 est recevable, vous pouvez alors passer \u00e0 l\u2019\u00e9tape suivante qui consiste en la r\u00e9daction du Livret 2. Cette partie est la plus longue et la plus pouss\u00e9e du parcours de la VAE. En effet, il vous sera demand\u00e9 de r\u00e9pondre \u00e0 toute une s\u00e9rie de questions pour d\u00e9tailler vos savoir-faire et exp\u00e9riences professionnelles.*<\/span><\/p>\n<p style=\"text-align: justify;\"><span style=\"font-weight: 400;\">Le dossier final est relativement cons\u00e9quent, et peut n\u00e9cessiter plusieurs mois pour \u00eatre compl\u00e9t\u00e9, en fonction de vos disponibilit\u00e9s. Cependant, pas de panique, il s\u2019agit de prendre son temps et de le remplir pas-\u00e0-pas, tout en \u00e9tant accompagn\u00e9.e si besoin. Vous verrez, c\u2019est avant tout un tr\u00e8s bon exercice d\u2019introspection !<\/span><\/p>\n<p>[\/et_pb_text][et_pb_image src=\u00a0\u00bbhttps:\/\/flavi.fr\/wp-content\/uploads\/2024\/08\/Les-aides-de-la-PCH-en-plus-de-laide-humaine-25-1.webp\u00a0\u00bb alt=\u00a0\u00bbPartie 2 du VAE du DEAES\u00a0\u00bb title_text=\u00a0\u00bbPartie 2 du VAE du DEAES\u00a0\u00bb _builder_version=\u00a0\u00bb4.24.2&Prime; _module_preset=\u00a0\u00bbdefault\u00a0\u00bb global_colors_info=\u00a0\u00bb{}\u00a0\u00bb][\/et_pb_image][et_pb_text _builder_version=\u00a0\u00bb4.24.2&Prime; _module_preset=\u00a0\u00bbdefault\u00a0\u00bb header_3_font=\u00a0\u00bbABeeZee||||||||\u00a0\u00bb header_3_text_color=\u00a0\u00bb#7c00dc\u00a0\u00bb header_3_font_size=\u00a0\u00bb25px\u00a0\u00bb header_3_font_size_tablet=\u00a0\u00bb25px\u00a0\u00bb header_3_font_size_phone=\u00a0\u00bb25px\u00a0\u00bb header_3_font_size_last_edited=\u00a0\u00bbon|phone\u00a0\u00bb global_colors_info=\u00a0\u00bb{}\u00a0\u00bb]<\/p>\n<h3><span class=\"ez-toc-section\" id=\"Le_grand_oral_ou_%C2%AB_entretien_devaluation_finale_%C2%BB\"><\/span><b>Le grand oral, ou \u00ab\u00a0entretien d&rsquo;\u00e9valuation finale\u00a0\u00bb<\/b><span class=\"ez-toc-section-end\"><\/span><\/h3>\n<p>[\/et_pb_text][et_pb_text _builder_version=\u00a0\u00bb4.27.4&Prime; _module_preset=\u00a0\u00bbdefault\u00a0\u00bb text_font=\u00a0\u00bbLato||||||||\u00a0\u00bb text_font_size=\u00a0\u00bb18px\u00a0\u00bb text_font_size_tablet=\u00a0\u00bb18px\u00a0\u00bb text_font_size_phone=\u00a0\u00bb18px\u00a0\u00bb text_font_size_last_edited=\u00a0\u00bbon|phone\u00a0\u00bb global_colors_info=\u00a0\u00bb{}\u00a0\u00bb]<\/p>\n<p style=\"text-align: justify;\"><span style=\"font-weight: 400;\">Enfin, si votre Livret 2 est valid\u00e9, vous pourrez vous attaquer \u00e0 la troisi\u00e8me et derni\u00e8re \u00e9tape du parcours : l\u2019oral. Cette partie consiste en un passage d\u2019une trentaine de minutes de chaque candidat.e devant un jury. <\/span><\/p>\n<p style=\"text-align: justify;\"><span style=\"font-weight: 400;\">En effet, celui-ci est compos\u00e9 de professionnels de votre secteur, qui valideront ou non votre dipl\u00f4me. Le jury pourra vous poser des questions diverses et vari\u00e9es concernant votre dossier de validation et vos exp\u00e9riences. De plus , il pourra vous sugg\u00e9rer une mise en situation professionnelle. <\/span><\/p>\n<p style=\"text-align: justify;\"><span style=\"font-weight: 400;\">Bien que cette \u00e9tape paraisse un peu formelle, consid\u00e9rez l\u00e0 avant tout comme le point final de votre VAE : l\u2019objectif n\u2019est pas de vous pi\u00e9ger ou de vous mettre mal \u00e0 l&rsquo;aise. En effet, il s\u2019agit avant tout d\u2019un \u00e9change et surtout d\u2019une opportunit\u00e9 pour vous de simplement prouver que vous avez les comp\u00e9tences demand\u00e9es.<\/span><\/p>\n<p>[\/et_pb_text][et_pb_image src=\u00a0\u00bbhttps:\/\/flavi.fr\/wp-content\/uploads\/2024\/08\/Les-aides-de-la-PCH-en-plus-de-laide-humaine-26.webp\u00a0\u00bb alt=\u00a0\u00bbPartie 3 du VAE du DEAES \u00a0\u00bb title_text=\u00a0\u00bbPartie 3 du VAE du DEAES \u00a0\u00bb _builder_version=\u00a0\u00bb4.24.2&Prime; _module_preset=\u00a0\u00bbdefault\u00a0\u00bb hover_enabled=\u00a0\u00bb0&Prime; global_colors_info=\u00a0\u00bb{}\u00a0\u00bb sticky_enabled=\u00a0\u00bb0&Prime;][\/et_pb_image][et_pb_text _builder_version=\u00a0\u00bb4.27.4&Prime; _module_preset=\u00a0\u00bbdefault\u00a0\u00bb text_font=\u00a0\u00bbLato||||||||\u00a0\u00bb text_font_size=\u00a0\u00bb18px\u00a0\u00bb text_font_size_tablet=\u00a0\u00bb18px\u00a0\u00bb text_font_size_phone=\u00a0\u00bb18px\u00a0\u00bb text_font_size_last_edited=\u00a0\u00bbon|phone\u00a0\u00bb global_colors_info=\u00a0\u00bb{}\u00a0\u00bb]<\/p>\n<p style=\"text-align: justify;\"><b>Le retour d\u2019exp\u00e9rience de Marietta :<\/b><\/p>\n<p style=\"text-align: justify;\"><b><i>\u201cApr\u00e8s avoir envoy\u00e9 tous les dossiers, il y a un examen oral devant un jury. \u00c7a s&rsquo;est bien pass\u00e9, ils m\u2019ont pos\u00e9 plein de questions sur le travail en lui-m\u00eame. Si l\u2019on est dou\u00e9e dans son travail, franchement ce n\u2019est pas si compliqu\u00e9. Il faut \u00eatre ouverte \u00e0 tout, c\u2019est par exemple important de conna\u00eetre les diff\u00e9rentes maladies auxquelles on peut \u00eatre confront\u00e9e en tant qu\u2019auxiliaire de vie\u201d.<\/i><\/b><\/p>\n<p>[\/et_pb_text][et_pb_text _builder_version=\u00a0\u00bb4.24.2&Prime; _module_preset=\u00a0\u00bbdefault\u00a0\u00bb header_2_font=\u00a0\u00bbABeeZee||||||||\u00a0\u00bb header_2_text_color=\u00a0\u00bb#5800a6&Prime; header_2_font_size=\u00a0\u00bb35px\u00a0\u00bb header_2_font_size_tablet=\u00a0\u00bb35px\u00a0\u00bb header_2_font_size_phone=\u00a0\u00bb30px\u00a0\u00bb header_2_font_size_last_edited=\u00a0\u00bbon|desktop\u00a0\u00bb global_colors_info=\u00a0\u00bb{}\u00a0\u00bb]<\/p>\n<h2><span class=\"ez-toc-section\" id=\"DEAES_quelles_competences_requises\"><\/span><b>DEAES : quelles comp\u00e9tences requises ?<\/b><span class=\"ez-toc-section-end\"><\/span><\/h2>\n<p>[\/et_pb_text][et_pb_text _builder_version=\u00a0\u00bb4.27.4&Prime; _module_preset=\u00a0\u00bbdefault\u00a0\u00bb text_font=\u00a0\u00bbLato||||||||\u00a0\u00bb text_font_size=\u00a0\u00bb18px\u00a0\u00bb text_font_size_tablet=\u00a0\u00bb18px\u00a0\u00bb text_font_size_phone=\u00a0\u00bb18px\u00a0\u00bb text_font_size_last_edited=\u00a0\u00bbon|phone\u00a0\u00bb global_colors_info=\u00a0\u00bb{}\u00a0\u00bb]<\/p>\n<p style=\"text-align: justify;\"><span style=\"font-weight: 400;\">Depuis septembre 2021, les modalit\u00e9s d\u2019obtention du DEAES ont l\u00e9g\u00e8rement chang\u00e9 suite \u00e0 la publication d\u2019un nouvel arr\u00eat\u00e9 issu du Minist\u00e8re des Solidarit\u00e9 et de la Sant\u00e9. En effet, le DEAES comprenait jusqu\u2019alors les trois sp\u00e9cialit\u00e9s suivantes :\u00a0<\/span><\/p>\n<ul style=\"text-align: justify;\">\n<li style=\"font-weight: 400;\" aria-level=\"1\"><span style=\"font-weight: 400;\">Accompagnement de la vie \u00e0 domicile ;<\/span><\/li>\n<li style=\"font-weight: 400;\" aria-level=\"1\"><span style=\"font-weight: 400;\">Accompagnement de la vie en structure collective ;<\/span><\/li>\n<li style=\"font-weight: 400;\" aria-level=\"1\"><span style=\"font-weight: 400;\">Accompagnement \u00e0 l\u2019\u00e9ducation inclusive et \u00e0 la vie ordinaire.\u00a0<\/span><\/li>\n<\/ul>\n<p style=\"text-align: justify;\"><span style=\"font-weight: 400;\">Aujourd\u2019hui, ces diff\u00e9rentes sp\u00e9cialit\u00e9s ont fusionn\u00e9 et regroupent \u00e0 elles trois <\/span><b>tout un ensemble de comp\u00e9tences requises<\/b><span style=\"font-weight: 400;\">, divis\u00e9es en 5 grands blocs de comp\u00e9tences :<\/span><b><\/b><\/p>\n<p style=\"text-align: justify;\"><span style=\"font-weight: 400;\"><\/span><\/p>\n<ol>\n<li style=\"text-align: justify;\"><span style=\"font-weight: 400;\">Accompagnement de la personne dans les actes essentiels de la vie quotidienne ;<\/span><\/li>\n<li style=\"text-align: justify;\">Accompagnement de la personne dans les actes de la vie quotidienne dans le respect de cette personne et des r\u00e8gles d\u2019hygi\u00e8ne et de s\u00e9curit\u00e9 ;<\/li>\n<li style=\"text-align: justify;\">Accompagnement \u00e0 la vie sociale et relationnelle de la personne ;<\/li>\n<li style=\"text-align: justify;\">Positionnement en tant que travailleur social dans son contexte d\u2019intervention ;<\/li>\n<li style=\"text-align: justify;\">Travailler en \u00e9quipe pluri-professionnelle, gestion des risques et traitement des informations li\u00e9es \u00e0 l\u2019accompagnement de la personne.<\/li>\n<\/ol>\n<p>[\/et_pb_text][et_pb_text _builder_version=\u00a0\u00bb4.27.4&Prime; _module_preset=\u00a0\u00bbdefault\u00a0\u00bb header_2_font=\u00a0\u00bbABeeZee||||||||\u00a0\u00bb header_2_text_color=\u00a0\u00bb#5800a6&Prime; header_2_font_size=\u00a0\u00bb35px\u00a0\u00bb header_2_font_size_tablet=\u00a0\u00bb35px\u00a0\u00bb header_2_font_size_phone=\u00a0\u00bb30px\u00a0\u00bb header_2_font_size_last_edited=\u00a0\u00bbon|desktop\u00a0\u00bb global_colors_info=\u00a0\u00bb{}\u00a0\u00bb]<\/p>\n<h2 style=\"text-align: justify;\"><span class=\"ez-toc-section\" id=\"Comment_bien_choisir_votre_organisme_daccompagnement\"><\/span><b>Comment bien choisir votre organisme d&rsquo;accompagnement ?<\/b><span class=\"ez-toc-section-end\"><\/span><\/h2>\n<p>[\/et_pb_text][et_pb_text _builder_version=\u00a0\u00bb4.27.4&Prime; _module_preset=\u00a0\u00bbdefault\u00a0\u00bb text_font=\u00a0\u00bbLato||||||||\u00a0\u00bb text_font_size=\u00a0\u00bb18px\u00a0\u00bb text_font_size_tablet=\u00a0\u00bb18px\u00a0\u00bb text_font_size_phone=\u00a0\u00bb18px\u00a0\u00bb text_font_size_last_edited=\u00a0\u00bbon|phone\u00a0\u00bb global_colors_info=\u00a0\u00bb{}\u00a0\u00bb]<\/p>\n<p style=\"text-align: justify;\"><span style=\"font-weight: 400;\">Bien que les \u00e9tapes d\u00e9crites ci-dessus puissent vous para\u00eetre difficiles \u00e0 surmonter, ce n\u2019est pas le cas et vous pouvez y arriver seule. Flavi vous recommande avant toute chose de choisir le bon moment <\/span><span style=\"font-weight: 400;\">pour vous<\/span><span style=\"font-weight: 400;\"> : motivation, temps et exp\u00e9riences sont vos meilleurs arguments pour r\u00e9ussir.\u00a0<\/span><\/p>\n<p style=\"text-align: justify;\"><span style=\"font-weight: 400;\">N\u00e9anmoins, vous pouvez tout \u00e0 fait prendre la d\u00e9cision de vous faire accompagner dans votre parcours VAE. Cela concerne la r\u00e9daction du Livret 2 et la pr\u00e9paration de l\u2019oral final. Certaines formations, comme celle propos\u00e9e par les partenaires Flavi, sont finan\u00e7ables avec votre CPF (Compte Personnel de Formation). Attention cependant aux arnaques : de plus en plus d\u2019organismes de formation vous d\u00e9marchent en vous incitant \u00e0 d\u00e9penser le cr\u00e9dit de votre CPF. Veillez donc \u00e0 choisir un organisme s\u00e9rieux et sp\u00e9cialis\u00e9 dans votre domaine de comp\u00e9tences. En effet, Flavi vous recommande de vous m\u00e9fier des organismes de formation qui couvrent de nombreux domaines, qui n\u2019ont rien \u00e0 voir les uns avec les autres \u2026<\/span><\/p>\n<p style=\"text-align: justify;\"><span style=\"font-weight: 400;\">Avant de vous inscrire \u00e0 un quelconque accompagnement, n\u2019h\u00e9sitez pas \u00e0 organiser un appel t\u00e9l\u00e9phonique avec l\u2019organisme en question. Vous pourrez lui poser toutes les questions qui vous semblent importantes.\u00a0<\/span><\/p>\n<p style=\"text-align: justify;\"><span style=\"font-weight: 400;\">Par exemple :\u00a0<\/span><\/p>\n<ul style=\"text-align: justify;\">\n<li style=\"font-weight: 400;\" aria-level=\"1\"><span style=\"font-weight: 400;\">Quelles sont les modalit\u00e9s pr\u00e9cises de l\u2019accompagnement (individuel, collectif) ?<\/span><\/li>\n<li style=\"font-weight: 400;\" aria-level=\"1\"><span style=\"font-weight: 400;\">Quelles sont les possibilit\u00e9s de paiement ?\u00a0<\/span><\/li>\n<li style=\"font-weight: 400;\" aria-level=\"1\"><span style=\"font-weight: 400;\">Quelles sont les disponibilit\u00e9s du formateur et comment le contacter en cas de besoin ?\u00a0<\/span><\/li>\n<li style=\"font-weight: 400;\" aria-level=\"1\"><span style=\"font-weight: 400;\">Quelles sont les exp\u00e9riences dans le domaine des Services \u00e0 la Personne (SAP) et en tant que formateur VAE ?\u00a0<\/span><\/li>\n<li style=\"font-weight: 400;\" aria-level=\"1\"><span style=\"font-weight: 400;\">Quel est le pourcentage de r\u00e9ussite de l\u2019organisme de formation ? Quelle est l\u2019exp\u00e9rience du formateur ?<\/span><\/li>\n<\/ul>\n<p style=\"text-align: justify;\"><b>Le conseil d\u2019Alix :<\/b><span style=\"font-weight: 400;\">\u00a0<\/span><\/p>\n<p style=\"text-align: justify;\"><b><i>\u201cFaites attention \u00e0 ne pas faire appel \u00e0 n\u2019importe quel organisme pour vous aider dans la r\u00e9daction de votre Livret 2 ! Certains vous feront payer puis ne vous aideront pas vraiment car ce n\u2019est pas leur m\u00e9tier\u201d. <\/i><\/b><\/p>\n<p>[\/et_pb_text][et_pb_text _builder_version=\u00a0\u00bb4.27.4&Prime; _module_preset=\u00a0\u00bbdefault\u00a0\u00bb header_2_font=\u00a0\u00bbABeeZee||||||||\u00a0\u00bb header_2_text_color=\u00a0\u00bb#5800a6&Prime; header_2_font_size=\u00a0\u00bb35px\u00a0\u00bb header_2_font_size_tablet=\u00a0\u00bb35px\u00a0\u00bb header_2_font_size_phone=\u00a0\u00bb30px\u00a0\u00bb header_2_font_size_last_edited=\u00a0\u00bbon|desktop\u00a0\u00bb global_colors_info=\u00a0\u00bb{}\u00a0\u00bb]<\/p>\n<h2 style=\"text-align: justify;\"><span class=\"ez-toc-section\" id=\"Vous_avez_peur_de_ne_pas_y_parvenir_seule_Faites_appel_a_Flavi\"><\/span><b>Vous avez peur de ne pas y parvenir seul.e ? Faites appel \u00e0 Flavi !<\/b><span class=\"ez-toc-section-end\"><\/span><\/h2>\n<p>[\/et_pb_text][et_pb_text _builder_version=\u00a0\u00bb4.27.4&Prime; _module_preset=\u00a0\u00bbdefault\u00a0\u00bb text_font=\u00a0\u00bbLato||||||||\u00a0\u00bb text_font_size=\u00a0\u00bb18px\u00a0\u00bb text_font_size_tablet=\u00a0\u00bb18px\u00a0\u00bb text_font_size_phone=\u00a0\u00bb18px\u00a0\u00bb text_font_size_last_edited=\u00a0\u00bbon|phone\u00a0\u00bb global_colors_info=\u00a0\u00bb{}\u00a0\u00bb]<\/p>\n<p style=\"text-align: justify;\"><span style=\"font-weight: 400;\">Si vous avez peur de vous lancer en toute autonomie et que vous ressentez le besoin d&rsquo;\u00eatre \u00e9paul\u00e9.e dans votre parcours d\u2019obtention du DEAES, Flavi peut vous accompagner ! Ecrivez nous sur messenger ou \u00e0 contact@flavi.fri pour \u00eatre conseill\u00e9.e et choisir le bon partenaire VAE, finan\u00e7able via votre CPF.<\/span><\/p>\n<p>[\/et_pb_text][et_pb_button button_url=\u00a0\u00bbhttps:\/\/www.facebook.com\/flavi.avsadv\/\u00a0\u00bb button_text=\u00a0\u00bbNotre profil Facebook\u00a0\u00bb button_alignment=\u00a0\u00bbcenter\u00a0\u00bb _builder_version=\u00a0\u00bb4.27.4&Prime; _module_preset=\u00a0\u00bbdefault\u00a0\u00bb custom_button=\u00a0\u00bbon\u00a0\u00bb button_text_color=\u00a0\u00bb#2E5C9F\u00a0\u00bb button_bg_color=\u00a0\u00bb#FFC600&Prime; button_border_width=\u00a0\u00bb0px\u00a0\u00bb button_font=\u00a0\u00bb|800|||||||\u00a0\u00bb global_colors_info=\u00a0\u00bb{}\u00a0\u00bb][\/et_pb_button][\/et_pb_column][\/et_pb_row][\/et_pb_section]<\/p>\n","protected":false},"excerpt":{"rendered":"<p>Vous \u00eates auxiliaire de vie et vous avez pris la d\u00e9cision de vous lancer dans une VAE avec l\u2019objectif d\u2019obtenir votre DEAES (Dipl\u00f4me d\u2019Etat d\u2019Accompagnant \u00c9ducatif et Social) ? F\u00e9licitations ! N\u00e9anmoins, vous avez peut-\u00eatre quelques doutes. Vous vous posez des questions concernant les diff\u00e9rentes \u00e9tapes du parcours et les modalit\u00e9s d\u2019accompagnement &#8230; Rassurez-vous, rien [&hellip;]<\/p>\n","protected":false},"author":1,"featured_media":7761,"comment_status":"open","ping_status":"open","sticky":false,"template":"","format":"aside","meta":{"_et_pb_use_builder":"on","_et_pb_old_content":"","_et_gb_content_width":"","_lmt_disableupdate":"","_lmt_disable":"","_monsterinsights_skip_tracking":false,"_monsterinsights_sitenote_active":false,"_monsterinsights_sitenote_note":"","_monsterinsights_sitenote_category":0,"footnotes":""},"categories":[1],"tags":[],"ppma_author":[41],"class_list":["post-7757","post","type-post","status-publish","format-aside","has-post-thumbnail","hentry","category-articles-pour-particuliers","post_format-post-format-aside"],"yoast_head":"<!-- This site is optimized with the Yoast SEO plugin v27.5 - https:\/\/yoast.com\/product\/yoast-seo-wordpress\/ -->\n<title>Qu&#039;est-ce que la VAE ? Partie 2 - Flavi<\/title>\n<meta name=\"description\" content=\"Vous souhaitez en savoir plus sur la VAE auxiliaire de vie ? Quelles sont les \u00e9tapes cl\u00e9s du DEAES ? Quelles sont les comp\u00e9tences requises ?\" \/>\n<meta name=\"robots\" content=\"index, follow, max-snippet:-1, max-image-preview:large, max-video-preview:-1\" \/>\n<link rel=\"canonical\" href=\"https:\/\/flavi.fr\/index.php\/2024\/09\/11\/quest-ce-que-la-vae-2\/\" \/>\n<meta property=\"og:locale\" content=\"fr_FR\" \/>\n<meta property=\"og:type\" content=\"article\" \/>\n<meta property=\"og:title\" content=\"Qu&#039;est-ce que la VAE ? Partie 2 - Flavi\" \/>\n<meta property=\"og:description\" content=\"Vous souhaitez en savoir plus sur la VAE auxiliaire de vie ? Quelles sont les \u00e9tapes cl\u00e9s du DEAES ? Quelles sont les comp\u00e9tences requises ?\" \/>\n<meta property=\"og:url\" content=\"https:\/\/flavi.fr\/index.php\/2024\/09\/11\/quest-ce-que-la-vae-2\/\" \/>\n<meta property=\"og:site_name\" content=\"Flavi\" \/>\n<meta property=\"article:published_time\" content=\"2024-09-11T08:00:30+00:00\" \/>\n<meta property=\"article:modified_time\" content=\"2026-01-02T10:24:53+00:00\" \/>\n<meta property=\"og:image\" content=\"https:\/\/flavi.fr\/wp-content\/uploads\/2024\/08\/VAE.webp\" \/>\n\t<meta property=\"og:image:width\" content=\"426\" \/>\n\t<meta property=\"og:image:height\" content=\"351\" \/>\n\t<meta property=\"og:image:type\" content=\"image\/webp\" \/>\n<meta name=\"author\" content=\"Flavie, experte CESU\" \/>\n<meta name=\"twitter:card\" content=\"summary_large_image\" \/>\n<meta name=\"twitter:label1\" content=\"\u00c9crit par\" \/>\n\t<meta name=\"twitter:data1\" content=\"Flavie, experte CESU\" \/>\n\t<meta name=\"twitter:label2\" content=\"Dur\u00e9e de lecture estim\u00e9e\" \/>\n\t<meta name=\"twitter:data2\" content=\"8 minutes\" \/>\n<script type=\"application\/ld+json\" class=\"yoast-schema-graph\">{\"@context\":\"https:\\\/\\\/schema.org\",\"@graph\":[{\"@type\":\"Article\",\"@id\":\"https:\\\/\\\/flavi.fr\\\/index.php\\\/2024\\\/09\\\/11\\\/quest-ce-que-la-vae-2\\\/#article\",\"isPartOf\":{\"@id\":\"https:\\\/\\\/flavi.fr\\\/index.php\\\/2024\\\/09\\\/11\\\/quest-ce-que-la-vae-2\\\/\"},\"author\":{\"name\":\"Eva Muringer, Fondatrice de Flavi et enseignante\",\"@id\":\"https:\\\/\\\/flavi.fr\\\/#\\\/schema\\\/person\\\/e540732270cd8b3a026a503df4f1ea3d\"},\"headline\":\"Qu&rsquo;est-ce que la VAE ? Partie 2\",\"datePublished\":\"2024-09-11T08:00:30+00:00\",\"dateModified\":\"2026-01-02T10:24:53+00:00\",\"mainEntityOfPage\":{\"@id\":\"https:\\\/\\\/flavi.fr\\\/index.php\\\/2024\\\/09\\\/11\\\/quest-ce-que-la-vae-2\\\/\"},\"wordCount\":2381,\"commentCount\":0,\"image\":{\"@id\":\"https:\\\/\\\/flavi.fr\\\/index.php\\\/2024\\\/09\\\/11\\\/quest-ce-que-la-vae-2\\\/#primaryimage\"},\"thumbnailUrl\":\"https:\\\/\\\/flavi.fr\\\/wp-content\\\/uploads\\\/2024\\\/08\\\/VAE.webp\",\"articleSection\":[\"Articles pour particuliers\"],\"inLanguage\":\"fr-FR\",\"potentialAction\":[{\"@type\":\"CommentAction\",\"name\":\"Comment\",\"target\":[\"https:\\\/\\\/flavi.fr\\\/index.php\\\/2024\\\/09\\\/11\\\/quest-ce-que-la-vae-2\\\/#respond\"]}]},{\"@type\":\"WebPage\",\"@id\":\"https:\\\/\\\/flavi.fr\\\/index.php\\\/2024\\\/09\\\/11\\\/quest-ce-que-la-vae-2\\\/\",\"url\":\"https:\\\/\\\/flavi.fr\\\/index.php\\\/2024\\\/09\\\/11\\\/quest-ce-que-la-vae-2\\\/\",\"name\":\"Qu'est-ce que la VAE ? Partie 2 - Flavi\",\"isPartOf\":{\"@id\":\"https:\\\/\\\/flavi.fr\\\/#website\"},\"primaryImageOfPage\":{\"@id\":\"https:\\\/\\\/flavi.fr\\\/index.php\\\/2024\\\/09\\\/11\\\/quest-ce-que-la-vae-2\\\/#primaryimage\"},\"image\":{\"@id\":\"https:\\\/\\\/flavi.fr\\\/index.php\\\/2024\\\/09\\\/11\\\/quest-ce-que-la-vae-2\\\/#primaryimage\"},\"thumbnailUrl\":\"https:\\\/\\\/flavi.fr\\\/wp-content\\\/uploads\\\/2024\\\/08\\\/VAE.webp\",\"datePublished\":\"2024-09-11T08:00:30+00:00\",\"dateModified\":\"2026-01-02T10:24:53+00:00\",\"author\":{\"@id\":\"https:\\\/\\\/flavi.fr\\\/#\\\/schema\\\/person\\\/e540732270cd8b3a026a503df4f1ea3d\"},\"description\":\"Vous souhaitez en savoir plus sur la VAE auxiliaire de vie ? Quelles sont les \u00e9tapes cl\u00e9s du DEAES ? Quelles sont les comp\u00e9tences requises ?\",\"breadcrumb\":{\"@id\":\"https:\\\/\\\/flavi.fr\\\/index.php\\\/2024\\\/09\\\/11\\\/quest-ce-que-la-vae-2\\\/#breadcrumb\"},\"inLanguage\":\"fr-FR\",\"potentialAction\":[{\"@type\":\"ReadAction\",\"target\":[\"https:\\\/\\\/flavi.fr\\\/index.php\\\/2024\\\/09\\\/11\\\/quest-ce-que-la-vae-2\\\/\"]}]},{\"@type\":\"ImageObject\",\"inLanguage\":\"fr-FR\",\"@id\":\"https:\\\/\\\/flavi.fr\\\/index.php\\\/2024\\\/09\\\/11\\\/quest-ce-que-la-vae-2\\\/#primaryimage\",\"url\":\"https:\\\/\\\/flavi.fr\\\/wp-content\\\/uploads\\\/2024\\\/08\\\/VAE.webp\",\"contentUrl\":\"https:\\\/\\\/flavi.fr\\\/wp-content\\\/uploads\\\/2024\\\/08\\\/VAE.webp\",\"width\":426,\"height\":351,\"caption\":\"Une auxiliaire de vie form\u00e9e accompagnant une personne \u00e2g\u00e9e\"},{\"@type\":\"BreadcrumbList\",\"@id\":\"https:\\\/\\\/flavi.fr\\\/index.php\\\/2024\\\/09\\\/11\\\/quest-ce-que-la-vae-2\\\/#breadcrumb\",\"itemListElement\":[{\"@type\":\"ListItem\",\"position\":1,\"name\":\"Accueil\",\"item\":\"https:\\\/\\\/flavi.fr\\\/\"},{\"@type\":\"ListItem\",\"position\":2,\"name\":\"Qu&rsquo;est-ce que la VAE ? Partie 2\"}]},{\"@type\":\"WebSite\",\"@id\":\"https:\\\/\\\/flavi.fr\\\/#website\",\"url\":\"https:\\\/\\\/flavi.fr\\\/\",\"name\":\"Flavi\",\"description\":\"auxiliaires de vie ind\u00e9pendantes\",\"potentialAction\":[{\"@type\":\"SearchAction\",\"target\":{\"@type\":\"EntryPoint\",\"urlTemplate\":\"https:\\\/\\\/flavi.fr\\\/?s={search_term_string}\"},\"query-input\":{\"@type\":\"PropertyValueSpecification\",\"valueRequired\":true,\"valueName\":\"search_term_string\"}}],\"inLanguage\":\"fr-FR\"},{\"@type\":\"Person\",\"@id\":\"https:\\\/\\\/flavi.fr\\\/#\\\/schema\\\/person\\\/e540732270cd8b3a026a503df4f1ea3d\",\"name\":\"Eva Muringer, Fondatrice de Flavi et enseignante\",\"image\":{\"@type\":\"ImageObject\",\"inLanguage\":\"fr-FR\",\"@id\":\"https:\\\/\\\/secure.gravatar.com\\\/avatar\\\/c30b4e242c14546872cc63671192d7e6cac888c35741f84be86494a741cfb896?s=96&d=mm&r=g1e593406708024e749a1e9e33b45acc9\",\"url\":\"https:\\\/\\\/secure.gravatar.com\\\/avatar\\\/c30b4e242c14546872cc63671192d7e6cac888c35741f84be86494a741cfb896?s=96&d=mm&r=g\",\"contentUrl\":\"https:\\\/\\\/secure.gravatar.com\\\/avatar\\\/c30b4e242c14546872cc63671192d7e6cac888c35741f84be86494a741cfb896?s=96&d=mm&r=g\",\"caption\":\"Eva Muringer, Fondatrice de Flavi et enseignante\"},\"sameAs\":[\"https:\\\/\\\/www.flavi.fr\"],\"url\":\"https:\\\/\\\/flavi.fr\\\/index.php\\\/author\\\/admin7211\\\/\"}]}<\/script>\n<!-- \/ Yoast SEO plugin. -->","yoast_head_json":{"title":"Qu'est-ce que la VAE ? Partie 2 - Flavi","description":"Vous souhaitez en savoir plus sur la VAE auxiliaire de vie ? Quelles sont les \u00e9tapes cl\u00e9s du DEAES ? Quelles sont les comp\u00e9tences requises ?","robots":{"index":"index","follow":"follow","max-snippet":"max-snippet:-1","max-image-preview":"max-image-preview:large","max-video-preview":"max-video-preview:-1"},"canonical":"https:\/\/flavi.fr\/index.php\/2024\/09\/11\/quest-ce-que-la-vae-2\/","og_locale":"fr_FR","og_type":"article","og_title":"Qu'est-ce que la VAE ? Partie 2 - Flavi","og_description":"Vous souhaitez en savoir plus sur la VAE auxiliaire de vie ? Quelles sont les \u00e9tapes cl\u00e9s du DEAES ? Quelles sont les comp\u00e9tences requises ?","og_url":"https:\/\/flavi.fr\/index.php\/2024\/09\/11\/quest-ce-que-la-vae-2\/","og_site_name":"Flavi","article_published_time":"2024-09-11T08:00:30+00:00","article_modified_time":"2026-01-02T10:24:53+00:00","og_image":[{"width":426,"height":351,"url":"https:\/\/flavi.fr\/wp-content\/uploads\/2024\/08\/VAE.webp","type":"image\/webp"}],"author":"Flavie, experte CESU","twitter_card":"summary_large_image","twitter_misc":{"\u00c9crit par":"Flavie, experte CESU","Dur\u00e9e de lecture estim\u00e9e":"8 minutes"},"schema":{"@context":"https:\/\/schema.org","@graph":[{"@type":"Article","@id":"https:\/\/flavi.fr\/index.php\/2024\/09\/11\/quest-ce-que-la-vae-2\/#article","isPartOf":{"@id":"https:\/\/flavi.fr\/index.php\/2024\/09\/11\/quest-ce-que-la-vae-2\/"},"author":{"name":"Eva Muringer, Fondatrice de Flavi et enseignante","@id":"https:\/\/flavi.fr\/#\/schema\/person\/e540732270cd8b3a026a503df4f1ea3d"},"headline":"Qu&rsquo;est-ce que la VAE ? Partie 2","datePublished":"2024-09-11T08:00:30+00:00","dateModified":"2026-01-02T10:24:53+00:00","mainEntityOfPage":{"@id":"https:\/\/flavi.fr\/index.php\/2024\/09\/11\/quest-ce-que-la-vae-2\/"},"wordCount":2381,"commentCount":0,"image":{"@id":"https:\/\/flavi.fr\/index.php\/2024\/09\/11\/quest-ce-que-la-vae-2\/#primaryimage"},"thumbnailUrl":"https:\/\/flavi.fr\/wp-content\/uploads\/2024\/08\/VAE.webp","articleSection":["Articles pour particuliers"],"inLanguage":"fr-FR","potentialAction":[{"@type":"CommentAction","name":"Comment","target":["https:\/\/flavi.fr\/index.php\/2024\/09\/11\/quest-ce-que-la-vae-2\/#respond"]}]},{"@type":"WebPage","@id":"https:\/\/flavi.fr\/index.php\/2024\/09\/11\/quest-ce-que-la-vae-2\/","url":"https:\/\/flavi.fr\/index.php\/2024\/09\/11\/quest-ce-que-la-vae-2\/","name":"Qu'est-ce que la VAE ? Partie 2 - Flavi","isPartOf":{"@id":"https:\/\/flavi.fr\/#website"},"primaryImageOfPage":{"@id":"https:\/\/flavi.fr\/index.php\/2024\/09\/11\/quest-ce-que-la-vae-2\/#primaryimage"},"image":{"@id":"https:\/\/flavi.fr\/index.php\/2024\/09\/11\/quest-ce-que-la-vae-2\/#primaryimage"},"thumbnailUrl":"https:\/\/flavi.fr\/wp-content\/uploads\/2024\/08\/VAE.webp","datePublished":"2024-09-11T08:00:30+00:00","dateModified":"2026-01-02T10:24:53+00:00","author":{"@id":"https:\/\/flavi.fr\/#\/schema\/person\/e540732270cd8b3a026a503df4f1ea3d"},"description":"Vous souhaitez en savoir plus sur la VAE auxiliaire de vie ? Quelles sont les \u00e9tapes cl\u00e9s du DEAES ? Quelles sont les comp\u00e9tences requises ?","breadcrumb":{"@id":"https:\/\/flavi.fr\/index.php\/2024\/09\/11\/quest-ce-que-la-vae-2\/#breadcrumb"},"inLanguage":"fr-FR","potentialAction":[{"@type":"ReadAction","target":["https:\/\/flavi.fr\/index.php\/2024\/09\/11\/quest-ce-que-la-vae-2\/"]}]},{"@type":"ImageObject","inLanguage":"fr-FR","@id":"https:\/\/flavi.fr\/index.php\/2024\/09\/11\/quest-ce-que-la-vae-2\/#primaryimage","url":"https:\/\/flavi.fr\/wp-content\/uploads\/2024\/08\/VAE.webp","contentUrl":"https:\/\/flavi.fr\/wp-content\/uploads\/2024\/08\/VAE.webp","width":426,"height":351,"caption":"Une auxiliaire de vie form\u00e9e accompagnant une personne \u00e2g\u00e9e"},{"@type":"BreadcrumbList","@id":"https:\/\/flavi.fr\/index.php\/2024\/09\/11\/quest-ce-que-la-vae-2\/#breadcrumb","itemListElement":[{"@type":"ListItem","position":1,"name":"Accueil","item":"https:\/\/flavi.fr\/"},{"@type":"ListItem","position":2,"name":"Qu&rsquo;est-ce que la VAE ? Partie 2"}]},{"@type":"WebSite","@id":"https:\/\/flavi.fr\/#website","url":"https:\/\/flavi.fr\/","name":"Flavi","description":"auxiliaires de vie ind\u00e9pendantes","potentialAction":[{"@type":"SearchAction","target":{"@type":"EntryPoint","urlTemplate":"https:\/\/flavi.fr\/?s={search_term_string}"},"query-input":{"@type":"PropertyValueSpecification","valueRequired":true,"valueName":"search_term_string"}}],"inLanguage":"fr-FR"},{"@type":"Person","@id":"https:\/\/flavi.fr\/#\/schema\/person\/e540732270cd8b3a026a503df4f1ea3d","name":"Eva Muringer, Fondatrice de Flavi et enseignante","image":{"@type":"ImageObject","inLanguage":"fr-FR","@id":"https:\/\/secure.gravatar.com\/avatar\/c30b4e242c14546872cc63671192d7e6cac888c35741f84be86494a741cfb896?s=96&d=mm&r=g1e593406708024e749a1e9e33b45acc9","url":"https:\/\/secure.gravatar.com\/avatar\/c30b4e242c14546872cc63671192d7e6cac888c35741f84be86494a741cfb896?s=96&d=mm&r=g","contentUrl":"https:\/\/secure.gravatar.com\/avatar\/c30b4e242c14546872cc63671192d7e6cac888c35741f84be86494a741cfb896?s=96&d=mm&r=g","caption":"Eva Muringer, Fondatrice de Flavi et enseignante"},"sameAs":["https:\/\/www.flavi.fr"],"url":"https:\/\/flavi.fr\/index.php\/author\/admin7211\/"}]}},"modified_by":"Eva Muringer, Fondatrice de Flavi et enseignante","authors":[{"term_id":41,"user_id":1,"is_guest":0,"slug":"admin7211","display_name":"Flavie, experte CESU","avatar_url":"https:\/\/secure.gravatar.com\/avatar\/c30b4e242c14546872cc63671192d7e6cac888c35741f84be86494a741cfb896?s=96&d=mm&r=g","1":"","2":"","3":"","4":"","5":"","6":"","7":"","8":""}],"_links":{"self":[{"href":"https:\/\/flavi.fr\/index.php\/wp-json\/wp\/v2\/posts\/7757","targetHints":{"allow":["GET"]}}],"collection":[{"href":"https:\/\/flavi.fr\/index.php\/wp-json\/wp\/v2\/posts"}],"about":[{"href":"https:\/\/flavi.fr\/index.php\/wp-json\/wp\/v2\/types\/post"}],"author":[{"embeddable":true,"href":"https:\/\/flavi.fr\/index.php\/wp-json\/wp\/v2\/users\/1"}],"replies":[{"embeddable":true,"href":"https:\/\/flavi.fr\/index.php\/wp-json\/wp\/v2\/comments?post=7757"}],"version-history":[{"count":1,"href":"https:\/\/flavi.fr\/index.php\/wp-json\/wp\/v2\/posts\/7757\/revisions"}],"predecessor-version":[{"id":10253,"href":"https:\/\/flavi.fr\/index.php\/wp-json\/wp\/v2\/posts\/7757\/revisions\/10253"}],"wp:featuredmedia":[{"embeddable":true,"href":"https:\/\/flavi.fr\/index.php\/wp-json\/wp\/v2\/media\/7761"}],"wp:attachment":[{"href":"https:\/\/flavi.fr\/index.php\/wp-json\/wp\/v2\/media?parent=7757"}],"wp:term":[{"taxonomy":"category","embeddable":true,"href":"https:\/\/flavi.fr\/index.php\/wp-json\/wp\/v2\/categories?post=7757"},{"taxonomy":"post_tag","embeddable":true,"href":"https:\/\/flavi.fr\/index.php\/wp-json\/wp\/v2\/tags?post=7757"},{"taxonomy":"author","embeddable":true,"href":"https:\/\/flavi.fr\/index.php\/wp-json\/wp\/v2\/ppma_author?post=7757"}],"curies":[{"name":"wp","href":"https:\/\/api.w.org\/{rel}","templated":true}]}}