{"id":6854,"date":"2026-03-24T11:12:53","date_gmt":"2026-03-24T10:12:53","guid":{"rendered":"https:\/\/flavi.fr\/?p=6854"},"modified":"2026-03-24T11:12:11","modified_gmt":"2026-03-24T10:12:11","slug":"declarer-ses-frais-professionnels-en-cesu-2","status":"publish","type":"post","link":"https:\/\/flavi.fr\/index.php\/2026\/03\/24\/declarer-ses-frais-professionnels-en-cesu-2\/","title":{"rendered":"Comment d\u00e9clarer ses frais professionnels en CESU ?"},"content":{"rendered":"<p>[et_pb_section fb_built=\u00a0\u00bb1&Prime; _builder_version=\u00a0\u00bb4.24.2&Prime; _module_preset=\u00a0\u00bbdefault\u00a0\u00bb hover_enabled=\u00a0\u00bb0&Prime; global_colors_info=\u00a0\u00bb{}\u00a0\u00bb sticky_enabled=\u00a0\u00bb0&Prime;][et_pb_row _builder_version=\u00a0\u00bb4.24.2&Prime; _module_preset=\u00a0\u00bbdefault\u00a0\u00bb global_colors_info=\u00a0\u00bb{}\u00a0\u00bb][et_pb_column type=\u00a0\u00bb4_4&Prime; _builder_version=\u00a0\u00bb4.24.2&Prime; _module_preset=\u00a0\u00bbdefault\u00a0\u00bb global_colors_info=\u00a0\u00bb{}\u00a0\u00bb][et_pb_text _builder_version=\u00a0\u00bb4.27.4&Prime; _module_preset=\u00a0\u00bbdefault\u00a0\u00bb text_font=\u00a0\u00bbLato||||||||\u00a0\u00bb text_font_size=\u00a0\u00bb18px\u00a0\u00bb text_font_size_tablet=\u00a0\u00bb18px\u00a0\u00bb text_font_size_phone=\u00a0\u00bb18px\u00a0\u00bb text_font_size_last_edited=\u00a0\u00bbon|desktop\u00a0\u00bb global_colors_info=\u00a0\u00bb{}\u00a0\u00bb]<\/p>\n<p style=\"text-align: justify;\"><span style=\"font-weight: 400;\">En tant qu\u2019<\/span><b>aide \u00e0 domicile en CESU<\/b><span style=\"font-weight: 400;\">, <strong>d\u00e9clarer ses frais professionnels en CESU <\/strong><\/span><span style=\"font-weight: 400;\">peut vous permettre d\u2019optimiser vos revenus, et en l&rsquo;occurrence ici de payer moins (ou pas du tout) d\u2019imp\u00f4ts<\/span><span style=\"font-weight: 400;\">. A travers cet article, Flavi vous explique <\/span><span style=\"font-weight: 400;\">d\u2019une part <\/span><span style=\"font-weight: 400;\">quel r\u00e9gime de d\u00e9duction<\/span><span style=\"font-weight: 400;\"> fiscale<\/span><span style=\"font-weight: 400;\"> choisir et <\/span><span style=\"font-weight: 400;\">d\u2019autre part <\/span><span style=\"font-weight: 400;\">comment calculer vos<\/span><b> frais r\u00e9els<\/b><span style=\"font-weight: 400;\"> en \u00e9vitant les erreurs courantes. De cette fa\u00e7on, vous pourrez optimiser votre <\/span><b>d\u00e9claration d\u2019imp\u00f4ts<\/b><span style=\"font-weight: 400;\"> et maximiser les d\u00e9ductions fiscales auxquelles vous avez droit en CESU.<\/span><\/p>\n<p>[\/et_pb_text][\/et_pb_column][\/et_pb_row][et_pb_row _builder_version=\u00a0\u00bb4.24.2&Prime; _module_preset=\u00a0\u00bbdefault\u00a0\u00bb global_colors_info=\u00a0\u00bb{}\u00a0\u00bb][et_pb_column type=\u00a0\u00bb4_4&Prime; _builder_version=\u00a0\u00bb4.24.2&Prime; _module_preset=\u00a0\u00bbdefault\u00a0\u00bb global_colors_info=\u00a0\u00bb{}\u00a0\u00bb][et_pb_text _builder_version=\u00a0\u00bb4.27.4&Prime; _module_preset=\u00a0\u00bbdefault\u00a0\u00bb header_2_font=\u00a0\u00bbABeeZee||||||||\u00a0\u00bb header_2_text_color=\u00a0\u00bb#5800a6&Prime; header_2_font_size=\u00a0\u00bb35px\u00a0\u00bb header_2_font_size_tablet=\u00a0\u00bb35px\u00a0\u00bb header_2_font_size_phone=\u00a0\u00bb30px\u00a0\u00bb header_2_font_size_last_edited=\u00a0\u00bbon|desktop\u00a0\u00bb global_colors_info=\u00a0\u00bb{}\u00a0\u00bb]<\/p>\n<div id=\"ez-toc-container\" class=\"ez-toc-v2_0_82_2 ez-toc-wrap-center counter-hierarchy ez-toc-counter ez-toc-custom ez-toc-container-direction\">\n<div class=\"ez-toc-title-container\">\n<p class=\"ez-toc-title\" style=\"cursor:inherit\">Sommaire<\/p>\n<span class=\"ez-toc-title-toggle\"><a href=\"#\" class=\"ez-toc-pull-right ez-toc-btn ez-toc-btn-xs ez-toc-btn-default ez-toc-toggle\" aria-label=\"Toggle Table of Content\"><span class=\"ez-toc-js-icon-con\"><span class=\"\"><span class=\"eztoc-hide\" style=\"display:none;\">Toggle<\/span><span class=\"ez-toc-icon-toggle-span\"><svg style=\"fill: #000000;color:#000000\" xmlns=\"http:\/\/www.w3.org\/2000\/svg\" class=\"list-377408\" width=\"20px\" height=\"20px\" viewBox=\"0 0 24 24\" fill=\"none\"><path d=\"M6 6H4v2h2V6zm14 0H8v2h12V6zM4 11h2v2H4v-2zm16 0H8v2h12v-2zM4 16h2v2H4v-2zm16 0H8v2h12v-2z\" fill=\"currentColor\"><\/path><\/svg><svg style=\"fill: #000000;color:#000000\" class=\"arrow-unsorted-368013\" xmlns=\"http:\/\/www.w3.org\/2000\/svg\" width=\"10px\" height=\"10px\" viewBox=\"0 0 24 24\" version=\"1.2\" baseProfile=\"tiny\"><path d=\"M18.2 9.3l-6.2-6.3-6.2 6.3c-.2.2-.3.4-.3.7s.1.5.3.7c.2.2.4.3.7.3h11c.3 0 .5-.1.7-.3.2-.2.3-.5.3-.7s-.1-.5-.3-.7zM5.8 14.7l6.2 6.3 6.2-6.3c.2-.2.3-.5.3-.7s-.1-.5-.3-.7c-.2-.2-.4-.3-.7-.3h-11c-.3 0-.5.1-.7.3-.2.2-.3.5-.3.7s.1.5.3.7z\"\/><\/svg><\/span><\/span><\/span><\/a><\/span><\/div>\n<nav><ul class='ez-toc-list ez-toc-list-level-1 ' ><li class='ez-toc-page-1 ez-toc-heading-level-2'><a class=\"ez-toc-link ez-toc-heading-1\" href=\"https:\/\/flavi.fr\/index.php\/2026\/03\/24\/declarer-ses-frais-professionnels-en-cesu-2\/#Limportance_de_calculer_ses_frais_professionnels_en_CESU\" >L\u2019importance de calculer ses frais professionnels en CESU<\/a><\/li><li class='ez-toc-page-1 ez-toc-heading-level-2'><a class=\"ez-toc-link ez-toc-heading-2\" href=\"https:\/\/flavi.fr\/index.php\/2026\/03\/24\/declarer-ses-frais-professionnels-en-cesu-2\/#Choisir_le_bon_bareme_en_CESU\" >Choisir le bon bar\u00e8me en CESU<\/a><ul class='ez-toc-list-level-3' ><li class='ez-toc-heading-level-3'><a class=\"ez-toc-link ez-toc-heading-3\" href=\"https:\/\/flavi.fr\/index.php\/2026\/03\/24\/declarer-ses-frais-professionnels-en-cesu-2\/#Labattement_forfaitaire_de_10_en_CESU\" >L&rsquo;abattement forfaitaire de 10% en CESU<\/a><\/li><li class='ez-toc-page-1 ez-toc-heading-level-3'><a class=\"ez-toc-link ez-toc-heading-4\" href=\"https:\/\/flavi.fr\/index.php\/2026\/03\/24\/declarer-ses-frais-professionnels-en-cesu-2\/#Les_frais_reels_en_CESU\" >Les frais r\u00e9els en CESU<\/a><\/li><\/ul><\/li><li class='ez-toc-page-1 ez-toc-heading-level-2'><a class=\"ez-toc-link ez-toc-heading-5\" href=\"https:\/\/flavi.fr\/index.php\/2026\/03\/24\/declarer-ses-frais-professionnels-en-cesu-2\/#Calculer_ses_frais_reels_en_CESU\" >Calculer ses frais r\u00e9els en CESU<\/a><ul class='ez-toc-list-level-3' ><li class='ez-toc-heading-level-3'><a class=\"ez-toc-link ez-toc-heading-6\" href=\"https:\/\/flavi.fr\/index.php\/2026\/03\/24\/declarer-ses-frais-professionnels-en-cesu-2\/#Calculer_ses_frais_kilometriques_en_CESU\" >Calculer ses frais kilom\u00e9triques en CESU<\/a><\/li><li class='ez-toc-page-1 ez-toc-heading-level-3'><a class=\"ez-toc-link ez-toc-heading-7\" href=\"https:\/\/flavi.fr\/index.php\/2026\/03\/24\/declarer-ses-frais-professionnels-en-cesu-2\/#Calculer_ses_frais_de_repas_en_CESU\" >Calculer ses frais de repas en CESU<\/a><\/li><li class='ez-toc-page-1 ez-toc-heading-level-3'><a class=\"ez-toc-link ez-toc-heading-8\" href=\"https:\/\/flavi.fr\/index.php\/2026\/03\/24\/declarer-ses-frais-professionnels-en-cesu-2\/#Calculer_ses_autres_frais_professionnels_en_CESU\" >Calculer ses autres frais professionnels en CESU<\/a><\/li><\/ul><\/li><li class='ez-toc-page-1 ez-toc-heading-level-2'><a class=\"ez-toc-link ez-toc-heading-9\" href=\"https:\/\/flavi.fr\/index.php\/2026\/03\/24\/declarer-ses-frais-professionnels-en-cesu-2\/#Les_frais_reels_et_labattement_forfaitaire_de_10_sont-ils_cumulables\" >Les frais r\u00e9els et l&rsquo;abattement forfaitaire de 10% sont-ils cumulables ?<\/a><\/li><\/ul><\/nav><\/div>\n<h2 style=\"text-align: justify;\"><span class=\"ez-toc-section\" id=\"Limportance_de_calculer_ses_frais_professionnels_en_CESU\"><\/span><b>L\u2019importance de calculer ses <\/b><b>frais professionnels<\/b><b> en CESU<\/b><span class=\"ez-toc-section-end\"><\/span><\/h2>\n<p>[\/et_pb_text][\/et_pb_column][\/et_pb_row][et_pb_row _builder_version=\u00a0\u00bb4.24.2&Prime; _module_preset=\u00a0\u00bbdefault\u00a0\u00bb global_colors_info=\u00a0\u00bb{}\u00a0\u00bb][et_pb_column type=\u00a0\u00bb4_4&Prime; _builder_version=\u00a0\u00bb4.24.2&Prime; _module_preset=\u00a0\u00bbdefault\u00a0\u00bb global_colors_info=\u00a0\u00bb{}\u00a0\u00bb][et_pb_text _builder_version=\u00a0\u00bb4.27.4&Prime; _module_preset=\u00a0\u00bbdefault\u00a0\u00bb text_font=\u00a0\u00bbLato||||||||\u00a0\u00bb text_font_size=\u00a0\u00bb18px\u00a0\u00bb global_colors_info=\u00a0\u00bb{}\u00a0\u00bb]<\/p>\n<p style=\"text-align: justify;\"><span style=\"font-weight: 400;\">La d\u00e9claration des <\/span><b>frais professionnels<\/b><span style=\"font-weight: 400;\"> est <\/span><span style=\"font-weight: 400;\">r\u00e9alisable<\/span><span style=\"font-weight: 400;\"> pour tout salari\u00e9 <\/span><span style=\"font-weight: 400;\">e<\/span><span style=\"font-weight: 400;\">t d\u2019autant plus pour les <\/span><span style=\"font-weight: 400;\">aides \u00e0 domicile<\/span><span style=\"font-weight: 400;\"> en CESU,<\/span><span style=\"font-weight: 400;\"> parce qu\u2019elles r\u00e9alisent beaucoup de kilom\u00e8tres entre leurs particuliers-employeur<\/span><span style=\"font-weight: 400;\">s. <\/span><\/p>\n<p style=\"text-align: justify;\"><span style=\"font-weight: 400;\">Cette d\u00e9claration<\/span><span style=\"font-weight: 400;\"> permet de d\u00e9duire de votre revenu imposable toutes les d\u00e9penses que vous engagez pour votre activit\u00e9 professionnelle<\/span><span style=\"font-weight: 400;\"> d\u2019aide \u00e0 domicile en CESU<\/span><span style=\"font-weight: 400;\">. <\/span><\/p>\n<p style=\"text-align: justify;\"><span style=\"font-weight: 400;\">En calculant et en d\u00e9clarant correctement ces frais, vous pouvez r\u00e9duire le montant de vos imp\u00f4ts et maximiser vos revenus nets.<\/span><\/p>\n<p>[\/et_pb_text][\/et_pb_column][\/et_pb_row][et_pb_row _builder_version=\u00a0\u00bb4.24.2&Prime; _module_preset=\u00a0\u00bbdefault\u00a0\u00bb global_colors_info=\u00a0\u00bb{}\u00a0\u00bb][et_pb_column type=\u00a0\u00bb4_4&Prime; _builder_version=\u00a0\u00bb4.24.2&Prime; _module_preset=\u00a0\u00bbdefault\u00a0\u00bb global_colors_info=\u00a0\u00bb{}\u00a0\u00bb][et_pb_text _builder_version=\u00a0\u00bb4.24.2&Prime; _module_preset=\u00a0\u00bbdefault\u00a0\u00bb header_2_font=\u00a0\u00bbABeeZee||||||||\u00a0\u00bb header_2_text_color=\u00a0\u00bb#5800a6&Prime; header_2_font_size=\u00a0\u00bb35px\u00a0\u00bb header_2_font_size_tablet=\u00a0\u00bb35px\u00a0\u00bb header_2_font_size_phone=\u00a0\u00bb30px\u00a0\u00bb header_2_font_size_last_edited=\u00a0\u00bbon|desktop\u00a0\u00bb global_colors_info=\u00a0\u00bb{}\u00a0\u00bb]<\/p>\n<h2><span class=\"ez-toc-section\" id=\"Choisir_le_bon_bareme_en_CESU\"><\/span><b>Choisir le bon bar\u00e8me en CESU<\/b><span class=\"ez-toc-section-end\"><\/span><\/h2>\n<p>[\/et_pb_text][et_pb_text _builder_version=\u00a0\u00bb4.24.2&Prime; _module_preset=\u00a0\u00bbdefault\u00a0\u00bb text_font=\u00a0\u00bbLato||||||||\u00a0\u00bb text_font_size=\u00a0\u00bb18px\u00a0\u00bb global_colors_info=\u00a0\u00bb{}\u00a0\u00bb]<\/p>\n<p><span style=\"font-weight: 400;\">En tant qu\u2019<\/span><b>auxiliaire de vie<\/b><span style=\"font-weight: 400;\"> ou <\/span><b>aide \u00e0 domicile en CESU<\/b><span style=\"font-weight: 400;\">, deux bar\u00e8mes vous sont propos\u00e9s afin de calculer vos <\/span><b>frais professionnels<\/b><span style=\"font-weight: 400;\"> :\u00a0<\/span><\/p>\n<ul>\n<li style=\"font-weight: 400;\" aria-level=\"1\"><span style=\"font-weight: 400;\">1.<\/span><b> L\u2019abattement forfaitaire de 10%<\/b><\/li>\n<li style=\"font-weight: 400;\" aria-level=\"1\"><span style=\"font-weight: 400;\">2. <strong>Les<\/strong> <\/span><b>frais r\u00e9els<\/b><\/li>\n<\/ul>\n<p><strong><i>Mais alors, quel bar\u00e8me choisir ?<\/i><\/strong><\/p>\n<p>[\/et_pb_text][\/et_pb_column][\/et_pb_row][et_pb_row _builder_version=\u00a0\u00bb4.24.2&Prime; _module_preset=\u00a0\u00bbdefault\u00a0\u00bb global_colors_info=\u00a0\u00bb{}\u00a0\u00bb][et_pb_column type=\u00a0\u00bb4_4&Prime; _builder_version=\u00a0\u00bb4.24.2&Prime; _module_preset=\u00a0\u00bbdefault\u00a0\u00bb global_colors_info=\u00a0\u00bb{}\u00a0\u00bb][et_pb_text _builder_version=\u00a0\u00bb4.27.4&Prime; _module_preset=\u00a0\u00bbdefault\u00a0\u00bb header_3_font=\u00a0\u00bbABeeZee||||||||\u00a0\u00bb header_3_text_color=\u00a0\u00bb#9377F4&Prime; header_3_font_size=\u00a0\u00bb25px\u00a0\u00bb header_3_font_size_tablet=\u00a0\u00bb25px\u00a0\u00bb header_3_font_size_phone=\u00a0\u00bb25px\u00a0\u00bb header_3_font_size_last_edited=\u00a0\u00bbon|phone\u00a0\u00bb global_colors_info=\u00a0\u00bb{}\u00a0\u00bb]<\/p>\n<h3><span class=\"ez-toc-section\" id=\"Labattement_forfaitaire_de_10_en_CESU\"><\/span><b>L&rsquo;abattement forfaitaire de 10% en CESU<\/b><span class=\"ez-toc-section-end\"><\/span><\/h3>\n<p>[\/et_pb_text][et_pb_text _builder_version=\u00a0\u00bb4.27.4&Prime; _module_preset=\u00a0\u00bbdefault\u00a0\u00bb text_font=\u00a0\u00bbLato||||||||\u00a0\u00bb text_font_size=\u00a0\u00bb18px\u00a0\u00bb global_colors_info=\u00a0\u00bb{}\u00a0\u00bb]<\/p>\n<p style=\"text-align: justify;\"><span style=\"font-weight: 400;\">Si vous ne choisissez pas le r\u00e9gime des<\/span><b>\u00a0frais r\u00e9els<\/b><span style=\"font-weight: 400;\">, le fisc applique automatiquement un <\/span><b>abattement forfaitaire de 10%<\/b><span style=\"font-weight: 400;\"> sur vos revenus annuels. Vous n\u2019avez donc aucune d\u00e9marche \u00e0 faire.<\/span><\/p>\n<p style=\"text-align: justify;\"><b><i>Comment calculer <\/i><\/b><b><i>l\u2019abattement forfaitaire de 10%<\/i><\/b><b><i> ? :\u00a0<\/i><\/b><\/p>\n<p style=\"text-align: justify;\"><span style=\"color: #800080;\"><em><strong>salaires net annuel x 10% = somme d\u00e9duite directement par l&rsquo;administration fiscale<\/strong><\/em><\/span><\/p>\n<p style=\"text-align: justify;\"><span style=\"font-weight: 400;\">Prenons l\u2019exemple d\u2019Eva, <\/span><b>auxiliaire de vie en CESU<\/b><span style=\"font-weight: 400;\"> dont les revenus se montent \u00e0 20 000\u20ac annuels. Elle d\u00e9cide d\u2019opter pour l\u2019option <\/span><b>d\u2019abattement forfaitaire de 10%<\/b><span style=\"font-weight: 400;\"> :\u00a0<\/span><\/p>\n<p style=\"text-align: justify;\"><span style=\"color: #800080;\"><em><strong>20 000 \u20ac x 10 % = 2 000 \u20ac<\/strong><\/em><\/span><\/p>\n<p style=\"text-align: justify;\"><span style=\"font-weight: 400;\">Alors, Eva b\u00e9n\u00e9ficiera automatiquement de 2 000\u20ac d\u00e9duits de sa fiche d\u2019imp\u00f4t <\/span><b>gr\u00e2ce \u00e0 <\/b><b>l\u2019abattement forfaitaire de 10%.<\/b><\/p>\n<p style=\"text-align: justify;\"><span style=\"font-weight: 400;\">Attention ! <\/span><b>D\u00e9clarer vos <\/b><b>frais r\u00e9els <\/b><b>peut parfois \u00eatre plus avantageux que <\/b><b>l\u2019abattement forfaitaire de 10%<\/b><b>. <\/b><i><span style=\"font-weight: 400;\">Mais comment d\u00e9clarer mes<\/span><\/i> <b><i>frais r\u00e9els<\/i><\/b><i><span style=\"font-weight: 400;\"> en CESU ?<\/span><\/i><\/p>\n<p>[\/et_pb_text][\/et_pb_column][\/et_pb_row][et_pb_row _builder_version=\u00a0\u00bb4.24.2&Prime; _module_preset=\u00a0\u00bbdefault\u00a0\u00bb global_colors_info=\u00a0\u00bb{}\u00a0\u00bb][et_pb_column type=\u00a0\u00bb4_4&Prime; _builder_version=\u00a0\u00bb4.24.2&Prime; _module_preset=\u00a0\u00bbdefault\u00a0\u00bb global_colors_info=\u00a0\u00bb{}\u00a0\u00bb][et_pb_text _builder_version=\u00a0\u00bb4.27.4&Prime; _module_preset=\u00a0\u00bbdefault\u00a0\u00bb header_3_font=\u00a0\u00bbABeeZee||||||||\u00a0\u00bb header_3_text_color=\u00a0\u00bb#9377F4&Prime; header_3_font_size=\u00a0\u00bb25px\u00a0\u00bb header_3_font_size_tablet=\u00a0\u00bb25px\u00a0\u00bb header_3_font_size_phone=\u00a0\u00bb25px\u00a0\u00bb header_3_font_size_last_edited=\u00a0\u00bbon|phone\u00a0\u00bb global_colors_info=\u00a0\u00bb{}\u00a0\u00bb]<\/p>\n<h3><span class=\"ez-toc-section\" id=\"Les_frais_reels_en_CESU\"><\/span><b>Les frais r\u00e9els en CESU<\/b><span class=\"ez-toc-section-end\"><\/span><\/h3>\n<p>[\/et_pb_text][et_pb_text _builder_version=\u00a0\u00bb4.27.4&Prime; _module_preset=\u00a0\u00bbdefault\u00a0\u00bb text_font=\u00a0\u00bbLato||||||||\u00a0\u00bb text_font_size=\u00a0\u00bb18px\u00a0\u00bb global_colors_info=\u00a0\u00bb{}\u00a0\u00bb]<\/p>\n<p style=\"text-align: justify;\"><b>Afin de choisir le bar\u00e8me le plus avantageux, il est n\u00e9cessaire de calculer vos <\/b><b>frais r\u00e9els<\/b><b>. <\/b><span style=\"font-weight: 400;\">Les <\/span><b>frais r\u00e9els<\/b><span style=\"font-weight: 400;\"> sont les frais engendr\u00e9s au cours de votre ann\u00e9e afin d\u2019exercer votre profession (<\/span><b>frais kilom\u00e9triques<\/b><span style=\"font-weight: 400;\">, <\/span><b>frais de repas<\/b><span style=\"font-weight: 400;\">, frais de mat\u00e9riel\u2026).<\/span><\/p>\n<p style=\"text-align: justify;\"><span style=\"font-weight: 400;\">Ces <\/span><b>frais r\u00e9els<\/b><span style=\"font-weight: 400;\"> doivent \u00eatre justifi\u00e9s \u00e0 l&rsquo;administration fiscale, si cette derni\u00e8re en fait la demande. Vous devez donc garder tous les justificatifs des d\u00e9penses concern\u00e9es pour pouvoir \u00e9ventuellement les pr\u00e9senter.\u00a0\u00a0<\/span><\/p>\n<p style=\"text-align: justify;\"><i><span style=\"font-weight: 400;\">Mais comment calculer mes <\/span><\/i><b><i>frais r\u00e9els<\/i><\/b><i><span style=\"font-weight: 400;\"> ? <\/span><\/i><\/p>\n<p>[\/et_pb_text][\/et_pb_column][\/et_pb_row][et_pb_row _builder_version=\u00a0\u00bb4.24.2&Prime; _module_preset=\u00a0\u00bbdefault\u00a0\u00bb global_colors_info=\u00a0\u00bb{}\u00a0\u00bb][et_pb_column type=\u00a0\u00bb4_4&Prime; _builder_version=\u00a0\u00bb4.24.2&Prime; _module_preset=\u00a0\u00bbdefault\u00a0\u00bb global_colors_info=\u00a0\u00bb{}\u00a0\u00bb][et_pb_text _builder_version=\u00a0\u00bb4.24.2&Prime; _module_preset=\u00a0\u00bbdefault\u00a0\u00bb header_2_font=\u00a0\u00bbABeeZee||||||||\u00a0\u00bb header_2_text_color=\u00a0\u00bb#5800a6&Prime; header_2_font_size=\u00a0\u00bb35px\u00a0\u00bb header_2_font_size_tablet=\u00a0\u00bb35px\u00a0\u00bb header_2_font_size_phone=\u00a0\u00bb30px\u00a0\u00bb header_2_font_size_last_edited=\u00a0\u00bbon|desktop\u00a0\u00bb global_colors_info=\u00a0\u00bb{}\u00a0\u00bb]<\/p>\n<h2><span class=\"ez-toc-section\" id=\"Calculer_ses_frais_reels_en_CESU\"><\/span><b>Calculer ses frais r\u00e9els en CESU<\/b><span class=\"ez-toc-section-end\"><\/span><\/h2>\n<p>[\/et_pb_text][et_pb_text _builder_version=\u00a0\u00bb4.27.4&Prime; _module_preset=\u00a0\u00bbdefault\u00a0\u00bb text_font=\u00a0\u00bbLato||||||||\u00a0\u00bb text_font_size=\u00a0\u00bb18px\u00a0\u00bb global_colors_info=\u00a0\u00bb{}\u00a0\u00bb]<\/p>\n<p style=\"text-align: justify;\"><span style=\"font-weight: 400;\">Calculer vos <\/span><b>frais r\u00e9els<\/b><span style=\"font-weight: 400;\"> en CESU n\u00e9cessite une certaine rigueur. C\u2019est pourquoi nous vous conseillons de :\u00a0<\/span><\/p>\n<ol style=\"text-align: justify;\">\n<li style=\"font-weight: 400;\" aria-level=\"1\"><b>Documenter tous vos frais :<\/b><span style=\"font-weight: 400;\"> gardez une trace de toutes vos d\u00e9penses li\u00e9es au travail, et assurez-vous de conserver tous les re\u00e7us et factures.<\/span><\/li>\n<li style=\"font-weight: 400;\" aria-level=\"1\"><b>Calculer les frais de d\u00e9placement :<\/b><span style=\"font-weight: 400;\"> Si vous utilisez votre v\u00e9hicule pour le travail, notez la distance parcourue pour chaque trajet.<\/span><\/li>\n<li style=\"font-weight: 400;\" aria-level=\"1\"><b>Ajouter le co\u00fbt des frais divers :<\/b><span style=\"font-weight: 400;\"> ajouter les co\u00fbts li\u00e9s aux repas, aux formations, aux mat\u00e9riels etc\u2026<\/span><\/li>\n<\/ol>\n<p style=\"text-align: justify;\"><b>Dans le calcul des <\/b><b>frais r\u00e9els<\/b><b>, vous pouvez compter :\u00a0<\/b><\/p>\n<ul style=\"text-align: justify;\">\n<li style=\"font-weight: 400;\" aria-level=\"1\"><span style=\"font-weight: 400;\">Tout d&rsquo;abord, les <\/span><b>frais kilom\u00e9triques<\/b><\/li>\n<li style=\"font-weight: 400;\" aria-level=\"1\"><span style=\"font-weight: 400;\">les <\/span><b>frais de repas<\/b><\/li>\n<li style=\"font-weight: 400;\" aria-level=\"1\"><span style=\"font-weight: 400;\">les frais de p\u00e9age et de stationnement<\/span><\/li>\n<li style=\"font-weight: 400;\" aria-level=\"1\"><span style=\"font-weight: 400;\">Frais de formation<\/span><\/li>\n<li style=\"font-weight: 400;\" aria-level=\"1\"><span style=\"font-weight: 400;\">Enfin les frais mat\u00e9riels (blouses\u2026)<\/span><\/li>\n<\/ul>\n<p style=\"text-align: justify;\"><i><span style=\"font-weight: 400;\">Alors, comment calculer tous ces frais ? <\/span><\/i><\/p>\n<p>[\/et_pb_text][\/et_pb_column][\/et_pb_row][et_pb_row _builder_version=\u00a0\u00bb4.24.2&Prime; _module_preset=\u00a0\u00bbdefault\u00a0\u00bb global_colors_info=\u00a0\u00bb{}\u00a0\u00bb][et_pb_column type=\u00a0\u00bb4_4&Prime; _builder_version=\u00a0\u00bb4.24.2&Prime; _module_preset=\u00a0\u00bbdefault\u00a0\u00bb global_colors_info=\u00a0\u00bb{}\u00a0\u00bb][et_pb_text _builder_version=\u00a0\u00bb4.27.4&Prime; _module_preset=\u00a0\u00bbdefault\u00a0\u00bb header_3_font=\u00a0\u00bbABeeZee||||||||\u00a0\u00bb header_3_text_color=\u00a0\u00bb#9377F4&Prime; header_3_font_size=\u00a0\u00bb25px\u00a0\u00bb header_3_font_size_tablet=\u00a0\u00bb25px\u00a0\u00bb header_3_font_size_phone=\u00a0\u00bb25px\u00a0\u00bb header_3_font_size_last_edited=\u00a0\u00bbon|phone\u00a0\u00bb global_colors_info=\u00a0\u00bb{}\u00a0\u00bb]<\/p>\n<h3><span class=\"ez-toc-section\" id=\"Calculer_ses_frais_kilometriques_en_CESU\"><\/span><b>Calculer ses frais kilom\u00e9triques en CESU<\/b><span class=\"ez-toc-section-end\"><\/span><\/h3>\n<p>[\/et_pb_text][et_pb_text _builder_version=\u00a0\u00bb4.27.4&Prime; _module_preset=\u00a0\u00bbdefault\u00a0\u00bb text_font=\u00a0\u00bbLato||||||||\u00a0\u00bb text_font_size=\u00a0\u00bb18px\u00a0\u00bb global_colors_info=\u00a0\u00bb{}\u00a0\u00bb]<\/p>\n<p style=\"text-align: justify;\"><span style=\"font-weight: 400;\">Afin de calculer vos <\/span><b>frais kilom\u00e9triques<\/b><span style=\"font-weight: 400;\">, vous devez calculer la distance parcourue :\u00a0<\/span><\/p>\n<ul style=\"text-align: justify;\">\n<li style=\"font-weight: 400;\" aria-level=\"1\"><span style=\"font-weight: 400;\">Entre votre domicile et le premier particulier employeur,<\/span><\/li>\n<li style=\"font-weight: 400;\" aria-level=\"1\"><span style=\"font-weight: 400;\">Entre chaque particulier employeur suppl\u00e9mentaire,<\/span><\/li>\n<li style=\"font-weight: 400;\" aria-level=\"1\"><span style=\"font-weight: 400;\">L\u2019aller retour \u00e0 votre domicile pour d\u00e9jeuner si c\u2019est le cas,<\/span><\/li>\n<li style=\"font-weight: 400;\" aria-level=\"1\"><span style=\"font-weight: 400;\">Et bien s\u00fbr le dernier trajet entre votre dernier employeur et votre domicile.<\/span><\/li>\n<\/ul>\n<p style=\"text-align: justify;\"><span style=\"font-weight: 400;\">Attention ! Si la distance entre votre domicile et votre lieu de travail d\u00e9passe 40 km (donc 80km par jour), la d\u00e9duction est limit\u00e9e en principe aux frais correspondants aux 40 premiers kilom\u00e8tres. Toutefois lorsque cette distance est justifi\u00e9e par des circonstances personnelles ou professionnelles particuli\u00e8res (notamment en cas d\u2019employeurs multiples), vous pouvez d\u00e9duire l\u2019int\u00e9gralit\u00e9 de vos frais de transport. Pour en savoir plus, <\/span><a href=\"https:\/\/bofip.impots.gouv.fr\/bofip\/2161-PGP.html\/identifiant%3DBOI-RSA-BASE-30-50-30-20-20170224\"><span style=\"font-weight: 400;\">cliquez ici<\/span><\/a><span style=\"font-weight: 400;\">.<\/span><\/p>\n<p style=\"text-align: justify;\"><span style=\"font-weight: 400;\">ATTENTION ! Deux points sont essentiels \u00e0 retenir : <\/span><\/p>\n<p style=\"text-align: justify;\"><span style=\"font-weight: 400;\">&#8211; Vous devrez pr\u00e9ciser les raisons de cet \u00e9loignement dans votre d\u00e9claration de revenus. Par exemple avec l&rsquo;annotation : \u00ab\u00a0salari\u00e9 du particulier employeur, multi employeurs\u00a0\u00bb.<\/span><\/p>\n<p style=\"text-align: justify;\"><span style=\"font-weight: 400;\">&#8211; Les textes r\u00e9glementaires du code g\u00e9n\u00e9ral des imp\u00f4ts autorisent \u00e0 ce d\u00e9passement de kilom\u00e8tres. Mais, les circonstances particuli\u00e8res de votre emploi seront \u00e0 l&rsquo;appr\u00e9ciation de l&rsquo;agent contr\u00f4leur de l&rsquo;administration fiscale. Gardez bien tous vos justificatifs : plannings, contrats, tableau de bord tenu \u00e0 jour quotidiennement&#8230;<\/span><\/p>\n<p style=\"text-align: justify;\"><span style=\"font-weight: 400;\">Afin de calculer vos <\/span><b>frais kilom\u00e9triques<\/b><span style=\"font-weight: 400;\">, vous devez vous aider <\/span><b>du bar\u00e8me de l\u2019administration fiscale applicable aux voitures (en \u20ac) ci-dessous : <\/b><\/p>\n<p>[\/et_pb_text][\/et_pb_column][\/et_pb_row][et_pb_row _builder_version=\u00a0\u00bb4.24.2&Prime; _module_preset=\u00a0\u00bbdefault\u00a0\u00bb global_colors_info=\u00a0\u00bb{}\u00a0\u00bb][et_pb_column type=\u00a0\u00bb4_4&Prime; _builder_version=\u00a0\u00bb4.24.2&Prime; _module_preset=\u00a0\u00bbdefault\u00a0\u00bb global_colors_info=\u00a0\u00bb{}\u00a0\u00bb][et_pb_image src=\u00a0\u00bbhttps:\/\/flavi.fr\/wp-content\/uploads\/2024\/03\/tableau-kilometrique-_1_.webp\u00a0\u00bb alt=\u00a0\u00bbBar\u00e8me de l\u2019administration fiscale applicable aux voitures (en \u20ac). Permet de calculer ses frais \u00a0\u00bb title_text=\u00a0\u00bbtableau kilom\u00e9trique\u00a0\u00bb disabled_on=\u00a0\u00bboff|off|off\u00a0\u00bb _builder_version=\u00a0\u00bb4.24.2&Prime; _module_preset=\u00a0\u00bbdefault\u00a0\u00bb global_colors_info=\u00a0\u00bb{}\u00a0\u00bb][\/et_pb_image][\/et_pb_column][\/et_pb_row][et_pb_row _builder_version=\u00a0\u00bb4.24.2&Prime; _module_preset=\u00a0\u00bbdefault\u00a0\u00bb global_colors_info=\u00a0\u00bb{}\u00a0\u00bb][et_pb_column type=\u00a0\u00bb4_4&Prime; _builder_version=\u00a0\u00bb4.24.2&Prime; _module_preset=\u00a0\u00bbdefault\u00a0\u00bb global_colors_info=\u00a0\u00bb{}\u00a0\u00bb][et_pb_text _builder_version=\u00a0\u00bb4.27.4&Prime; _module_preset=\u00a0\u00bbdefault\u00a0\u00bb text_font=\u00a0\u00bbLato||||||||\u00a0\u00bb text_font_size=\u00a0\u00bb18px\u00a0\u00bb global_colors_info=\u00a0\u00bb{}\u00a0\u00bb]<\/p>\n<p style=\"text-align: justify;\"><span style=\"font-weight: 400;\">Reprenons l\u2019exemple d\u2019Eva, <\/span><b>auxiliaire de vie en CESU.<\/b><span style=\"font-weight: 400;\"> Au cours de son ann\u00e9e 2025, Eva a d\u00e9clar\u00e9 20 000 \u20ac, elle a parcouru 4 000 kilom\u00e8tres \u00e0 titre professionnel avec un v\u00e9hicule de 6 CV :\u00a0<\/span><\/p>\n<p style=\"text-align: justify;\"><span style=\"color: #800080;\"><em><strong>4 000 km x 0,665 = 2 660 \u20ac<\/strong><\/em><\/span><\/p>\n<p style=\"text-align: justify;\"><span style=\"font-weight: 400;\">De ce fait, Eva peut d\u00e9duire 2 660 \u20ac <\/span><b>de <\/b><b>frais kilom\u00e9triques <\/b><b>lors de sa d\u00e9claration.<\/b><\/p>\n<p style=\"text-align: justify;\"><b>Il est donc plus avantageux pour Eva de d\u00e9clarer ses <\/b><b>frais r\u00e9els<\/b><b> (2 660\u20ac) que de b\u00e9n\u00e9ficier des <\/b><b>frais d\u2019abattement forfaitaire de 10% <\/b><b>(2 000\u20ac).<\/b><\/p>\n<p style=\"text-align: justify;\"><b>Attention ! <\/b><span style=\"font-weight: 400;\">Si votre particulier employeur participe \u00e0 vos <\/span><b>frais kilom\u00e9triques<\/b><span style=\"font-weight: 400;\">, alors vous n\u2019avez pas de prise en charge des imp\u00f4ts sur sa participation.<\/span><\/p>\n<p style=\"text-align: justify;\"><b>Par la suite, voici quelques ressources afin de vous aider dans votre d\u00e9claration :\u00a0<\/b><\/p>\n<ul style=\"text-align: justify;\">\n<li style=\"font-weight: 400;\" aria-level=\"1\"><span style=\"font-weight: 400;\">Afin de vous aider \u00e0 d\u00e9clarer vos <\/span><b>frais kilom\u00e9triques<\/b><span style=\"font-weight: 400;\"> rapidement, vous pouvez utiliser <\/span><a href=\"https:\/\/www.impots.gouv.fr\/simulateur-bareme-kilometrique\"><span style=\"font-weight: 400;\">un simulateur en cliquant ici<\/span><\/a><span style=\"font-weight: 400;\">.<\/span><\/li>\n<li style=\"font-weight: 400;\" aria-level=\"1\"><span style=\"font-weight: 400;\">Pour plus d\u2019informations sur la d\u00e9claration des <\/span><b>frais kilom\u00e9triques<\/b><span style=\"font-weight: 400;\">, nous vous conseillons <\/span><a href=\"https:\/\/flavi.fr\/wp-content\/uploads\/2023\/05\/guide-pas-a-pas.pdf\"><span style=\"font-weight: 400;\">un guide pas \u00e0 pas en cliquant ici<\/span><\/a><span style=\"font-weight: 400;\">.\u00a0<\/span><\/li>\n<\/ul>\n<p style=\"text-align: justify;\"><span style=\"font-weight: 400;\">Si vous pr\u00e9f\u00e9rez \u00eatre compl\u00e8tement aid\u00e9.e dans votre d\u00e9claration, Flavi est l\u00e0 pour vous soutenir ! Vous pouvez vous d\u00e9barrasser de tous ces calculs avec l\u2019abonnement Flavi.\u00a0<\/span><\/p>\n<p style=\"text-align: justify;\"><strong>Plus d\u2019informations ici :<\/strong><\/p>\n<ul style=\"text-align: justify;\"><\/ul>\n<p>[\/et_pb_text][\/et_pb_column][\/et_pb_row][et_pb_row _builder_version=\u00a0\u00bb4.24.2&Prime; _module_preset=\u00a0\u00bbdefault\u00a0\u00bb global_colors_info=\u00a0\u00bb{}\u00a0\u00bb][et_pb_column type=\u00a0\u00bb4_4&Prime; _builder_version=\u00a0\u00bb4.24.2&Prime; _module_preset=\u00a0\u00bbdefault\u00a0\u00bb global_colors_info=\u00a0\u00bb{}\u00a0\u00bb][et_pb_image src=\u00a0\u00bbhttps:\/\/flavi.fr\/wp-content\/uploads\/2024\/04\/Abonnement-Flavi-pour-les-auxiliaires-de-vie-en-CESU.webp\u00a0\u00bb alt=\u00a0\u00bbAbonnement Flavi d\u00e9taill\u00e9 pour vous aider dans la d\u00e9claration de ses frais professionnels en CESU\u00a0\u00bb title_text=\u00a0\u00bbAbonnement Flavi pour les auxiliaires de vie en CESU\u00a0\u00bb url=\u00a0\u00bbhttps:\/\/buy.stripe.com\/14k5my8824Uw6UE3cC\u00a0\u00bb _builder_version=\u00a0\u00bb4.24.2&Prime; _module_preset=\u00a0\u00bbdefault\u00a0\u00bb custom_margin=\u00a0\u00bb||-5px|||\u00a0\u00bb global_colors_info=\u00a0\u00bb{}\u00a0\u00bb][\/et_pb_image][et_pb_button button_url=\u00a0\u00bbhttps:\/\/app.flavi.fr\/login\u00a0\u00bb button_text=\u00a0\u00bbJE TROUVE UN EMPLOYEUR\u00a0\u00bb _builder_version=\u00a0\u00bb4.24.2&Prime; _module_preset=\u00a0\u00bbdefault\u00a0\u00bb custom_button=\u00a0\u00bbon\u00a0\u00bb button_text_color=\u00a0\u00bb#2E5C9F\u00a0\u00bb button_bg_color=\u00a0\u00bb#FFC600&Prime; button_border_width=\u00a0\u00bb0px\u00a0\u00bb button_font=\u00a0\u00bb|800|||||||\u00a0\u00bb global_colors_info=\u00a0\u00bb{}\u00a0\u00bb][\/et_pb_button][\/et_pb_column][\/et_pb_row][et_pb_row _builder_version=\u00a0\u00bb4.24.2&Prime; _module_preset=\u00a0\u00bbdefault\u00a0\u00bb global_colors_info=\u00a0\u00bb{}\u00a0\u00bb][et_pb_column type=\u00a0\u00bb4_4&Prime; _builder_version=\u00a0\u00bb4.24.2&Prime; _module_preset=\u00a0\u00bbdefault\u00a0\u00bb global_colors_info=\u00a0\u00bb{}\u00a0\u00bb][et_pb_text _builder_version=\u00a0\u00bb4.27.4&Prime; _module_preset=\u00a0\u00bbdefault\u00a0\u00bb header_3_font=\u00a0\u00bbABeeZee||||||||\u00a0\u00bb header_3_text_color=\u00a0\u00bb#9377F4&Prime; header_3_font_size=\u00a0\u00bb25px\u00a0\u00bb header_3_font_size_tablet=\u00a0\u00bb25px\u00a0\u00bb header_3_font_size_phone=\u00a0\u00bb25px\u00a0\u00bb header_3_font_size_last_edited=\u00a0\u00bbon|phone\u00a0\u00bb global_colors_info=\u00a0\u00bb{}\u00a0\u00bb]<\/p>\n<h3><span class=\"ez-toc-section\" id=\"Calculer_ses_frais_de_repas_en_CESU\"><\/span><b>Calculer ses frais de repas en CESU<\/b><span class=\"ez-toc-section-end\"><\/span><\/h3>\n<p>[\/et_pb_text][et_pb_text _builder_version=\u00a0\u00bb4.27.4&Prime; _module_preset=\u00a0\u00bbdefault\u00a0\u00bb text_font=\u00a0\u00bbLato||||||||\u00a0\u00bb text_font_size=\u00a0\u00bb18px\u00a0\u00bb global_colors_info=\u00a0\u00bb{}\u00a0\u00bb]<\/p>\n<p style=\"text-align: justify;\">En<strong> tant qu\u2019auxiliaire de vie ou aide \u00e0 domicile en CESU,<\/strong> lorsque vous ne pouvez pas regagner votre domicile pour d\u00e9jeuner, <strong>vous pouvez b\u00e9n\u00e9ficier d\u2019une d\u00e9duction de 5,45\u20ac par repas.<\/strong> Vous devez \u00eatre en mesure de justifier cette incapacit\u00e9 \u00e0 regagner votre domicile (distance, temps\u2026).<\/p>\n<p style=\"text-align: justify;\">Attention ! <strong>Vous pouvez d\u00e9clarer jusqu\u2019\u00e0 2 repas par jour (10,90\u20ac).<\/strong><em><strong><\/strong><\/em><strong><\/strong><\/p>\n<p style=\"text-align: justify;\"><em><strong>Comment calculer mes frais de repas ?<\/strong><\/em><\/p>\n<p style=\"text-align: justify;\"><span style=\"color: #800080;\"><em><strong>(Prix du repas x Nombre de repas par semaine) x Nombre de semaines \u00e0 l\u2019ann\u00e9e = Somme d\u00e9ductible de vos imp\u00f4ts<\/strong><\/em><\/span><\/p>\n<p style=\"text-align: justify;\">Reprenons l\u2019exemple d\u2019Eva,<strong> auxiliaire de vie en CESU.<\/strong> Elle mange 6 fois par semaine hors de son domicile durant 47 semaines lors de l\u2019ann\u00e9e 2025. Eva ne conserve pas toujours ces justificatifs, et pr\u00e9pare parfois son repas chez elle pour le lendemain. Elle peut donc compter 5,45\u20ac par repas pris en dehors de chez elle :<\/p>\n<p style=\"text-align: justify;\"><span style=\"color: #800080;\"><em><strong>(5,45\u20ac x 6 repas par semaine) x 47 semaines \u00e0 l\u2019ann\u00e9e = 1 536,90 \u20ac<\/strong><\/em><\/span><\/p>\n<p style=\"text-align: justify;\"><strong>En plus de ses frais kilom\u00e9triques r\u00e9els, Eva peut d\u00e9duire 1 536,90 \u20ac de frais de repas lors de sa d\u00e9claration en frais r\u00e9els.<\/strong><\/p>\n<p style=\"text-align: justify;\">Cependant, <strong>si vous pouvez justifier de tous les repas pris en ext\u00e9rieur, le calcul s\u2019effectue de cette mani\u00e8re :<\/strong><\/p>\n<p style=\"text-align: justify;\"><span style=\"color: #800080;\"><em><strong>Prix r\u00e9el \u2013 forfait de l\u2019administration (5,45 \u20ac) = somme \u00e0 d\u00e9duire<\/strong><\/em><\/span><\/p>\n<p style=\"text-align: justify;\">Autrement dit, si le repas d\u2019Eva au restaurant a co\u00fbt\u00e9 15\u20ac, alors :<br \/><span style=\"color: #800080;\"><em><strong>15\u20ac \u2013 5,45 \u20ac = 9,55 \u20ac<\/strong><\/em><\/span><\/p>\n<p style=\"text-align: justify;\">Donc, Eva peut d\u00e9duire 9,55 \u20ac en plus des repas chez son employeur, sur <strong>sa d\u00e9claration d\u2019imp\u00f4ts.<\/strong><\/p>\n<p style=\"text-align: justify;\">Attention ! <strong>Le seuil maximal tol\u00e9r\u00e9 d\u00e9ductible pour un repas est de 21,10 \u20ac.<\/strong><\/p>\n<p style=\"text-align: justify;\">Autrement dit, si le repas d\u2019Eva a co\u00fbt\u00e9 30\u20ac, alors, elle ne peut pas obtenir la totalit\u00e9 du remboursement de 24,55 \u20ac<span style=\"color: #800080;\"><em><strong> (30\u20ac \u2013 5,45\u20ac)<\/strong><\/em><\/span>.<strong> Elle pourra d\u00e9duire au maximum 15,45 \u20ac de frais de <\/strong><strong>repas lors de sa d\u00e9claration d\u2019imp\u00f4ts (21,10 \u20ac &#8211; 5,45 \u20ac).<\/strong><\/p>\n<p>[\/et_pb_text][\/et_pb_column][\/et_pb_row][et_pb_row _builder_version=\u00a0\u00bb4.24.2&Prime; _module_preset=\u00a0\u00bbdefault\u00a0\u00bb global_colors_info=\u00a0\u00bb{}\u00a0\u00bb][et_pb_column type=\u00a0\u00bb4_4&Prime; _builder_version=\u00a0\u00bb4.24.2&Prime; _module_preset=\u00a0\u00bbdefault\u00a0\u00bb global_colors_info=\u00a0\u00bb{}\u00a0\u00bb][et_pb_text _builder_version=\u00a0\u00bb4.27.4&Prime; _module_preset=\u00a0\u00bbdefault\u00a0\u00bb header_3_font=\u00a0\u00bbABeeZee||||||||\u00a0\u00bb header_3_text_color=\u00a0\u00bb#9377F4&Prime; header_3_font_size=\u00a0\u00bb25px\u00a0\u00bb header_3_font_size_tablet=\u00a0\u00bb25px\u00a0\u00bb header_3_font_size_phone=\u00a0\u00bb25px\u00a0\u00bb header_3_font_size_last_edited=\u00a0\u00bbon|phone\u00a0\u00bb global_colors_info=\u00a0\u00bb{}\u00a0\u00bb]<\/p>\n<h3><span class=\"ez-toc-section\" id=\"Calculer_ses_autres_frais_professionnels_en_CESU\"><\/span><b>Calculer ses autres frais professionnels en CESU<\/b><span class=\"ez-toc-section-end\"><\/span><\/h3>\n<p>[\/et_pb_text][et_pb_text _builder_version=\u00a0\u00bb4.27.4&Prime; _module_preset=\u00a0\u00bbdefault\u00a0\u00bb text_font=\u00a0\u00bbLato||||||||\u00a0\u00bb text_font_size=\u00a0\u00bb18px\u00a0\u00bb global_colors_info=\u00a0\u00bb{}\u00a0\u00bb]<\/p>\n<p style=\"text-align: justify;\"><span style=\"font-weight: 400;\">Les frais les plus connus \u00e0 d\u00e9clarer sont les <\/span><b>frais kilom\u00e9triques<\/b><span style=\"font-weight: 400;\"> et les<\/span><b> frais de repas<\/b><span style=\"font-weight: 400;\">.\u00a0<\/span><\/p>\n<p style=\"text-align: justify;\"><b>Cependant, d\u2019autres frais peuvent \u00eatre compt\u00e9s :\u00a0<\/b><\/p>\n<ul style=\"text-align: justify;\">\n<li style=\"font-weight: 400;\" aria-level=\"1\"><b>Les frais de p\u00e9age et de parking :<\/b><span style=\"font-weight: 400;\"> vous pouvez faire la somme de tous ces frais <\/span><span style=\"font-weight: 400;\">li\u00e9s <\/span><span style=\"font-weight: 400;\">\u00e0 vos trajets et besoins professionnels.<\/span><\/li>\n<li style=\"font-weight: 400;\" aria-level=\"1\"><b>Les frais de formation (non r\u00e9mun\u00e9r\u00e9e) :<\/b><span style=\"font-weight: 400;\"> si vous suivez une formation payante pour am\u00e9liorer vos comp\u00e9tences professionnelles, <\/span><a href=\"https:\/\/flavi.fr\/index.php\/formations-auxiliaires-de-vie\/\"><span style=\"font-weight: 400;\">comme l\u2019atelier Flavi \u201cSe lancer en CESU\u201d<\/span><\/a><span style=\"font-weight: 400;\">, les frais peuvent \u00eatre d\u00e9ductibles.<\/span><\/li>\n<\/ul>\n<p style=\"text-align: justify;\"><b>Les frais mat\u00e9riels : <\/b><span style=\"font-weight: 400;\">si vous achetez des \u00e9quipements pour votre travail (blouse, chaussures adapt\u00e9es\u2026), ces co\u00fbts peuvent \u00eatre d\u00e9ductibles sous conditions <\/span><span style=\"font-weight: 400;\">(pour en savoir plus, <\/span><a href=\"https:\/\/bofip.impots.gouv.fr\/bofip\/7672-PGP.html\/identifiant=BOI-RSA-BASE-30-50-30-40-20230626\"><span style=\"font-weight: 400;\">cliquez ici<\/span><\/a><span style=\"font-weight: 400;\">).<\/span><\/p>\n<p>[\/et_pb_text][\/et_pb_column][\/et_pb_row][et_pb_row _builder_version=\u00a0\u00bb4.24.2&Prime; _module_preset=\u00a0\u00bbdefault\u00a0\u00bb global_colors_info=\u00a0\u00bb{}\u00a0\u00bb][et_pb_column type=\u00a0\u00bb4_4&Prime; _builder_version=\u00a0\u00bb4.24.2&Prime; _module_preset=\u00a0\u00bbdefault\u00a0\u00bb global_colors_info=\u00a0\u00bb{}\u00a0\u00bb][et_pb_text _builder_version=\u00a0\u00bb4.27.4&Prime; _module_preset=\u00a0\u00bbdefault\u00a0\u00bb header_2_font=\u00a0\u00bbABeeZee||||||||\u00a0\u00bb header_2_text_color=\u00a0\u00bb#5800a6&Prime; header_2_font_size=\u00a0\u00bb35px\u00a0\u00bb header_2_font_size_tablet=\u00a0\u00bb35px\u00a0\u00bb header_2_font_size_phone=\u00a0\u00bb30px\u00a0\u00bb header_2_font_size_last_edited=\u00a0\u00bbon|desktop\u00a0\u00bb global_colors_info=\u00a0\u00bb{}\u00a0\u00bb]<\/p>\n<h2 style=\"text-align: justify;\"><span class=\"ez-toc-section\" id=\"Les_frais_reels_et_labattement_forfaitaire_de_10_sont-ils_cumulables\"><\/span><b>Les frais r\u00e9els et l&rsquo;abattement forfaitaire de 10% sont-ils cumulables ?<\/b><span class=\"ez-toc-section-end\"><\/span><\/h2>\n<p>[\/et_pb_text][et_pb_text _builder_version=\u00a0\u00bb4.27.4&Prime; _module_preset=\u00a0\u00bbdefault\u00a0\u00bb text_font=\u00a0\u00bbLato||||||||\u00a0\u00bb text_font_size=\u00a0\u00bb18px\u00a0\u00bb global_colors_info=\u00a0\u00bb{}\u00a0\u00bb]<\/p>\n<p style=\"text-align: justify;\"><span style=\"font-weight: 400;\">Enfin, les <\/span><b>frais r\u00e9els<\/b><span style=\"font-weight: 400;\"> et <\/span><b>l\u2019abattement forfaitaire de 10%<\/b><span style=\"font-weight: 400;\"> ne sont pas cumulables. C\u2019est pourquoi il est important de faire tous les calculs afin de choisir le r\u00e9gime le plus avantageux pour vous.<\/span><\/p>\n<p style=\"text-align: justify;\"><span style=\"font-weight: 400;\">Reprenons l\u2019exemple d\u2019Eva, <\/span><b>auxiliaire de vie en CESU<\/b><span style=\"font-weight: 400;\">. Elle touche 20 000\u20ac \u00e0 l\u2019ann\u00e9e :\u00a0<\/span><\/p>\n<p style=\"text-align: justify;\"><span style=\"font-weight: 400;\">Avec <\/span><b>l\u2019abattement forfaitaire de 10%<\/b><span style=\"font-weight: 400;\">, Eva peut d\u00e9duire 2 000\u20ac de sa fiche d\u2019imp\u00f4ts.\u00a0<\/span><\/p>\n<p style=\"text-align: justify;\"><span style=\"font-weight: 400;\">Avec le calcul de ses <\/span><b>frais r\u00e9els<\/b><span style=\"font-weight: 400;\"> (<\/span><b>frais kilom\u00e9triques<\/b><span style=\"font-weight: 400;\"> et <\/span><b>frais de repas<\/b><span style=\"font-weight: 400;\">), \u00c9va peut d\u00e9duire : 4 196,90 \u20ac <span style=\"color: #800080;\"><em><strong>(2 660 \u20ac de <\/strong><\/em><\/span><\/span><span style=\"color: #800080;\"><em><strong>frais kilom\u00e9triques + 1 536,90 \u20ac de frais de repas<\/strong><\/em><\/span><span style=\"font-weight: 400;\"><span style=\"color: #800080;\"><em><strong>)<\/strong> <\/em><\/span>lors de sa <\/span><b>d\u00e9claration d\u2019imp\u00f4ts<\/b><span style=\"font-weight: 400;\">.<\/span><\/p>\n<p style=\"text-align: justify;\"><span style=\"font-weight: 400;\">Pour \u00c9va, il est donc plus avantageux de d\u00e9clarer ses <\/span><b>frais r\u00e9els<\/b><span style=\"font-weight: 400;\"> plut\u00f4t que de b\u00e9n\u00e9ficier de <\/span><b>l\u2019abattement forfaitaire de 10%<\/b><span style=\"font-weight: 400;\">.<\/span><\/p>\n<p style=\"text-align: justify;\"><span style=\"font-weight: 400;\">Afin d\u2019\u00e9viter de nombreuses erreurs courantes, consultez notre article en <\/span><a href=\"https:\/\/flavi.fr\/index.php\/2023\/05\/22\/comment-calculer-ses-frais-reels-en-cesu\/\"><span style=\"font-weight: 400;\">cliquant ici<\/span><\/a><span style=\"font-weight: 400;\">.<\/span><\/p>\n<p style=\"text-align: justify;\"><span style=\"font-weight: 400;\"><\/span><\/p>\n<p style=\"text-align: justify;\"><span style=\"font-weight: 400;\"><\/span><\/p>\n<p>[\/et_pb_text][\/et_pb_column][\/et_pb_row][\/et_pb_section]<\/p>\n","protected":false},"excerpt":{"rendered":"<p>En tant qu\u2019aide \u00e0 domicile en CESU, d\u00e9clarer ses frais professionnels en CESU peut vous permettre d\u2019optimiser vos revenus, et en l&rsquo;occurrence ici de payer moins (ou pas du tout) d\u2019imp\u00f4ts. A travers cet article, Flavi vous explique d\u2019une part quel r\u00e9gime de d\u00e9duction fiscale choisir et d\u2019autre part comment calculer vos frais r\u00e9els en [&hellip;]<\/p>\n","protected":false},"author":1,"featured_media":6868,"comment_status":"open","ping_status":"open","sticky":false,"template":"","format":"aside","meta":{"_et_pb_use_builder":"on","_et_pb_old_content":"[et_pb_section fb_built=\"1\" _builder_version=\"4.24.2\" _module_preset=\"default\" global_colors_info=\"{}\"][et_pb_row _builder_version=\"4.24.2\" _module_preset=\"default\" global_colors_info=\"{}\"][et_pb_column type=\"4_4\" _builder_version=\"4.24.2\" _module_preset=\"default\" global_colors_info=\"{}\"][et_pb_text _builder_version=\"4.24.2\" _module_preset=\"default\" text_font=\"Lato||||||||\" text_font_size=\"18px\" text_font_size_tablet=\"18px\" text_font_size_phone=\"18px\" text_font_size_last_edited=\"on|desktop\" global_colors_info=\"{}\"]\n\n<span style=\"font-weight: 400;\">Malgr\u00e9 tous vos efforts pour aider vos parents \u00e0 faire face au vieillissement, il arrive un moment o\u00f9 les \u00e9v\u00e9nements vous d\u00e9passent. Vous avez votre propre vie \u00e0 g\u00e9rer et vous n\u2019arrivez pas \u00e0 \u00eatre pr\u00e9sent pour votre proche autant que vous le souhaiteriez.\u00a0<\/span>\n\n<span style=\"font-weight: 400;\">La charge mentale des aidants familiaux est m\u00e9connue et pourtant r\u00e9elle. La solution peut \u00eatre de faire appel \u00e0 une aide \u00e0 domicile.\u00a0 Cependant, il peut \u00eatre assez difficile d\u2019aborder ce sujet avec votre parent sans risquer de le blesser ou de le brusquer.\u00a0<\/span>\n\n<span style=\"font-weight: 400;\">Flavi a rassembl\u00e9 dans cet article quelques conseils pour vous aider dans cette d\u00e9marche essentielle et soulager votre famille.<\/span>\n\n[\/et_pb_text][\/et_pb_column][\/et_pb_row][et_pb_row _builder_version=\"4.24.2\" _module_preset=\"default\" global_colors_info=\"{}\"][et_pb_column type=\"4_4\" _builder_version=\"4.24.2\" _module_preset=\"default\" global_colors_info=\"{}\"][et_pb_text _builder_version=\"4.24.2\" _module_preset=\"default\" header_2_font=\"ABeeZee||||||||\" header_2_text_color=\"#5800a6\" header_2_font_size=\"35px\" header_2_font_size_tablet=\"35px\" header_2_font_size_phone=\"30px\" header_2_font_size_last_edited=\"on|desktop\" global_colors_info=\"{}\"]\n<h2><b>Quels sont les premiers signaux qui justifient le recours \u00e0 l'aide \u00e0 domicile ?<\/b><\/h2>\n[\/et_pb_text][\/et_pb_column][\/et_pb_row][et_pb_row _builder_version=\"4.24.2\" _module_preset=\"default\" global_colors_info=\"{}\"][et_pb_column type=\"4_4\" _builder_version=\"4.24.2\" _module_preset=\"default\" global_colors_info=\"{}\"][et_pb_text _builder_version=\"4.24.2\" _module_preset=\"default\" text_font=\"Lato||||||||\" text_font_size=\"18px\" global_colors_info=\"{}\"]\n\n<span style=\"font-weight: 400;\">Il existe un certain nombre de signes avant-coureurs qui peuvent vous aider \u00e0 d\u00e9terminer si votre proche a besoin d\u2019une aide \u00e0 domicile. <\/span>\n\n[\/et_pb_text][et_pb_text _builder_version=\"4.24.2\" _module_preset=\"default\" header_3_font=\"ABeeZee||||||||\" header_3_text_color=\"#7c00dc\" header_3_font_size=\"25px\" header_3_font_size_tablet=\"25px\" header_3_font_size_phone=\"25px\" header_3_font_size_last_edited=\"on|phone\" global_colors_info=\"{}\"]\n<h3><b>Pertes de m\u00e9moire de plus en plus pr\u00e9sentes <\/b><\/h3>\n[\/et_pb_text][\/et_pb_column][\/et_pb_row][et_pb_row _builder_version=\"4.24.2\" _module_preset=\"default\" global_colors_info=\"{}\"][et_pb_column type=\"4_4\" _builder_version=\"4.24.2\" _module_preset=\"default\" global_colors_info=\"{}\"][et_pb_text _builder_version=\"4.24.2\" _module_preset=\"default\" text_font=\"Lato||||||||\" text_font_size=\"18px\" global_colors_info=\"{}\"]\n\n<span style=\"font-weight: 400;\">Avec l\u2019\u00e2ge, le cerveau subit des changements qui alt\u00e8rent les souvenirs et la m\u00e9moire des choses. Vous constatez que les oublis sont de plus en plus r\u00e9currents chez votre proche, et qu\u2019ils peuvent mener \u00e0 des situations dangereuses ? <\/span>\n\n<span style=\"font-weight: 400;\">Il est peut-\u00eatre temps d\u2019\u00e9voquer avec lui le sujet de l\u2019aide \u00e0 domicile. En effet, oublier o\u00f9 l\u2019on a mis ses cl\u00e9s est une chose, oublier d'\u00e9teindre la gazini\u00e8re en est une autre. Si les troubles de m\u00e9moire de votre parent mettent sa s\u00e9curit\u00e9 en danger, il faut agir sans attendre. <\/span>\n\n[\/et_pb_text][\/et_pb_column][\/et_pb_row][et_pb_row _builder_version=\"4.24.2\" _module_preset=\"default\" global_colors_info=\"{}\"][et_pb_column type=\"4_4\" _builder_version=\"4.24.2\" _module_preset=\"default\" global_colors_info=\"{}\"][et_pb_text _builder_version=\"4.24.2\" _module_preset=\"default\" header_3_font=\"ABeeZee||||||||\" header_3_text_color=\"#7c00dc\" header_3_font_size=\"25px\" header_3_font_size_tablet=\"25px\" header_3_font_size_phone=\"25px\" header_3_font_size_last_edited=\"on|phone\" global_colors_info=\"{}\"]\n<h3><b>Chutes, blessures ou autres incidents domestiques r\u00e9cents<\/b><\/h3>\n[\/et_pb_text][\/et_pb_column][\/et_pb_row][et_pb_row _builder_version=\"4.24.2\" _module_preset=\"default\" global_colors_info=\"{}\"][et_pb_column type=\"4_4\" _builder_version=\"4.24.2\" _module_preset=\"default\" global_colors_info=\"{}\"][et_pb_text _builder_version=\"4.24.2\" _module_preset=\"default\" text_font=\"Lato||||||||\" text_font_size=\"18px\" global_colors_info=\"{}\"]\n\n<span style=\"font-weight: 400;\">Chaque ann\u00e9e, plus de 3 millions d'adultes \u00e2g\u00e9s de 65 ans et plus se rendent aux urgences apr\u00e8s une chute survenue \u00e0 leur domicile.\u00a0<\/span>\n\n<span style=\"font-weight: 400;\">La plupart du temps, ils ne vous diront pas exactement ce qu\u2019il s\u2019est pass\u00e9 et resteront \u00e9vasifs pour ne pas vous inqui\u00e9ter. Vous devez donc rester en alerte et surveiller l\u2019apparition de signes comme des contusions, des \u00e9gratignures ou des blessures \u00e0 la t\u00eate.\u00a0<\/span>\n\n<span style=\"font-weight: 400;\">Vous pouvez \u00e9galement remarquer que votre parent r\u00e9duit ses activit\u00e9s habituelles par peur de tomber \u00e0 nouveau.\u00a0<\/span>\n\n<span style=\"font-weight: 400;\">Certaines conditions m\u00e9dicales rendent les personnes \u00e2g\u00e9es encore plus vuln\u00e9rables aux chutes. Cela peut concerner la carence en vitamine D. Les probl\u00e8mes de vision qui entra\u00eenent une perte d'\u00e9quilibre ou une faiblesse dans le bas du corps sont aussi un facteur potentiel. Soyez attentif aux signes de chute si vous savez que votre parent \u00e2g\u00e9 souffre de l'une de ces conditions.<\/span>\n\n[\/et_pb_text][\/et_pb_column][\/et_pb_row][et_pb_row _builder_version=\"4.24.2\" _module_preset=\"default\" global_colors_info=\"{}\"][et_pb_column type=\"4_4\" _builder_version=\"4.24.2\" _module_preset=\"default\" global_colors_info=\"{}\"][et_pb_text _builder_version=\"4.24.2\" _module_preset=\"default\" header_3_font=\"ABeeZee||||||||\" header_3_text_color=\"#7c00dc\" header_3_font_size=\"25px\" header_3_font_size_tablet=\"25px\" header_3_font_size_phone=\"25px\" header_3_font_size_last_edited=\"on|phone\" global_colors_info=\"{}\"]\n<h3><b>Perte de poids soudaine<\/b><\/h3>\n[\/et_pb_text][\/et_pb_column][\/et_pb_row][et_pb_row _builder_version=\"4.24.2\" _module_preset=\"default\" global_colors_info=\"{}\"][et_pb_column type=\"4_4\" _builder_version=\"4.24.2\" _module_preset=\"default\" global_colors_info=\"{}\"][et_pb_text _builder_version=\"4.24.2\" _module_preset=\"default\" text_font=\"Lato||||||||\" text_font_size=\"18px\" global_colors_info=\"{}\"]\n\n<span style=\"font-weight: 400;\">Les personnes \u00e2g\u00e9es ont tendance \u00e0 avoir besoin de moins de calories en vieillissant en raison de la diminution de leur niveau d'activit\u00e9 physique. Cependant, une perte de poids soudaine et perceptible peut \u00eatre une source d'inqui\u00e9tude. <\/span>\n\n<span style=\"font-weight: 400;\">Votre parent perd beaucoup de poids en peu de temps ? Cela veut peut-\u00eatre dire qu\u2019il n\u2019arrive plus \u00e0 s\u2019alimenter seul et a besoin d\u2019aide pour pr\u00e9parer ses repas. <\/span>\n\n[\/et_pb_text][\/et_pb_column][\/et_pb_row][et_pb_row _builder_version=\"4.24.2\" _module_preset=\"default\" global_colors_info=\"{}\"][et_pb_column type=\"4_4\" _builder_version=\"4.24.2\" _module_preset=\"default\" global_colors_info=\"{}\"][et_pb_text _builder_version=\"4.24.2\" _module_preset=\"default\" header_3_font=\"ABeeZee||||||||\" header_3_text_color=\"#7c00dc\" header_3_font_size=\"25px\" global_colors_info=\"{}\"]\n<h3><b>Manque d'hygi\u00e8ne<\/b><\/h3>\n[\/et_pb_text][et_pb_text _builder_version=\"4.24.2\" _module_preset=\"default\" text_font=\"Lato||||||||\" text_font_size=\"18px\" global_colors_info=\"{}\"]\n\n<span style=\"font-weight: 400;\">En raison de probl\u00e8mes de sant\u00e9 physique et mentale, il peut \u00eatre difficile pour une personne \u00e2g\u00e9e de prendre une douche. De m\u00eame, pour se laver les cheveux, enfiler des v\u00eatements propres, nettoyer la cuisine etc. Dans la plupart des cas, la personne concern\u00e9e en est consciente, et souffre d\u2019inconfort.\u00a0<\/span>\n\n<span style=\"font-weight: 400;\">Lorsque vous rendez visite \u00e0 votre parent \u00e2g\u00e9, soyez attentifs aux signes indiquant qu\u2019il ne peut plus s'acquitter des t\u00e2ches d\u2019hygi\u00e8ne et m\u00e9nag\u00e8res qui lui \u00e9taient alors habituelles.<\/span>\n\n<span style=\"font-weight: 400;\">Bien s\u00fbr il existe de nombreux autres signes qui peuvent vous aider \u00e0 d\u00e9terminer si votre parent a besoin d\u2019une aide \u00e0 domicile. Soyez attentifs \u00e0 tout comportement inhabituel ou changement physique notable.\u00a0<\/span>\n\n<span style=\"font-weight: 400;\">R\u00e9capitulons : <\/span>\n\n[\/et_pb_text][\/et_pb_column][\/et_pb_row][et_pb_row _builder_version=\"4.24.2\" _module_preset=\"default\" global_colors_info=\"{}\"][et_pb_column type=\"4_4\" _builder_version=\"4.24.2\" _module_preset=\"default\" global_colors_info=\"{}\"][et_pb_image src=\"https:\/\/flavi.fr\/wp-content\/uploads\/2024\/03\/Copie-de-Les-differents-stades-de-la-maladie-dAlzheimer-5-1.webp\" _builder_version=\"4.24.2\" _module_preset=\"default\" hover_enabled=\"0\" global_colors_info=\"{}\" alt=\"4 conseils sur : quand solliciter une aide ext\u00e9rieure ?\" title_text=\"Conseils sur : quand solliciter une aide ext\u00e9rieure ?\" sticky_enabled=\"0\"][\/et_pb_image][\/et_pb_column][\/et_pb_row][et_pb_row _builder_version=\"4.24.2\" _module_preset=\"default\" global_colors_info=\"{}\"][et_pb_column type=\"4_4\" _builder_version=\"4.24.2\" _module_preset=\"default\" global_colors_info=\"{}\"][et_pb_text _builder_version=\"4.24.2\" _module_preset=\"default\" header_2_font=\"ABeeZee||||||||\" header_2_text_color=\"#5800a6\" header_2_font_size=\"35px\" header_2_font_size_tablet=\"35px\" header_2_font_size_phone=\"30px\" header_2_font_size_last_edited=\"on|desktop\" global_colors_info=\"{}\"]\n<h2><b>Comment aborder le sujet d'aide \u00e0 domicile avec votre parent en toute s\u00e9r\u00e9nit\u00e9 ?<\/b><\/h2>\n[\/et_pb_text][\/et_pb_column][\/et_pb_row][et_pb_row _builder_version=\"4.24.2\" _module_preset=\"default\"][et_pb_column _builder_version=\"4.24.2\" _module_preset=\"default\" type=\"4_4\"][et_pb_video src=\"https:\/\/flavi.fr\/wp-content\/uploads\/2024\/03\/WhatsApp-Video-2024-03-22-at-16.04.27-1.mp4\" _builder_version=\"4.24.2\" _module_preset=\"default\" title_text=\"Aborder le sujet de l'aide \u00e0 domicile avec votre parent \u00e2g\u00e9\" hover_enabled=\"0\" sticky_enabled=\"0\"][\/et_pb_video][\/et_pb_column][\/et_pb_row][et_pb_row _builder_version=\"4.24.2\" _module_preset=\"default\" global_colors_info=\"{}\"][et_pb_column type=\"4_4\" _builder_version=\"4.24.2\" _module_preset=\"default\" global_colors_info=\"{}\"][et_pb_text _builder_version=\"4.24.2\" _module_preset=\"default\" text_font=\"Lato||||||||\" text_font_size=\"18px\" global_colors_info=\"{}\"]\n\n<span style=\"font-weight: 400;\">L'aide \u00e0 domicile peut \u00eatre la solution parfaite \u00e0 tous vos probl\u00e8mes et assurer que votre proche soit soutenu et prot\u00e9g\u00e9 de tous les dangers du quotidien.\u00a0<\/span>\n\n<span style=\"font-weight: 400;\">Seulement voil\u00e0, vous avez d\u00e9j\u00e0 tent\u00e9 d\u2019en discuter avec votre proche et celui-ci reste convaincu qu\u2019il n\u2019a pas besoin d\u2019aide \u00e0 domicile<\/span>\n\n<span style=\"font-weight: 400;\">. Il faut alors trouver les mots, et aborder le sujet au bon moment. Cela lui permettra de comprendre que vous faites cela pour son bien, car vous l\u2019aimez plus que tout.\u00a0<\/span>\n\n<span style=\"font-weight: 400;\">Le plus souvent, c\u2019est <\/span><b>la peur<\/b><span style=\"font-weight: 400;\"> qui est \u00e0 l\u2019origine de ce refus. Ils refusent d\u2019accepter la pr\u00e9sence d\u2019une personne ext\u00e9rieure \u00e0 leurs c\u00f4t\u00e9s.\u00a0<\/span>\n\n<span style=\"font-weight: 400;\">Elle amplifie \u00e9galement l'ampleur des besoins en soins de l'a\u00een\u00e9, ce qui le fait se sentir particuli\u00e8rement vuln\u00e9rable et d\u00e9pendant.\u00a0<\/span>\n\n<span style=\"font-weight: 400;\">Il n\u2019est pas facile de faire face au vieillissement, de voir son corps et ses capacit\u00e9s changer au fil du temps. Souvent, la seule chose qui leur permet de tenir le coup est leur force mentale et leur ind\u00e9pendance.\u00a0<\/span>\n\n<span style=\"font-weight: 400;\">Ils per\u00e7oivent donc l\u2019aide \u00e0 domicile comme \u00e9tant la personne qui va leur enlever cette libert\u00e9 \u00e0 laquelle ils tiennent tant.\u00a0<\/span>\n\n<span style=\"font-weight: 400;\">C\u2019est ici qu\u2019ils se trompent, et votre r\u00f4le est de leur expliquer que les aides \u00e0 domicile ne sont pas l\u00e0 pour faire \u00e0 sa place. En effet, elles sont l\u00e0 pour l\u2019accompagner dans la r\u00e9alisation de ses activit\u00e9s quotidiennes.<\/span>\n\n[\/et_pb_text][et_pb_text _builder_version=\"4.24.2\" _module_preset=\"default\" header_3_font=\"ABeeZee||||||||\" header_3_text_color=\"#7c00dc\" header_3_font_size=\"25px\" global_colors_info=\"{}\"]\n<h3><b>Choisissez le moment appropri\u00e9<\/b><\/h3>\n[\/et_pb_text][et_pb_text _builder_version=\"4.24.2\" _module_preset=\"default\" text_font=\"Lato||||||||\" text_font_size=\"18px\" global_colors_info=\"{}\"]\n\n<span style=\"font-weight: 400;\">Commencer \u00e0 parler d\u2019aide \u00e0 domicile avec votre parent \u00e2g\u00e9 peut s\u2019av\u00e9rer \u00eatre un sujet sensible source de frictions.<\/span>\n\n<span style=\"font-weight: 400;\">Vous connaissez votre proche, essayez donc de tout faire pour amener ce sujet avec bienveillance. Il faudra s\u00fbrement \u00e9viter d\u2019en parler lors d\u2019un d\u00eener en famille par exemple. Le regard des autres peut rendre cette \u00e9preuve insurmontable.\u00a0<\/span>\n\n<span style=\"font-weight: 400;\">Aborder ce sujet au calme et \u00e0 t\u00eate repos\u00e9e sera plus facile pour vous deux. <\/span>\n\n[\/et_pb_text][et_pb_text _builder_version=\"4.24.2\" _module_preset=\"default\" header_3_font=\"ABeeZee||||||||\" header_3_text_color=\"#7c00dc\" header_3_font_size=\"25px\" global_colors_info=\"{}\"]\n<h3><b>Acceptez son avis m\u00eame s'il est n\u00e9gatif au d\u00e9but<\/b><\/h3>\n[\/et_pb_text][et_pb_text _builder_version=\"4.24.2\" _module_preset=\"default\" text_font=\"Lato||||||||\" text_font_size=\"18px\" global_colors_info=\"{}\"]\n\n<span style=\"font-weight: 400;\">Pour que la conversation soit efficace, il ne faut pas vous opposer directement \u00e0 l\u2019avis de votre parent. Le sens de l\u2019\u00e9coute est ici primordial, afin de lui montrer que vous comprenez et entendez son point de vue.<\/span>\n\n<span style=\"font-weight: 400;\">On peut dire qu\u2019il faut mettre en valeur sa capacit\u00e9 \u00e0 prendre des d\u00e9cisions, sans jamais le pr\u00e9senter comme une victime.\u00a0<\/span>\n\n<span style=\"font-weight: 400;\">Que devez-vous faire s\u2019il refuse de se faire aider ? Votre r\u00f4le est de le guider et le conduire \u00e0 r\u00e9aliser qu\u2019il a besoin d\u2019une aide \u00e0 domicile.<\/span>\n\n<span style=\"font-weight: 400;\">Vous pouvez commencer par aborder le sujet en lui disant qu\u2019une aide \u00e0 domicile peut lui faire gagner un temps pr\u00e9cieux. De plus, elle peut l\u2019aider \u00e0 s\u2019acquitter des t\u00e2ches m\u00e9nag\u00e8res et faire qu\u2019il se sente mieux au quotidien.\u00a0<\/span>\n\n<span style=\"font-weight: 400;\">Aborder le sujet de cette mani\u00e8re peut vous faire progresser dans la discussion, sans que votre parent ne se sente menac\u00e9. Une fois que vous serez sur la m\u00eame longueur d\u2019onde, vous finirez par vous mettre d\u2019accord. <\/span>\n\n[\/et_pb_text][et_pb_text _builder_version=\"4.24.2\" _module_preset=\"default\" header_3_font=\"ABeeZee||||||||\" header_3_text_color=\"#7c00dc\" header_3_font_size=\"25px\" global_colors_info=\"{}\"]\n<h3><b>Mettez en avant les points positifs qu\"une aide \u00e0 domicile pourrait lui apporter<\/b><\/h3>\n[\/et_pb_text][\/et_pb_column][\/et_pb_row][et_pb_row _builder_version=\"4.24.2\" _module_preset=\"default\" global_colors_info=\"{}\"][et_pb_column type=\"4_4\" _builder_version=\"4.24.2\" _module_preset=\"default\" global_colors_info=\"{}\"][et_pb_text _builder_version=\"4.24.2\" _module_preset=\"default\" text_font=\"Lato||||||||\" text_font_size=\"18px\" global_colors_info=\"{}\"]\n\n<span style=\"font-weight: 400;\">Afin que votre proche accepte la situation et r\u00e9alise qu\u2019il a en effet besoin d\u2019une aide \u00e0 domicile, faites lui comprendre que cela pourrait arranger les choses.<\/span>\n\n<span style=\"font-weight: 400;\">Mettez en avant le c\u00f4t\u00e9 positif et ce qu\u2019il y gagnerait : \u201ctu seras en s\u00e9curit\u00e9\u201d, \u201ctu pourras rester \u00e0 la maison et garder tes habitudes\u201d etc.\u00a0<\/span>\n\n<span style=\"font-weight: 400;\">Vous connaissez les petits plaisirs de votre proche, essayez de trouver les raisons qui lui feront voir le bon c\u00f4t\u00e9 d\u2019une aide \u00e0 domicile !\u00a0<\/span>\n\n<span style=\"font-weight: 400;\">L'essentiel est d\u2019arriver \u00e0 faire comprendre \u00e0 votre proche que l\u2019aide \u00e0 domicile pourrait lui \u00eatre grandement b\u00e9n\u00e9fique.\u00a0<\/span>\n\n<span style=\"font-weight: 400;\">Certes, il peut \u00eatre difficile d'aborder le sujet, et peut-\u00eatre que la premi\u00e8re tentative sera vaine. Ne perdez pas espoir, soyez patient. Souvenez vous que cette conversation est certainement plus difficile pour lui que pour vous.\u00a0<\/span>\n\n<span style=\"font-weight: 400;\">Vous pouvez appliquer les quelques conseils que nous avons rassembl\u00e9s dans cet article afin que cette \u00e9tape ne soit plus insurmontable et difficile. Vous r\u00e9soudrez ce probl\u00e8me ensemble, car vous l\u2019aimez et serez l\u00e0 pour lui quoi qu\u2019il arrive.\u00a0<\/span>\n\n<span style=\"font-weight: 400;\">Une fois la d\u00e9cision prise, alors vous pourrez passer par un mandataire, un prestataire ou par une auxiliaire ind\u00e9pendante ou en emploi direct via<\/span><a href=\"https:\/\/flavi.fr\/\"><span style=\"font-weight: 400;\"> wwwFlavi.fr<\/span><\/a><span style=\"font-weight: 400;\">.<\/span>\n\n<span style=\"font-weight: 400;\">Il est important de noter qu\u2019une aide sociale peut financer le recours \u00e0 l\u2019aide \u00e0 domicile. (lien APA)<\/span>\n\n[\/et_pb_text][\/et_pb_column][\/et_pb_row][\/et_pb_section]","_et_gb_content_width":"","_lmt_disableupdate":"yes","_lmt_disable":"","_monsterinsights_skip_tracking":false,"_monsterinsights_sitenote_active":false,"_monsterinsights_sitenote_note":"","_monsterinsights_sitenote_category":0,"footnotes":""},"categories":[19],"tags":[],"ppma_author":[41],"class_list":["post-6854","post","type-post","status-publish","format-aside","has-post-thumbnail","hentry","category-articles-pour-auxiliaire","post_format-post-format-aside"],"yoast_head":"<!-- This site is optimized with the Yoast SEO plugin v27.5 - https:\/\/yoast.com\/product\/yoast-seo-wordpress\/ -->\n<title>Comment d\u00e9clarer ses frais professionnels en CESU ? - Flavi<\/title>\n<meta name=\"description\" content=\"Comment d\u00e9clarer ses frais professionnels en CESU ? Frais de repas, frais kilom\u00e9triques, autres frais... On vous d\u00e9taille tout !\" \/>\n<meta name=\"robots\" content=\"index, follow, max-snippet:-1, max-image-preview:large, max-video-preview:-1\" \/>\n<link rel=\"canonical\" href=\"https:\/\/flavi.fr\/index.php\/2026\/03\/24\/declarer-ses-frais-professionnels-en-cesu-2\/\" \/>\n<meta property=\"og:locale\" content=\"fr_FR\" \/>\n<meta property=\"og:type\" content=\"article\" \/>\n<meta property=\"og:title\" content=\"Comment d\u00e9clarer ses frais professionnels en CESU ? - Flavi\" \/>\n<meta property=\"og:description\" content=\"Comment d\u00e9clarer ses frais professionnels en CESU ? Frais de repas, frais kilom\u00e9triques, autres frais... On vous d\u00e9taille tout !\" \/>\n<meta property=\"og:url\" content=\"https:\/\/flavi.fr\/index.php\/2026\/03\/24\/declarer-ses-frais-professionnels-en-cesu-2\/\" \/>\n<meta property=\"og:site_name\" content=\"Flavi\" \/>\n<meta property=\"article:published_time\" content=\"2026-03-24T10:12:53+00:00\" \/>\n<meta property=\"og:image\" content=\"https:\/\/flavi.fr\/wp-content\/uploads\/2024\/03\/Frais-pro.webp\" \/>\n\t<meta property=\"og:image:width\" content=\"691\" \/>\n\t<meta property=\"og:image:height\" content=\"387\" \/>\n\t<meta property=\"og:image:type\" content=\"image\/webp\" \/>\n<meta name=\"author\" content=\"Flavie, experte CESU\" \/>\n<meta name=\"twitter:card\" content=\"summary_large_image\" \/>\n<meta name=\"twitter:label1\" content=\"\u00c9crit par\" \/>\n\t<meta name=\"twitter:data1\" content=\"Flavie, experte CESU\" \/>\n\t<meta name=\"twitter:label2\" content=\"Dur\u00e9e de lecture estim\u00e9e\" \/>\n\t<meta name=\"twitter:data2\" content=\"8 minutes\" \/>\n<script type=\"application\/ld+json\" class=\"yoast-schema-graph\">{\"@context\":\"https:\\\/\\\/schema.org\",\"@graph\":[{\"@type\":\"Article\",\"@id\":\"https:\\\/\\\/flavi.fr\\\/index.php\\\/2026\\\/03\\\/24\\\/declarer-ses-frais-professionnels-en-cesu-2\\\/#article\",\"isPartOf\":{\"@id\":\"https:\\\/\\\/flavi.fr\\\/index.php\\\/2026\\\/03\\\/24\\\/declarer-ses-frais-professionnels-en-cesu-2\\\/\"},\"author\":{\"name\":\"Eva Muringer, Fondatrice de Flavi et enseignante\",\"@id\":\"https:\\\/\\\/flavi.fr\\\/#\\\/schema\\\/person\\\/e540732270cd8b3a026a503df4f1ea3d\"},\"headline\":\"Comment d\u00e9clarer ses frais professionnels en CESU ?\",\"datePublished\":\"2026-03-24T10:12:53+00:00\",\"mainEntityOfPage\":{\"@id\":\"https:\\\/\\\/flavi.fr\\\/index.php\\\/2026\\\/03\\\/24\\\/declarer-ses-frais-professionnels-en-cesu-2\\\/\"},\"wordCount\":2826,\"commentCount\":4,\"image\":{\"@id\":\"https:\\\/\\\/flavi.fr\\\/index.php\\\/2026\\\/03\\\/24\\\/declarer-ses-frais-professionnels-en-cesu-2\\\/#primaryimage\"},\"thumbnailUrl\":\"https:\\\/\\\/flavi.fr\\\/wp-content\\\/uploads\\\/2024\\\/03\\\/Frais-pro.webp\",\"articleSection\":[\"Articles pour auxiliaire de vie\"],\"inLanguage\":\"fr-FR\",\"potentialAction\":[{\"@type\":\"CommentAction\",\"name\":\"Comment\",\"target\":[\"https:\\\/\\\/flavi.fr\\\/index.php\\\/2026\\\/03\\\/24\\\/declarer-ses-frais-professionnels-en-cesu-2\\\/#respond\"]}]},{\"@type\":\"WebPage\",\"@id\":\"https:\\\/\\\/flavi.fr\\\/index.php\\\/2026\\\/03\\\/24\\\/declarer-ses-frais-professionnels-en-cesu-2\\\/\",\"url\":\"https:\\\/\\\/flavi.fr\\\/index.php\\\/2026\\\/03\\\/24\\\/declarer-ses-frais-professionnels-en-cesu-2\\\/\",\"name\":\"Comment d\u00e9clarer ses frais professionnels en CESU ? - Flavi\",\"isPartOf\":{\"@id\":\"https:\\\/\\\/flavi.fr\\\/#website\"},\"primaryImageOfPage\":{\"@id\":\"https:\\\/\\\/flavi.fr\\\/index.php\\\/2026\\\/03\\\/24\\\/declarer-ses-frais-professionnels-en-cesu-2\\\/#primaryimage\"},\"image\":{\"@id\":\"https:\\\/\\\/flavi.fr\\\/index.php\\\/2026\\\/03\\\/24\\\/declarer-ses-frais-professionnels-en-cesu-2\\\/#primaryimage\"},\"thumbnailUrl\":\"https:\\\/\\\/flavi.fr\\\/wp-content\\\/uploads\\\/2024\\\/03\\\/Frais-pro.webp\",\"datePublished\":\"2026-03-24T10:12:53+00:00\",\"author\":{\"@id\":\"https:\\\/\\\/flavi.fr\\\/#\\\/schema\\\/person\\\/e540732270cd8b3a026a503df4f1ea3d\"},\"description\":\"Comment d\u00e9clarer ses frais professionnels en CESU ? Frais de repas, frais kilom\u00e9triques, autres frais... On vous d\u00e9taille tout !\",\"breadcrumb\":{\"@id\":\"https:\\\/\\\/flavi.fr\\\/index.php\\\/2026\\\/03\\\/24\\\/declarer-ses-frais-professionnels-en-cesu-2\\\/#breadcrumb\"},\"inLanguage\":\"fr-FR\",\"potentialAction\":[{\"@type\":\"ReadAction\",\"target\":[\"https:\\\/\\\/flavi.fr\\\/index.php\\\/2026\\\/03\\\/24\\\/declarer-ses-frais-professionnels-en-cesu-2\\\/\"]}]},{\"@type\":\"ImageObject\",\"inLanguage\":\"fr-FR\",\"@id\":\"https:\\\/\\\/flavi.fr\\\/index.php\\\/2026\\\/03\\\/24\\\/declarer-ses-frais-professionnels-en-cesu-2\\\/#primaryimage\",\"url\":\"https:\\\/\\\/flavi.fr\\\/wp-content\\\/uploads\\\/2024\\\/03\\\/Frais-pro.webp\",\"contentUrl\":\"https:\\\/\\\/flavi.fr\\\/wp-content\\\/uploads\\\/2024\\\/03\\\/Frais-pro.webp\",\"width\":691,\"height\":387,\"caption\":\"Comment d\u00e9clarer ses frais professionnels en CESU\"},{\"@type\":\"BreadcrumbList\",\"@id\":\"https:\\\/\\\/flavi.fr\\\/index.php\\\/2026\\\/03\\\/24\\\/declarer-ses-frais-professionnels-en-cesu-2\\\/#breadcrumb\",\"itemListElement\":[{\"@type\":\"ListItem\",\"position\":1,\"name\":\"Accueil\",\"item\":\"https:\\\/\\\/flavi.fr\\\/\"},{\"@type\":\"ListItem\",\"position\":2,\"name\":\"Comment d\u00e9clarer ses frais professionnels en CESU ?\"}]},{\"@type\":\"WebSite\",\"@id\":\"https:\\\/\\\/flavi.fr\\\/#website\",\"url\":\"https:\\\/\\\/flavi.fr\\\/\",\"name\":\"Flavi\",\"description\":\"auxiliaires de vie ind\u00e9pendantes\",\"potentialAction\":[{\"@type\":\"SearchAction\",\"target\":{\"@type\":\"EntryPoint\",\"urlTemplate\":\"https:\\\/\\\/flavi.fr\\\/?s={search_term_string}\"},\"query-input\":{\"@type\":\"PropertyValueSpecification\",\"valueRequired\":true,\"valueName\":\"search_term_string\"}}],\"inLanguage\":\"fr-FR\"},{\"@type\":\"Person\",\"@id\":\"https:\\\/\\\/flavi.fr\\\/#\\\/schema\\\/person\\\/e540732270cd8b3a026a503df4f1ea3d\",\"name\":\"Eva Muringer, Fondatrice de Flavi et enseignante\",\"image\":{\"@type\":\"ImageObject\",\"inLanguage\":\"fr-FR\",\"@id\":\"https:\\\/\\\/secure.gravatar.com\\\/avatar\\\/c30b4e242c14546872cc63671192d7e6cac888c35741f84be86494a741cfb896?s=96&d=mm&r=g1e593406708024e749a1e9e33b45acc9\",\"url\":\"https:\\\/\\\/secure.gravatar.com\\\/avatar\\\/c30b4e242c14546872cc63671192d7e6cac888c35741f84be86494a741cfb896?s=96&d=mm&r=g\",\"contentUrl\":\"https:\\\/\\\/secure.gravatar.com\\\/avatar\\\/c30b4e242c14546872cc63671192d7e6cac888c35741f84be86494a741cfb896?s=96&d=mm&r=g\",\"caption\":\"Eva Muringer, Fondatrice de Flavi et enseignante\"},\"sameAs\":[\"https:\\\/\\\/www.flavi.fr\"],\"url\":\"https:\\\/\\\/flavi.fr\\\/index.php\\\/author\\\/admin7211\\\/\"}]}<\/script>\n<!-- \/ Yoast SEO plugin. -->","yoast_head_json":{"title":"Comment d\u00e9clarer ses frais professionnels en CESU ? - Flavi","description":"Comment d\u00e9clarer ses frais professionnels en CESU ? Frais de repas, frais kilom\u00e9triques, autres frais... On vous d\u00e9taille tout !","robots":{"index":"index","follow":"follow","max-snippet":"max-snippet:-1","max-image-preview":"max-image-preview:large","max-video-preview":"max-video-preview:-1"},"canonical":"https:\/\/flavi.fr\/index.php\/2026\/03\/24\/declarer-ses-frais-professionnels-en-cesu-2\/","og_locale":"fr_FR","og_type":"article","og_title":"Comment d\u00e9clarer ses frais professionnels en CESU ? - Flavi","og_description":"Comment d\u00e9clarer ses frais professionnels en CESU ? Frais de repas, frais kilom\u00e9triques, autres frais... On vous d\u00e9taille tout !","og_url":"https:\/\/flavi.fr\/index.php\/2026\/03\/24\/declarer-ses-frais-professionnels-en-cesu-2\/","og_site_name":"Flavi","article_published_time":"2026-03-24T10:12:53+00:00","og_image":[{"width":691,"height":387,"url":"https:\/\/flavi.fr\/wp-content\/uploads\/2024\/03\/Frais-pro.webp","type":"image\/webp"}],"author":"Flavie, experte CESU","twitter_card":"summary_large_image","twitter_misc":{"\u00c9crit par":"Flavie, experte CESU","Dur\u00e9e de lecture estim\u00e9e":"8 minutes"},"schema":{"@context":"https:\/\/schema.org","@graph":[{"@type":"Article","@id":"https:\/\/flavi.fr\/index.php\/2026\/03\/24\/declarer-ses-frais-professionnels-en-cesu-2\/#article","isPartOf":{"@id":"https:\/\/flavi.fr\/index.php\/2026\/03\/24\/declarer-ses-frais-professionnels-en-cesu-2\/"},"author":{"name":"Eva Muringer, Fondatrice de Flavi et enseignante","@id":"https:\/\/flavi.fr\/#\/schema\/person\/e540732270cd8b3a026a503df4f1ea3d"},"headline":"Comment d\u00e9clarer ses frais professionnels en CESU ?","datePublished":"2026-03-24T10:12:53+00:00","mainEntityOfPage":{"@id":"https:\/\/flavi.fr\/index.php\/2026\/03\/24\/declarer-ses-frais-professionnels-en-cesu-2\/"},"wordCount":2826,"commentCount":4,"image":{"@id":"https:\/\/flavi.fr\/index.php\/2026\/03\/24\/declarer-ses-frais-professionnels-en-cesu-2\/#primaryimage"},"thumbnailUrl":"https:\/\/flavi.fr\/wp-content\/uploads\/2024\/03\/Frais-pro.webp","articleSection":["Articles pour auxiliaire de vie"],"inLanguage":"fr-FR","potentialAction":[{"@type":"CommentAction","name":"Comment","target":["https:\/\/flavi.fr\/index.php\/2026\/03\/24\/declarer-ses-frais-professionnels-en-cesu-2\/#respond"]}]},{"@type":"WebPage","@id":"https:\/\/flavi.fr\/index.php\/2026\/03\/24\/declarer-ses-frais-professionnels-en-cesu-2\/","url":"https:\/\/flavi.fr\/index.php\/2026\/03\/24\/declarer-ses-frais-professionnels-en-cesu-2\/","name":"Comment d\u00e9clarer ses frais professionnels en CESU ? - Flavi","isPartOf":{"@id":"https:\/\/flavi.fr\/#website"},"primaryImageOfPage":{"@id":"https:\/\/flavi.fr\/index.php\/2026\/03\/24\/declarer-ses-frais-professionnels-en-cesu-2\/#primaryimage"},"image":{"@id":"https:\/\/flavi.fr\/index.php\/2026\/03\/24\/declarer-ses-frais-professionnels-en-cesu-2\/#primaryimage"},"thumbnailUrl":"https:\/\/flavi.fr\/wp-content\/uploads\/2024\/03\/Frais-pro.webp","datePublished":"2026-03-24T10:12:53+00:00","author":{"@id":"https:\/\/flavi.fr\/#\/schema\/person\/e540732270cd8b3a026a503df4f1ea3d"},"description":"Comment d\u00e9clarer ses frais professionnels en CESU ? Frais de repas, frais kilom\u00e9triques, autres frais... On vous d\u00e9taille tout !","breadcrumb":{"@id":"https:\/\/flavi.fr\/index.php\/2026\/03\/24\/declarer-ses-frais-professionnels-en-cesu-2\/#breadcrumb"},"inLanguage":"fr-FR","potentialAction":[{"@type":"ReadAction","target":["https:\/\/flavi.fr\/index.php\/2026\/03\/24\/declarer-ses-frais-professionnels-en-cesu-2\/"]}]},{"@type":"ImageObject","inLanguage":"fr-FR","@id":"https:\/\/flavi.fr\/index.php\/2026\/03\/24\/declarer-ses-frais-professionnels-en-cesu-2\/#primaryimage","url":"https:\/\/flavi.fr\/wp-content\/uploads\/2024\/03\/Frais-pro.webp","contentUrl":"https:\/\/flavi.fr\/wp-content\/uploads\/2024\/03\/Frais-pro.webp","width":691,"height":387,"caption":"Comment d\u00e9clarer ses frais professionnels en CESU"},{"@type":"BreadcrumbList","@id":"https:\/\/flavi.fr\/index.php\/2026\/03\/24\/declarer-ses-frais-professionnels-en-cesu-2\/#breadcrumb","itemListElement":[{"@type":"ListItem","position":1,"name":"Accueil","item":"https:\/\/flavi.fr\/"},{"@type":"ListItem","position":2,"name":"Comment d\u00e9clarer ses frais professionnels en CESU ?"}]},{"@type":"WebSite","@id":"https:\/\/flavi.fr\/#website","url":"https:\/\/flavi.fr\/","name":"Flavi","description":"auxiliaires de vie ind\u00e9pendantes","potentialAction":[{"@type":"SearchAction","target":{"@type":"EntryPoint","urlTemplate":"https:\/\/flavi.fr\/?s={search_term_string}"},"query-input":{"@type":"PropertyValueSpecification","valueRequired":true,"valueName":"search_term_string"}}],"inLanguage":"fr-FR"},{"@type":"Person","@id":"https:\/\/flavi.fr\/#\/schema\/person\/e540732270cd8b3a026a503df4f1ea3d","name":"Eva Muringer, Fondatrice de Flavi et enseignante","image":{"@type":"ImageObject","inLanguage":"fr-FR","@id":"https:\/\/secure.gravatar.com\/avatar\/c30b4e242c14546872cc63671192d7e6cac888c35741f84be86494a741cfb896?s=96&d=mm&r=g1e593406708024e749a1e9e33b45acc9","url":"https:\/\/secure.gravatar.com\/avatar\/c30b4e242c14546872cc63671192d7e6cac888c35741f84be86494a741cfb896?s=96&d=mm&r=g","contentUrl":"https:\/\/secure.gravatar.com\/avatar\/c30b4e242c14546872cc63671192d7e6cac888c35741f84be86494a741cfb896?s=96&d=mm&r=g","caption":"Eva Muringer, Fondatrice de Flavi et enseignante"},"sameAs":["https:\/\/www.flavi.fr"],"url":"https:\/\/flavi.fr\/index.php\/author\/admin7211\/"}]}},"modified_by":"Flavie, experte CESU, 25 ans d\u2019expertise dans le secteur m\u00e9dico-social","authors":[{"term_id":41,"user_id":1,"is_guest":0,"slug":"admin7211","display_name":"Flavie, experte CESU","avatar_url":"https:\/\/secure.gravatar.com\/avatar\/c30b4e242c14546872cc63671192d7e6cac888c35741f84be86494a741cfb896?s=96&d=mm&r=g","1":"","2":"","3":"","4":"","5":"","6":"","7":"","8":""}],"_links":{"self":[{"href":"https:\/\/flavi.fr\/index.php\/wp-json\/wp\/v2\/posts\/6854","targetHints":{"allow":["GET"]}}],"collection":[{"href":"https:\/\/flavi.fr\/index.php\/wp-json\/wp\/v2\/posts"}],"about":[{"href":"https:\/\/flavi.fr\/index.php\/wp-json\/wp\/v2\/types\/post"}],"author":[{"embeddable":true,"href":"https:\/\/flavi.fr\/index.php\/wp-json\/wp\/v2\/users\/1"}],"replies":[{"embeddable":true,"href":"https:\/\/flavi.fr\/index.php\/wp-json\/wp\/v2\/comments?post=6854"}],"version-history":[{"count":2,"href":"https:\/\/flavi.fr\/index.php\/wp-json\/wp\/v2\/posts\/6854\/revisions"}],"predecessor-version":[{"id":10590,"href":"https:\/\/flavi.fr\/index.php\/wp-json\/wp\/v2\/posts\/6854\/revisions\/10590"}],"wp:featuredmedia":[{"embeddable":true,"href":"https:\/\/flavi.fr\/index.php\/wp-json\/wp\/v2\/media\/6868"}],"wp:attachment":[{"href":"https:\/\/flavi.fr\/index.php\/wp-json\/wp\/v2\/media?parent=6854"}],"wp:term":[{"taxonomy":"category","embeddable":true,"href":"https:\/\/flavi.fr\/index.php\/wp-json\/wp\/v2\/categories?post=6854"},{"taxonomy":"post_tag","embeddable":true,"href":"https:\/\/flavi.fr\/index.php\/wp-json\/wp\/v2\/tags?post=6854"},{"taxonomy":"author","embeddable":true,"href":"https:\/\/flavi.fr\/index.php\/wp-json\/wp\/v2\/ppma_author?post=6854"}],"curies":[{"name":"wp","href":"https:\/\/api.w.org\/{rel}","templated":true}]}}