{"id":6792,"date":"2024-04-24T09:55:17","date_gmt":"2024-04-24T07:55:17","guid":{"rendered":"https:\/\/flavi.fr\/?p=6792"},"modified":"2026-01-02T12:05:09","modified_gmt":"2026-01-02T11:05:09","slug":"comment-definir-son-girgroupe-iso-ressources-pour-le-calcul-de-lapa","status":"publish","type":"post","link":"https:\/\/flavi.fr\/index.php\/2024\/04\/24\/comment-definir-son-girgroupe-iso-ressources-pour-le-calcul-de-lapa\/","title":{"rendered":"Comment d\u00e9finir son GIR (Groupe Iso-ressources) ?"},"content":{"rendered":"<p>[et_pb_section fb_built=\u00a0\u00bb1&Prime; _builder_version=\u00a0\u00bb4.24.2&Prime; _module_preset=\u00a0\u00bbdefault\u00a0\u00bb global_colors_info=\u00a0\u00bb{}\u00a0\u00bb][et_pb_row _builder_version=\u00a0\u00bb4.24.2&Prime; _module_preset=\u00a0\u00bbdefault\u00a0\u00bb global_colors_info=\u00a0\u00bb{}\u00a0\u00bb][et_pb_column type=\u00a0\u00bb4_4&Prime; _builder_version=\u00a0\u00bb4.24.2&Prime; _module_preset=\u00a0\u00bbdefault\u00a0\u00bb global_colors_info=\u00a0\u00bb{}\u00a0\u00bb][et_pb_text _builder_version=\u00a0\u00bb4.27.4&Prime; _module_preset=\u00a0\u00bbdefault\u00a0\u00bb text_font=\u00a0\u00bbLato||||||||\u00a0\u00bb text_font_size=\u00a0\u00bb18px\u00a0\u00bb text_font_size_tablet=\u00a0\u00bb18px\u00a0\u00bb text_font_size_phone=\u00a0\u00bb18px\u00a0\u00bb text_font_size_last_edited=\u00a0\u00bbon|desktop\u00a0\u00bb global_colors_info=\u00a0\u00bb{}\u00a0\u00bb]<\/p>\n<p style=\"text-align: justify;\"><span style=\"font-weight: 400;\">Le Groupe Iso-Ressources (GIR) est un point tr\u00e8s important dans l\u2019\u00e9valuation de l\u2019autonomie des personnes \u00e2g\u00e9es. Car<\/span><span style=\"font-weight: 400;\"> il d\u00e9finit le montant maximum de l&rsquo;APA qui vous est allou\u00e9e. En cons\u00e9quence, le d\u00e9partement octroie naturellement plus d\u2019aide sociale \u00e0 une personne tr\u00e8s d\u00e9pendante, donc avec un GIR faible.<\/span><\/p>\n<p style=\"text-align: justify;\"><span style=\"font-weight: 400;\"><span>Vous \u00eates (ou allez devenir) particulier employeur et vous vous sentez un peu perdu avec le CESU, les d\u00e9marches, ou les obligations l\u00e9gales ?<\/span><br \/><span>On a pr\u00e9par\u00e9 un <\/span><strong data-renderer-mark=\"true\">guide complet, simple et gratuit<\/strong><span>, pour vous aider \u00e0 tout comprendre et d\u00e9marrer sereinement.<\/span><\/span><\/p>\n<p>[\/et_pb_text][et_pb_button button_url=\u00a0\u00bbhttps:\/\/forms.gle\/GjMWbpTAENkiK3JM8&Prime; button_text=\u00a0\u00bbR\u00e9cup\u00e9rer mon guide CESU\u00a0\u00bb button_alignment=\u00a0\u00bbcenter\u00a0\u00bb _builder_version=\u00a0\u00bb4.27.4&Prime; _module_preset=\u00a0\u00bbdefault\u00a0\u00bb custom_button=\u00a0\u00bbon\u00a0\u00bb button_text_color=\u00a0\u00bb#2E5C9F\u00a0\u00bb button_bg_color=\u00a0\u00bb#FFC600&Prime; button_border_width=\u00a0\u00bb0px\u00a0\u00bb button_font=\u00a0\u00bb|800|||||||\u00a0\u00bb global_colors_info=\u00a0\u00bb{}\u00a0\u00bb][\/et_pb_button][\/et_pb_column][\/et_pb_row][et_pb_row _builder_version=\u00a0\u00bb4.24.2&Prime; _module_preset=\u00a0\u00bbdefault\u00a0\u00bb global_colors_info=\u00a0\u00bb{}\u00a0\u00bb][et_pb_column type=\u00a0\u00bb4_4&Prime; _builder_version=\u00a0\u00bb4.24.2&Prime; _module_preset=\u00a0\u00bbdefault\u00a0\u00bb global_colors_info=\u00a0\u00bb{}\u00a0\u00bb][et_pb_text _builder_version=\u00a0\u00bb4.27.4&Prime; _module_preset=\u00a0\u00bbdefault\u00a0\u00bb header_2_font=\u00a0\u00bbABeeZee||||||||\u00a0\u00bb header_2_text_color=\u00a0\u00bb#5800a6&Prime; header_2_font_size=\u00a0\u00bb35px\u00a0\u00bb header_2_font_size_tablet=\u00a0\u00bb35px\u00a0\u00bb header_2_font_size_phone=\u00a0\u00bb30px\u00a0\u00bb header_2_font_size_last_edited=\u00a0\u00bbon|desktop\u00a0\u00bb global_colors_info=\u00a0\u00bb{}\u00a0\u00bb]<\/p>\n<div id=\"ez-toc-container\" class=\"ez-toc-v2_0_82_2 ez-toc-wrap-center counter-hierarchy ez-toc-counter ez-toc-custom ez-toc-container-direction\">\n<div class=\"ez-toc-title-container\">\n<p class=\"ez-toc-title\" style=\"cursor:inherit\">Sommaire<\/p>\n<span class=\"ez-toc-title-toggle\"><a href=\"#\" class=\"ez-toc-pull-right ez-toc-btn ez-toc-btn-xs ez-toc-btn-default ez-toc-toggle\" aria-label=\"Toggle Table of Content\"><span class=\"ez-toc-js-icon-con\"><span class=\"\"><span class=\"eztoc-hide\" style=\"display:none;\">Toggle<\/span><span class=\"ez-toc-icon-toggle-span\"><svg style=\"fill: #000000;color:#000000\" xmlns=\"http:\/\/www.w3.org\/2000\/svg\" class=\"list-377408\" width=\"20px\" height=\"20px\" viewBox=\"0 0 24 24\" fill=\"none\"><path d=\"M6 6H4v2h2V6zm14 0H8v2h12V6zM4 11h2v2H4v-2zm16 0H8v2h12v-2zM4 16h2v2H4v-2zm16 0H8v2h12v-2z\" fill=\"currentColor\"><\/path><\/svg><svg style=\"fill: #000000;color:#000000\" class=\"arrow-unsorted-368013\" xmlns=\"http:\/\/www.w3.org\/2000\/svg\" width=\"10px\" height=\"10px\" viewBox=\"0 0 24 24\" version=\"1.2\" baseProfile=\"tiny\"><path d=\"M18.2 9.3l-6.2-6.3-6.2 6.3c-.2.2-.3.4-.3.7s.1.5.3.7c.2.2.4.3.7.3h11c.3 0 .5-.1.7-.3.2-.2.3-.5.3-.7s-.1-.5-.3-.7zM5.8 14.7l6.2 6.3 6.2-6.3c.2-.2.3-.5.3-.7s-.1-.5-.3-.7c-.2-.2-.4-.3-.7-.3h-11c-.3 0-.5.1-.7.3-.2.2-.3.5-.3.7s.1.5.3.7z\"\/><\/svg><\/span><\/span><\/span><\/a><\/span><\/div>\n<nav><ul class='ez-toc-list ez-toc-list-level-1 ' ><li class='ez-toc-page-1 ez-toc-heading-level-2'><a class=\"ez-toc-link ez-toc-heading-1\" href=\"https:\/\/flavi.fr\/index.php\/2024\/04\/24\/comment-definir-son-girgroupe-iso-ressources-pour-le-calcul-de-lapa\/#Quest-ce_que_le_GIR_Groupe_Iso-Ressources\" >Qu\u2019est-ce que le GIR (Groupe Iso-Ressources) ?<\/a><ul class='ez-toc-list-level-3' ><li class='ez-toc-heading-level-3'><a class=\"ez-toc-link ez-toc-heading-2\" href=\"https:\/\/flavi.fr\/index.php\/2024\/04\/24\/comment-definir-son-girgroupe-iso-ressources-pour-le-calcul-de-lapa\/#Les_6_niveaux_du_GIR_dans_le_detail\" >Les 6 niveaux du GIR dans le d\u00e9tail<\/a><\/li><li class='ez-toc-page-1 ez-toc-heading-level-3'><a class=\"ez-toc-link ez-toc-heading-3\" href=\"https:\/\/flavi.fr\/index.php\/2024\/04\/24\/comment-definir-son-girgroupe-iso-ressources-pour-le-calcul-de-lapa\/#Un_niveau_de_dependance_GIR_peut_evoluer\" >Un niveau de d\u00e9pendance GIR peut \u00e9voluer<\/a><\/li><li class='ez-toc-page-1 ez-toc-heading-level-3'><a class=\"ez-toc-link ez-toc-heading-4\" href=\"https:\/\/flavi.fr\/index.php\/2024\/04\/24\/comment-definir-son-girgroupe-iso-ressources-pour-le-calcul-de-lapa\/#Fonctionnement_de_la_grille_AGGIR\" >Fonctionnement de la grille AGGIR<\/a><\/li><li class='ez-toc-page-1 ez-toc-heading-level-3'><a class=\"ez-toc-link ez-toc-heading-5\" href=\"https:\/\/flavi.fr\/index.php\/2024\/04\/24\/comment-definir-son-girgroupe-iso-ressources-pour-le-calcul-de-lapa\/#_Les_variables_discriminantes\" >\u00a0Les variables discriminantes<\/a><\/li><li class='ez-toc-page-1 ez-toc-heading-level-3'><a class=\"ez-toc-link ez-toc-heading-6\" href=\"https:\/\/flavi.fr\/index.php\/2024\/04\/24\/comment-definir-son-girgroupe-iso-ressources-pour-le-calcul-de-lapa\/#_Les_variables_illustratives\" >\u00a0Les variables illustratives<\/a><\/li><\/ul><\/li><li class='ez-toc-page-1 ez-toc-heading-level-2'><a class=\"ez-toc-link ez-toc-heading-7\" href=\"https:\/\/flavi.fr\/index.php\/2024\/04\/24\/comment-definir-son-girgroupe-iso-ressources-pour-le-calcul-de-lapa\/#Comment_le_GIR_et_lAPA_sont-ils_determines\" >Comment le GIR et l&rsquo;APA sont-ils d\u00e9termin\u00e9s ?<\/a><ul class='ez-toc-list-level-3' ><li class='ez-toc-heading-level-3'><a class=\"ez-toc-link ez-toc-heading-8\" href=\"https:\/\/flavi.fr\/index.php\/2024\/04\/24\/comment-definir-son-girgroupe-iso-ressources-pour-le-calcul-de-lapa\/#Quel_est_le_montant_du_GIR_et_de_lAPA\" >Quel est le montant du GIR et de l&rsquo;APA ?<\/a><\/li><\/ul><\/li><li class='ez-toc-page-1 ez-toc-heading-level-2'><a class=\"ez-toc-link ez-toc-heading-9\" href=\"https:\/\/flavi.fr\/index.php\/2024\/04\/24\/comment-definir-son-girgroupe-iso-ressources-pour-le-calcul-de-lapa\/#Trouver_une_aide_a_domicile_en_CESU_grace_a_Flavi\" >Trouver une aide \u00e0 domicile en CESU gr\u00e2ce \u00e0 Flavi<\/a><\/li><\/ul><\/nav><\/div>\n<h2 style=\"text-align: justify;\"><span class=\"ez-toc-section\" id=\"Quest-ce_que_le_GIR_Groupe_Iso-Ressources\"><\/span><b>Qu\u2019est-ce que le GIR (<\/b><strong>Groupe Iso-Ressources) ?<\/strong><span class=\"ez-toc-section-end\"><\/span><\/h2>\n<p>[\/et_pb_text][\/et_pb_column][\/et_pb_row][et_pb_row _builder_version=\u00a0\u00bb4.24.2&Prime; _module_preset=\u00a0\u00bbdefault\u00a0\u00bb global_colors_info=\u00a0\u00bb{}\u00a0\u00bb][et_pb_column type=\u00a0\u00bb4_4&Prime; _builder_version=\u00a0\u00bb4.24.2&Prime; _module_preset=\u00a0\u00bbdefault\u00a0\u00bb global_colors_info=\u00a0\u00bb{}\u00a0\u00bb][et_pb_text _builder_version=\u00a0\u00bb4.27.4&Prime; _module_preset=\u00a0\u00bbdefault\u00a0\u00bb text_font=\u00a0\u00bbLato||||||||\u00a0\u00bb text_font_size=\u00a0\u00bb18px\u00a0\u00bb text_font_size_tablet=\u00a0\u00bb18px\u00a0\u00bb text_font_size_phone=\u00a0\u00bb18px\u00a0\u00bb text_font_size_last_edited=\u00a0\u00bbon|phone\u00a0\u00bb global_colors_info=\u00a0\u00bb{}\u00a0\u00bb]<\/p>\n<p style=\"text-align: justify;\"><span style=\"font-weight: 400;\">Le Groupe Iso Ressources (GIR) permet aux professionnels m\u00e9dico-sociaux d&rsquo;\u00e9valuer votre d\u00e9pendance ou votre autonomie. En effet, il permet de d\u00e9terminer si vous pouvez pr\u00e9tendre \u00e0 une aide financi\u00e8re telle que l\u2019APA (Allocation Personnalis\u00e9e d\u2019Autonomie). A savoir, le GIR se d\u00e9finit \u00e0 partir d\u2019une grille nationale AGGIR (Autonomie G\u00e9rontologie GIR).<br \/><\/span><\/p>\n<p><span style=\"font-weight: 400;\">Il existe 6 niveaux de GIR dissoci\u00e9s en 2 cat\u00e9gories :<\/span><\/p>\n<p><span style=\"font-weight: 400;\"><\/span><\/p>\n<ul>\n<li style=\"font-weight: 400;\" aria-level=\"1\"><span style=\"font-weight: 400;\">Les GIR 1 \u00e0 4 pour les personnes les plus d\u00e9pendantes (permettant le versement de l&rsquo;APA)<\/span><\/li>\n<li style=\"font-weight: 400;\" aria-level=\"1\">Les GIR 5 et 6 pour les personnes autonomes<span style=\"font-size: 18px;\"><\/span><\/li>\n<\/ul>\n<p>[\/et_pb_text][et_pb_text _builder_version=\u00a0\u00bb4.27.4&Prime; _module_preset=\u00a0\u00bbdefault\u00a0\u00bb header_3_font=\u00a0\u00bbABeeZee||||||||\u00a0\u00bb header_3_text_color=\u00a0\u00bb#9377F4&Prime; header_3_font_size=\u00a0\u00bb25px\u00a0\u00bb header_3_font_size_tablet=\u00a0\u00bb25px\u00a0\u00bb header_3_font_size_phone=\u00a0\u00bb25px\u00a0\u00bb header_3_font_size_last_edited=\u00a0\u00bbon|phone\u00a0\u00bb global_colors_info=\u00a0\u00bb{}\u00a0\u00bb]<\/p>\n<h3><span class=\"ez-toc-section\" id=\"Les_6_niveaux_du_GIR_dans_le_detail\"><\/span><b>Les 6 niveaux du GIR dans le d\u00e9tail<\/b><span class=\"ez-toc-section-end\"><\/span><\/h3>\n<p>[\/et_pb_text][\/et_pb_column][\/et_pb_row][et_pb_row _builder_version=\u00a0\u00bb4.24.2&Prime; _module_preset=\u00a0\u00bbdefault\u00a0\u00bb global_colors_info=\u00a0\u00bb{}\u00a0\u00bb][et_pb_column type=\u00a0\u00bb4_4&Prime; _builder_version=\u00a0\u00bb4.24.2&Prime; _module_preset=\u00a0\u00bbdefault\u00a0\u00bb global_colors_info=\u00a0\u00bb{}\u00a0\u00bb][et_pb_text _builder_version=\u00a0\u00bb4.27.4&Prime; _module_preset=\u00a0\u00bbdefault\u00a0\u00bb text_font=\u00a0\u00bbLato||||||||\u00a0\u00bb text_font_size=\u00a0\u00bb18px\u00a0\u00bb global_colors_info=\u00a0\u00bb{}\u00a0\u00bb]<\/p>\n<p style=\"text-align: justify;\"><span style=\"font-weight: 400;\">La grille AGGIR se compose de 6 Groupes Iso Ressources. D&rsquo;abord, le GIR 1 qui correspond au niveau de d\u00e9pendance le plus \u00e9lev\u00e9. Pour finir, le GIR 6 qui repr\u00e9sente les personnes les plus autonomes. Si bien qu&rsquo;une personne totalement autonome n&rsquo;entrera pas dans les crit\u00e8res de la grille AGGIR, et sera donc \u00ab\u00a0Non Gir\u00e9e\u00a0\u00bb.<\/span><\/p>\n<p><span style=\"font-weight: 400;\">Voici un tableau expliquant les degr\u00e9s de d\u00e9pendance :<\/span><\/p>\n<p>[\/et_pb_text][\/et_pb_column][\/et_pb_row][et_pb_row _builder_version=\u00a0\u00bb4.24.2&Prime; _module_preset=\u00a0\u00bbdefault\u00a0\u00bb global_colors_info=\u00a0\u00bb{}\u00a0\u00bb][et_pb_column type=\u00a0\u00bb4_4&Prime; _builder_version=\u00a0\u00bb4.24.2&Prime; _module_preset=\u00a0\u00bbdefault\u00a0\u00bb global_colors_info=\u00a0\u00bb{}\u00a0\u00bb][et_pb_image src=\u00a0\u00bbhttps:\/\/flavi.fr\/wp-content\/uploads\/2024\/03\/Copie-de-Les-aides-de-la-PCH-en-plus-de-laide-humaine-_1_-_1__2.webp\u00a0\u00bb alt=\u00a0\u00bbLes 6 niveaux de GIR (Groupe Iso-Ressources) d\u00e9taill\u00e9s dans un tableau\u00a0\u00bb title_text=\u00a0\u00bbLes 6 niveaux de GIR\u00a0\u00bb _builder_version=\u00a0\u00bb4.27.4&Prime; _module_preset=\u00a0\u00bbdefault\u00a0\u00bb width=\u00a0\u00bb64%\u00a0\u00bb hover_enabled=\u00a0\u00bb0&Prime; global_colors_info=\u00a0\u00bb{}\u00a0\u00bb sticky_enabled=\u00a0\u00bb0&Prime;][\/et_pb_image][\/et_pb_column][\/et_pb_row][et_pb_row _builder_version=\u00a0\u00bb4.24.2&Prime; _module_preset=\u00a0\u00bbdefault\u00a0\u00bb global_colors_info=\u00a0\u00bb{}\u00a0\u00bb][et_pb_column type=\u00a0\u00bb4_4&Prime; _builder_version=\u00a0\u00bb4.24.2&Prime; _module_preset=\u00a0\u00bbdefault\u00a0\u00bb global_colors_info=\u00a0\u00bb{}\u00a0\u00bb][et_pb_text _builder_version=\u00a0\u00bb4.27.4&Prime; _module_preset=\u00a0\u00bbdefault\u00a0\u00bb header_3_font=\u00a0\u00bbABeeZee||||||||\u00a0\u00bb header_3_text_color=\u00a0\u00bb#9377F4&Prime; header_3_font_size=\u00a0\u00bb25px\u00a0\u00bb header_3_font_size_tablet=\u00a0\u00bb25px\u00a0\u00bb header_3_font_size_phone=\u00a0\u00bb25px\u00a0\u00bb header_3_font_size_last_edited=\u00a0\u00bbon|phone\u00a0\u00bb global_colors_info=\u00a0\u00bb{}\u00a0\u00bb]<\/p>\n<h3><span class=\"ez-toc-section\" id=\"Un_niveau_de_dependance_GIR_peut_evoluer\"><\/span><b>Un niveau de d\u00e9pendance GIR peut \u00e9voluer<\/b><span class=\"ez-toc-section-end\"><\/span><\/h3>\n<p>[\/et_pb_text][\/et_pb_column][\/et_pb_row][et_pb_row _builder_version=\u00a0\u00bb4.24.2&Prime; _module_preset=\u00a0\u00bbdefault\u00a0\u00bb global_colors_info=\u00a0\u00bb{}\u00a0\u00bb][et_pb_column type=\u00a0\u00bb4_4&Prime; _builder_version=\u00a0\u00bb4.24.2&Prime; _module_preset=\u00a0\u00bbdefault\u00a0\u00bb global_colors_info=\u00a0\u00bb{}\u00a0\u00bb][et_pb_text _builder_version=\u00a0\u00bb4.27.4&Prime; _module_preset=\u00a0\u00bbdefault\u00a0\u00bb text_font=\u00a0\u00bbLato||||||||\u00a0\u00bb text_font_size=\u00a0\u00bb18px\u00a0\u00bb global_colors_info=\u00a0\u00bb{}\u00a0\u00bb]<\/p>\n<p style=\"text-align: justify;\"><span style=\"font-weight: 400;\"><span>Ainsi, si vous \u00eates une personne \u00e2g\u00e9e ayant droit \u00e0 l\u2019APA et que vous avez besoin de r\u00e9\u00e9valuer votre situation, vous pouvez en faire la demande.<\/span> Pour cela, vous devez envoyer un courrier aux services du d\u00e9partement.<\/span><\/p>\n<p style=\"text-align: justify;\"><span style=\"font-weight: 400;\">En effet, supposons que vous ayez \u00e9t\u00e9 class\u00e9 en GIR 5 ou en GIR 6 lors d\u2019une pr\u00e9c\u00e9dente demande d\u2019APA. Entre temps<span>, votre \u00e9tat de sant\u00e9 s\u2019est d\u00e9grad\u00e9, n\u00e9cessitant d\u00e9sormais une assistance plus importante.<\/span> Alors, vous pouvez solliciter une r\u00e9\u00e9valuation de votre niveau de d\u00e9pendance en contactant le service autonomie du d\u00e9partement.<\/span><\/p>\n<p>[\/et_pb_text][\/et_pb_column][\/et_pb_row][et_pb_row _builder_version=\u00a0\u00bb4.24.2&Prime; _module_preset=\u00a0\u00bbdefault\u00a0\u00bb global_colors_info=\u00a0\u00bb{}\u00a0\u00bb][et_pb_column type=\u00a0\u00bb4_4&Prime; _builder_version=\u00a0\u00bb4.24.2&Prime; _module_preset=\u00a0\u00bbdefault\u00a0\u00bb global_colors_info=\u00a0\u00bb{}\u00a0\u00bb][et_pb_text _builder_version=\u00a0\u00bb4.27.4&Prime; _module_preset=\u00a0\u00bbdefault\u00a0\u00bb header_3_font=\u00a0\u00bbABeeZee||||||||\u00a0\u00bb header_3_text_color=\u00a0\u00bb#9377F4&Prime; header_3_font_size=\u00a0\u00bb25px\u00a0\u00bb header_3_font_size_tablet=\u00a0\u00bb25px\u00a0\u00bb header_3_font_size_phone=\u00a0\u00bb25px\u00a0\u00bb header_3_font_size_last_edited=\u00a0\u00bbon|phone\u00a0\u00bb global_colors_info=\u00a0\u00bb{}\u00a0\u00bb]<\/p>\n<h3><span class=\"ez-toc-section\" id=\"Fonctionnement_de_la_grille_AGGIR\"><\/span><b>Fonctionnement de la grille AGGIR <\/b><span class=\"ez-toc-section-end\"><\/span><\/h3>\n<p>[\/et_pb_text][\/et_pb_column][\/et_pb_row][et_pb_row _builder_version=\u00a0\u00bb4.24.2&Prime; _module_preset=\u00a0\u00bbdefault\u00a0\u00bb global_colors_info=\u00a0\u00bb{}\u00a0\u00bb][et_pb_column type=\u00a0\u00bb4_4&Prime; _builder_version=\u00a0\u00bb4.24.2&Prime; _module_preset=\u00a0\u00bbdefault\u00a0\u00bb global_colors_info=\u00a0\u00bb{}\u00a0\u00bb][et_pb_text _builder_version=\u00a0\u00bb4.27.4&Prime; _module_preset=\u00a0\u00bbdefault\u00a0\u00bb text_font=\u00a0\u00bbLato||||||||\u00a0\u00bb text_font_size=\u00a0\u00bb18px\u00a0\u00bb global_colors_info=\u00a0\u00bb{}\u00a0\u00bb]<\/p>\n<p style=\"text-align: justify;\"><span>La grille \u00e9value votre autonomie sur la base de 17 rubriques :\u00a0<\/span><\/p>\n<ul style=\"text-align: justify;\">\n<li style=\"font-weight: 400;\" aria-level=\"1\"><span style=\"font-weight: 400;\">Tout d&rsquo;abord, 10 sont consid\u00e9r\u00e9es comme \u00ab\u00a0discriminantes\u00a0\u00bb pour d\u00e9terminer le GIR. Il s&rsquo;agit de vos activit\u00e9s corporelles et mentales, telles que<span>\u00a0la communication, l&rsquo;orientation, la toilette, l&rsquo;habillage, etc.<\/span><\/span><\/li>\n<li style=\"font-weight: 400;\" aria-level=\"1\"><span style=\"font-weight: 400;\">Puis, les 7 autres rubriques qualifi\u00e9es \u00ab\u00a0d&rsquo;illustratives\u00a0\u00bb, fournissent des informations compl\u00e9mentaires pour une meilleure compr\u00e9hension de votre situation globale et permettent ainsi d&rsquo;\u00e9laborer votre plan d&rsquo;aide \u00e0 domicile.\u00a0<\/span><\/li>\n<\/ul>\n<p style=\"text-align: justify;\"><span style=\"font-weight: 400;\">Et, chaque rubrique est not\u00e9e de A \u00e0 C en fonction due votre degr\u00e9 d&rsquo;autonomie :<\/span><\/p>\n<p style=\"text-align: justify;\"><span style=\"font-weight: 400;\"><\/span><\/p>\n<ul>\n<li style=\"font-weight: 400; text-align: justify;\" aria-level=\"1\"><span style=\"font-weight: 400;\">A : Pour les actions que vous r\u00e9alisez seul, spontan\u00e9ment, compl\u00e8tement, de mani\u00e8re habituelle et correcte.<\/span><\/li>\n<li style=\"font-weight: 400; text-align: justify;\" aria-level=\"1\"><span style=\"font-weight: 400;\">B : Pour les actions que vous effectuez seul, mais pas spontan\u00e9ment, et\/ou partiellement, et\/ou de mani\u00e8re inhabituelle, et\/ou incorrecte.<\/span><\/li>\n<li style=\"font-weight: 400; text-align: justify;\" aria-level=\"1\"><span style=\"font-weight: 400;\">C : Pour les actions que vous ne r\u00e9alisez pas seul.<\/span><\/li>\n<\/ul>\n<p>[\/et_pb_text][\/et_pb_column][\/et_pb_row][et_pb_row _builder_version=\u00a0\u00bb4.24.2&Prime; _module_preset=\u00a0\u00bbdefault\u00a0\u00bb global_colors_info=\u00a0\u00bb{}\u00a0\u00bb][et_pb_column type=\u00a0\u00bb4_4&Prime; _builder_version=\u00a0\u00bb4.24.2&Prime; _module_preset=\u00a0\u00bbdefault\u00a0\u00bb global_colors_info=\u00a0\u00bb{}\u00a0\u00bb][et_pb_text _builder_version=\u00a0\u00bb4.27.4&Prime; _module_preset=\u00a0\u00bbdefault\u00a0\u00bb header_3_font=\u00a0\u00bbABeeZee||||||||\u00a0\u00bb header_3_text_color=\u00a0\u00bb#9377F4&Prime; header_3_font_size=\u00a0\u00bb25px\u00a0\u00bb header_3_font_size_tablet=\u00a0\u00bb25px\u00a0\u00bb header_3_font_size_phone=\u00a0\u00bb25px\u00a0\u00bb header_3_font_size_last_edited=\u00a0\u00bbon|phone\u00a0\u00bb global_colors_info=\u00a0\u00bb{}\u00a0\u00bb]<\/p>\n<h3><span class=\"ez-toc-section\" id=\"_Les_variables_discriminantes\"><\/span><b>\u00a0Les variables discriminantes<\/b><span class=\"ez-toc-section-end\"><\/span><\/h3>\n<h3><\/h3>\n<p>[\/et_pb_text][\/et_pb_column][\/et_pb_row][et_pb_row _builder_version=\u00a0\u00bb4.24.2&Prime; _module_preset=\u00a0\u00bbdefault\u00a0\u00bb global_colors_info=\u00a0\u00bb{}\u00a0\u00bb][et_pb_column type=\u00a0\u00bb4_4&Prime; _builder_version=\u00a0\u00bb4.24.2&Prime; _module_preset=\u00a0\u00bbdefault\u00a0\u00bb global_colors_info=\u00a0\u00bb{}\u00a0\u00bb][et_pb_text _builder_version=\u00a0\u00bb4.27.4&Prime; _module_preset=\u00a0\u00bbdefault\u00a0\u00bb text_font=\u00a0\u00bbLato||||||||\u00a0\u00bb text_font_size=\u00a0\u00bb18px\u00a0\u00bb global_colors_info=\u00a0\u00bb{}\u00a0\u00bb]<\/p>\n<p style=\"text-align: justify;\">Voici les 10 variables GIR discriminantes concernant vos activit\u00e9s corporelles et mentales, utilis\u00e9es pour d\u00e9terminer votre GIR :<\/p>\n<p style=\"text-align: justify;\">\n<ul class=\"list-disc marker:text-primary-600 list-outside pl-5 space-y-2\">\n<li style=\"text-align: justify;\">\n<p class=\"my-0\"><strong>Coh\u00e9rence<\/strong> : Vous devez savoir communiquer verbalement et\/ou non verbalement, et vous comporter de fa\u00e7on sens\u00e9e.<\/p>\n<\/li>\n<li style=\"text-align: justify;\">\n<p class=\"my-0\"><strong>Orientation<\/strong> : Vous devez \u00eatre capable de vous rep\u00e9rer dans le temps, les lieux et les moments de la journ\u00e9e.<\/p>\n<\/li>\n<li style=\"text-align: justify;\">\n<p class=\"my-0\"><strong>Toilette<\/strong> : Vous devez \u00eatre en mesure de vous laver.<\/p>\n<\/li>\n<li style=\"text-align: justify;\">\n<p class=\"my-0\"><strong>Habillage<\/strong> : Vous devez savoir vous habiller et vous d\u00e9shabiller.<\/p>\n<\/li>\n<li style=\"text-align: justify;\">\n<p class=\"my-0\"><strong>Alimentation<\/strong> : Vous devez vous servir et manger les aliments pr\u00e9par\u00e9s.<\/p>\n<\/li>\n<li style=\"text-align: justify;\">\n<p class=\"my-0\"><strong>\u00c9limination<\/strong> : Vous devez assumer l&rsquo;hygi\u00e8ne de l&rsquo;\u00e9limination urinaire et f\u00e9cale.<\/p>\n<\/li>\n<li style=\"text-align: justify;\">\n<p class=\"my-0\"><strong>Transferts<\/strong> : Vous devez \u00eatre capable de vous lever, vous coucher ou vous asseoir, et de vous d\u00e9placer \u00e0 l&rsquo;int\u00e9rieur de votre domicile ou du lieu de vie (avec ou sans appareillage).<\/p>\n<\/li>\n<li style=\"text-align: justify;\">\n<p class=\"my-0\"><strong>D\u00e9placement \u00e0 l&rsquo;int\u00e9rieur du domicile ou du lieu de vie<\/strong> : Vous devez \u00eatre capable de vous d\u00e9placer \u00e0 l&rsquo;int\u00e9rieur de votre domicile ou du lieu de vie, de mani\u00e8re spontan\u00e9e et avec ou sans appareillage.<\/p>\n<\/li>\n<li style=\"text-align: justify;\">\n<p class=\"my-0\"><strong>D\u00e9placement \u00e0 l&rsquo;ext\u00e9rieur du domicile ou du lieu de vie<\/strong> : \u00c0 partir de la porte d&rsquo;entr\u00e9e, vous devez \u00eatre capable de vous d\u00e9placer \u00e0 l&rsquo;ext\u00e9rieur du domicile ou du lieu de vie, sans moyen de transport.<\/p>\n<\/li>\n<li>\n<p class=\"my-0\" style=\"text-align: justify;\"><strong>Communication \u00e0 distance<\/strong> : Vous devez \u00eatre capable d&rsquo;utiliser le t\u00e9l\u00e9phone, une alarme ou une sonnette pour alerter en cas de besoin.<\/p>\n<\/li>\n<\/ul>\n<p>[\/et_pb_text][et_pb_text _builder_version=\u00a0\u00bb4.27.4&Prime; _module_preset=\u00a0\u00bbdefault\u00a0\u00bb header_3_font=\u00a0\u00bbABeeZee||||||||\u00a0\u00bb header_3_text_color=\u00a0\u00bb#9377F4&Prime; header_3_font_size=\u00a0\u00bb25px\u00a0\u00bb header_3_font_size_tablet=\u00a0\u00bb25px\u00a0\u00bb header_3_font_size_phone=\u00a0\u00bb25px\u00a0\u00bb header_3_font_size_last_edited=\u00a0\u00bbon|phone\u00a0\u00bb global_colors_info=\u00a0\u00bb{}\u00a0\u00bb]<\/p>\n<h3><span class=\"ez-toc-section\" id=\"_Les_variables_illustratives\"><\/span><b>\u00a0Les variables illustratives<\/b><span class=\"ez-toc-section-end\"><\/span><\/h3>\n<h3><\/h3>\n<p>[\/et_pb_text][et_pb_text _builder_version=\u00a0\u00bb4.27.4&Prime; _module_preset=\u00a0\u00bbdefault\u00a0\u00bb text_font=\u00a0\u00bbLato||||||||\u00a0\u00bb text_font_size=\u00a0\u00bb18px\u00a0\u00bb custom_margin=\u00a0\u00bb-8px|||||\u00a0\u00bb custom_padding=\u00a0\u00bb3px|||||\u00a0\u00bb global_colors_info=\u00a0\u00bb{}\u00a0\u00bb]<\/p>\n<p style=\"text-align: justify;\">Ensuite, voici les 7 variables GIR illustratives pour vos activit\u00e9s domestiques et sociales. Elles sont prises en compte uniquement dans l&rsquo;\u00e9valuation \u00e0 l&rsquo;aide du mod\u00e8le AGGIR :<\/p>\n<p style=\"text-align: justify;\">\n<ul>\n<li style=\"list-style-type: none;\">\n<ul class=\"list-disc marker:text-primary-600 list-outside pl-5 space-y-2\">\n<li style=\"text-align: justify;\">\n<p class=\"my-0\"><strong>Gestion<\/strong> : Vous devez \u00eatre capable de g\u00e9rer vos propres affaires, vos biens et votre budget.<\/p>\n<\/li>\n<li style=\"text-align: justify;\">\n<p class=\"my-0\"><strong>Cuisine<\/strong> : Vous devez \u00eatre en mesure de pr\u00e9parer vos repas et de les conditionner pour qu&rsquo;ils soient servis.<\/p>\n<\/li>\n<li style=\"text-align: justify;\">\n<p class=\"my-0\"><strong>M\u00e9nage<\/strong> : Vous devez effectuer l&rsquo;ensemble des travaux m\u00e9nagers.<\/p>\n<\/li>\n<li style=\"text-align: justify;\">\n<p class=\"my-0\"><strong>Transports<\/strong> : Vous devez prendre et\/ou commander un moyen de transport.<\/p>\n<\/li>\n<li style=\"text-align: justify;\">\n<p class=\"my-0\"><strong>Achats<\/strong> : Vous devez acqu\u00e9rir volontairement des biens, que ce soit directement ou par correspondance.<\/p>\n<\/li>\n<li style=\"text-align: justify;\">\n<p class=\"my-0\"><strong>Suivi du traitement<\/strong> : Vous devez vous conformer \u00e0 l&rsquo;ordonnance du m\u00e9decin.<\/p>\n<\/li>\n<li>\n<p class=\"my-0\" style=\"text-align: justify;\"><strong>Activit\u00e9s de temps libre<\/strong> : Vous devez pratiquer volontairement des activit\u00e9s sportives, culturelles, sociales, de loisirs ou de passe-temps.<\/p>\n<\/li>\n<\/ul>\n<\/li>\n<\/ul>\n<p>[\/et_pb_text][\/et_pb_column][\/et_pb_row][et_pb_row _builder_version=\u00a0\u00bb4.24.2&Prime; _module_preset=\u00a0\u00bbdefault\u00a0\u00bb global_colors_info=\u00a0\u00bb{}\u00a0\u00bb][et_pb_column type=\u00a0\u00bb4_4&Prime; _builder_version=\u00a0\u00bb4.24.2&Prime; _module_preset=\u00a0\u00bbdefault\u00a0\u00bb global_colors_info=\u00a0\u00bb{}\u00a0\u00bb][et_pb_text _builder_version=\u00a0\u00bb4.27.4&Prime; _module_preset=\u00a0\u00bbdefault\u00a0\u00bb header_2_font=\u00a0\u00bbABeeZee||||||||\u00a0\u00bb header_2_text_color=\u00a0\u00bb#5800a6&Prime; header_2_font_size=\u00a0\u00bb35px\u00a0\u00bb header_2_font_size_tablet=\u00a0\u00bb35px\u00a0\u00bb header_2_font_size_phone=\u00a0\u00bb30px\u00a0\u00bb header_2_font_size_last_edited=\u00a0\u00bbon|phone\u00a0\u00bb global_colors_info=\u00a0\u00bb{}\u00a0\u00bb]<\/p>\n<h2 style=\"text-align: justify;\"><span class=\"ez-toc-section\" id=\"Comment_le_GIR_et_lAPA_sont-ils_determines\"><\/span><b>Comment le GIR et l&rsquo;APA sont-ils d\u00e9termin\u00e9s ?<\/b><span class=\"ez-toc-section-end\"><\/span><\/h2>\n<p>[\/et_pb_text][\/et_pb_column][\/et_pb_row][et_pb_row _builder_version=\u00a0\u00bb4.24.2&Prime; _module_preset=\u00a0\u00bbdefault\u00a0\u00bb global_colors_info=\u00a0\u00bb{}\u00a0\u00bb][et_pb_column type=\u00a0\u00bb4_4&Prime; _builder_version=\u00a0\u00bb4.24.2&Prime; _module_preset=\u00a0\u00bbdefault\u00a0\u00bb global_colors_info=\u00a0\u00bb{}\u00a0\u00bb][et_pb_text _builder_version=\u00a0\u00bb4.27.4&Prime; _module_preset=\u00a0\u00bbdefault\u00a0\u00bb text_font=\u00a0\u00bbLato||||||||\u00a0\u00bb text_font_size=\u00a0\u00bb18px\u00a0\u00bb global_colors_info=\u00a0\u00bb{}\u00a0\u00bb]<\/p>\n<p style=\"text-align: justify;\"><span style=\"font-weight: 400;\">Dans le cadre d\u2019une demande d\u2019APA \u00e0 domicile :\u00a0<\/span><\/p>\n<ol style=\"text-align: justify;\">\n<li style=\"font-weight: 400;\" aria-level=\"1\"><span style=\"font-weight: 400;\"><strong>Demande d\u2019APA :<\/strong> Vous avez soumis une demande d\u2019APA \u00e0 domicile aupr\u00e8s du conseil d\u00e9partemental, via ce <\/span><a href=\"https:\/\/www.pour-les-personnes-agees.gouv.fr\/api\/v1\/file\/7e87084a-e7a2-4eb6-a92e-4618b729b936\/Formulaire_demande_autonomie_cerfa_16301-01.pdf\"><span style=\"font-weight: 400;\">formulaire\u00a0<\/span><\/a><\/li>\n<li style=\"font-weight: 400;\" aria-level=\"1\"><strong>\u00c9valuation<\/strong><span style=\"font-weight: 400;\"><strong> \u00e0 domicile :<\/strong> L\u2019\u00e9quipe m\u00e9dico-sociale du conseil d\u00e9partemental (ou un organisme mandat\u00e9) orga<\/span><span style=\"font-weight: 400;\">nise une visite d\u2019\u00e9valuation \u00e0 votre domicile.<\/span><\/li>\n<li style=\"font-weight: 400;\" aria-level=\"1\"><span style=\"font-weight: 400;\"><strong>Grille AGGIR :<\/strong> Le professionnel utilise la grille AGGIR pour d\u00e9terminer votre niveau de perte d\u2019autonomie (GIR).<\/span><\/li>\n<li style=\"font-weight: 400;\" aria-level=\"1\"><span style=\"font-weight: 400;\"><strong>\u00c9ligibilit\u00e9 \u00e0 l\u2019APA :<\/strong> Si votre GIR est situ\u00e9 entre 1 et 4, vous pouvez b\u00e9n\u00e9ficier de l\u2019APA. Sinon, vous pouvez b\u00e9n\u00e9ficier pour les GIR 5 et 6 d&rsquo;une aide m\u00e9nag\u00e8re.<\/span><\/li>\n<li style=\"font-weight: 400;\" aria-level=\"1\"><span style=\"font-weight: 400;\"><strong>Montant de l\u2019aide :<\/strong> Le montant maximal de l\u2019aide accord\u00e9e d\u00e9pend du GIR. Le montant minimal de l\u2019APA d\u00e9pend de vos ressources et de la politique de votre d\u00e9partement.<\/span><\/li>\n<\/ol>\n<p style=\"text-align: justify;\"><span style=\"font-weight: 400;\">Dans le cadre d\u2019une demande d\u2019APA en \u00e9tablissement:<\/span><\/p>\n<ol style=\"text-align: justify;\">\n<li style=\"font-weight: 400;\" aria-level=\"1\"><span style=\"font-weight: 400;\">Entr\u00e9e en \u00e9tablissement : Vous entrez dans un EHPAD ou une USLD (unit\u00e9 de soins de longue dur\u00e9e).<\/span><\/li>\n<li style=\"font-weight: 400;\" aria-level=\"1\"><span style=\"font-weight: 400;\">\u00c9valuation par le m\u00e9decin coordonnateur du GIR via la grille nationale AGGIR.<\/span><\/li>\n<li style=\"font-weight: 400;\" aria-level=\"1\"><span style=\"font-weight: 400;\">Le GIR d\u00e9termine si vous remplissez les conditions de perte d\u2019autonomie n\u00e9cessaires pour l\u2019attribution de l\u2019APA.<\/span><\/li>\n<\/ol>\n<p style=\"text-align: justify;\"><span style=\"font-weight: 400;\">Vous pouvez retrouvez notre article d\u00e9taill\u00e9 sur l\u2019APA pr\u00e9sent sur <a href=\"https:\/\/flavi.fr\/\">Flavi : trouvez une auxiliaire de vie en CESU &#8211; Flavi<\/a><\/span><\/p>\n<p>[\/et_pb_text][\/et_pb_column][\/et_pb_row][et_pb_row _builder_version=\u00a0\u00bb4.24.2&Prime; _module_preset=\u00a0\u00bbdefault\u00a0\u00bb global_colors_info=\u00a0\u00bb{}\u00a0\u00bb][et_pb_column type=\u00a0\u00bb4_4&Prime; _builder_version=\u00a0\u00bb4.24.2&Prime; _module_preset=\u00a0\u00bbdefault\u00a0\u00bb global_colors_info=\u00a0\u00bb{}\u00a0\u00bb][et_pb_text _builder_version=\u00a0\u00bb4.27.4&Prime; _module_preset=\u00a0\u00bbdefault\u00a0\u00bb header_3_font=\u00a0\u00bbABeeZee||||||||\u00a0\u00bb header_3_text_color=\u00a0\u00bb#9377F4&Prime; header_3_font_size=\u00a0\u00bb25px\u00a0\u00bb global_colors_info=\u00a0\u00bb{}\u00a0\u00bb]<\/p>\n<h3><span class=\"ez-toc-section\" id=\"Quel_est_le_montant_du_GIR_et_de_lAPA\"><\/span><b>Quel est le montant du GIR et de l&rsquo;APA ?<\/b><span class=\"ez-toc-section-end\"><\/span><\/h3>\n<p>[\/et_pb_text][et_pb_text _builder_version=\u00a0\u00bb4.27.4&Prime; _module_preset=\u00a0\u00bbdefault\u00a0\u00bb text_font=\u00a0\u00bbLato||||||||\u00a0\u00bb text_font_size=\u00a0\u00bb18px\u00a0\u00bb global_colors_info=\u00a0\u00bb{}\u00a0\u00bb]<\/p>\n<p style=\"text-align: justify;\">Le montant de l&rsquo;APA d\u00e9pend :\u00a0<\/p>\n<p style=\"text-align: justify;\"><strong>De vos ressources mensuelles, <\/strong>il y a 3 \u00e9chelons de revenus mensuels impliquant chacun un reste \u00e0 charge diff\u00e9rent :<\/p>\n<ul style=\"text-align: justify;\">\n<li>moins de 918,28\u20ac = aucun reste \u00e0 charge<\/li>\n<li>entre 918,28\u20ac et 3 381,82\u20ac mensuel = variable progressivement de 0 \u00e0 90% du plan d&rsquo;aide accept\u00e9<\/li>\n<li>plus de 3 381,82\u20ac par mois = 90% du plan d&rsquo;aide accept\u00e9<\/li>\n<\/ul>\n<p style=\"text-align: justify;\"><strong>Du GIR qui vous est attribu\u00e9 :<\/strong><br \/>Apr\u00e8s visite de l&rsquo;\u00e9quipe pluridisciplinaire du d\u00e9partement, votre GIR est \u00e9valu\u00e9 de 1 \u00e0 6 (Du + d\u00e9pendant au &#8211; d\u00e9pendant). Seuls les GIR 1 \u00e0 4 peuvent b\u00e9n\u00e9ficier de l&rsquo;APA.<\/p>\n<p style=\"text-align: justify;\"><strong>De votre lieu de r\u00e9sidence :<\/strong><br \/>Chaque d\u00e9partement applique son propre taux horaire pris en charge par l&rsquo;APA pour l&#8217;emploi direct en CESU.<\/p>\n<p style=\"text-align: justify;\">En conclusion, le montant exact de l&rsquo;APA varie donc en fonction de plusieurs facteurs et n&rsquo;est pas d\u00e9termin\u00e9 uniquement\u00a0par\u00a0votre\u00a0GIR.<\/p>\n<p style=\"text-align: justify;\"><span style=\"font-weight: 400;\">Cependant , dans ce tableau vous pouvez voir le montant <\/span><b>maximum <\/b><span style=\"font-weight: 400;\">mensuel de l\u2019aide accord\u00e9e.<\/span><\/p>\n<p>[\/et_pb_text][\/et_pb_column][\/et_pb_row][et_pb_row _builder_version=\u00a0\u00bb4.24.2&Prime; _module_preset=\u00a0\u00bbdefault\u00a0\u00bb global_colors_info=\u00a0\u00bb{}\u00a0\u00bb][et_pb_column type=\u00a0\u00bb4_4&Prime; _builder_version=\u00a0\u00bb4.24.2&Prime; _module_preset=\u00a0\u00bbdefault\u00a0\u00bb global_colors_info=\u00a0\u00bb{}\u00a0\u00bb][et_pb_image src=\u00a0\u00bbhttps:\/\/flavi.fr\/wp-content\/uploads\/2025\/06\/Copie-de-Les-differents-stades-de-la-maladie-dAlzheimer-1.webp\u00a0\u00bb alt=\u00a0\u00bbTableau des niveaux de GIR (de 1 \u00e0 4) pour conna\u00eetre le montant maximum mensuel de l&rsquo;APA; Sur un fond violet.\u00a0\u00bb title_text=\u00a0\u00bbMontant maximum mensuel de l&rsquo;APA\u00a0\u00bb _builder_version=\u00a0\u00bb4.27.4&Prime; _module_preset=\u00a0\u00bbdefault\u00a0\u00bb width=\u00a0\u00bb39%\u00a0\u00bb hover_enabled=\u00a0\u00bb0&Prime; global_colors_info=\u00a0\u00bb{}\u00a0\u00bb sticky_enabled=\u00a0\u00bb0&Prime;][\/et_pb_image][et_pb_text _builder_version=\u00a0\u00bb4.24.2&Prime; _module_preset=\u00a0\u00bbdefault\u00a0\u00bb text_font=\u00a0\u00bbLato||||||||\u00a0\u00bb text_font_size=\u00a0\u00bb18px\u00a0\u00bb global_colors_info=\u00a0\u00bb{}\u00a0\u00bb]<\/p>\n<p><span style=\"font-weight: 400;\">Ainsi, maintenant que le GIR n\u2019a plus de secret pour vous, sollicitez l\u2019APA via ce <\/span><a href=\"https:\/\/www.pour-les-personnes-agees.gouv.fr\/api\/v1\/file\/7e87084a-e7a2-4eb6-a92e-4618b729b936\/Formulaire_demande_autonomie_cerfa_16301-01.pdf\"><span style=\"font-weight: 400;\">formulaire<\/span><\/a><span style=\"font-weight: 400;\">\u00a0\u00a0<\/span><\/p>\n<p>[\/et_pb_text][et_pb_text _builder_version=\u00a0\u00bb4.27.4&Prime; _module_preset=\u00a0\u00bbdefault\u00a0\u00bb header_2_font=\u00a0\u00bbABeeZee||||||||\u00a0\u00bb header_2_text_color=\u00a0\u00bb#5800a6&Prime; header_2_font_size=\u00a0\u00bb35px\u00a0\u00bb header_2_font_size_tablet=\u00a0\u00bb35px\u00a0\u00bb header_2_font_size_phone=\u00a0\u00bb30px\u00a0\u00bb header_2_font_size_last_edited=\u00a0\u00bbon|phone\u00a0\u00bb global_colors_info=\u00a0\u00bb{}\u00a0\u00bb]<\/p>\n<h2><span class=\"ez-toc-section\" id=\"Trouver_une_aide_a_domicile_en_CESU_grace_a_Flavi\"><\/span><b>Trouver une aide \u00e0 domicile en CESU gr\u00e2ce \u00e0 Flavi<\/b><span class=\"ez-toc-section-end\"><\/span><\/h2>\n<p>[\/et_pb_text][et_pb_text _builder_version=\u00a0\u00bb4.27.4&Prime; _module_preset=\u00a0\u00bbdefault\u00a0\u00bb text_font=\u00a0\u00bbLato||||||||\u00a0\u00bb text_font_size=\u00a0\u00bb18px\u00a0\u00bb global_colors_info=\u00a0\u00bb{}\u00a0\u00bb]<\/p>\n<div class=\"et_pb_module et_pb_text et_pb_text_12  et_pb_text_align_left et_pb_bg_layout_light\">\n<div class=\"et_pb_text_inner\">\n<p><span>Flavi propose une<\/span><a href=\"https:\/\/flavi.fr\/\"><span>\u00a0plateforme de mise en relation gratuite<\/span><\/a><span>\u00a0entre particuliers employeurs et salari\u00e9s, ainsi qu\u2019une possibilit\u00e9 d\u2019accompagnement sur divers points selon le besoin pour l\u2019employeur ou son proche.<\/span><\/p>\n<\/div>\n<\/div>\n<p>[\/et_pb_text][et_pb_button button_url=\u00a0\u00bbhttps:\/\/app.flavi.fr\/recherche-non-connecte\/\u00a0\u00bb button_text=\u00a0\u00bbJE TROUVE UNE AUXILIAIRE DE VIE\u00a0\u00bb button_alignment=\u00a0\u00bbcenter\u00a0\u00bb _builder_version=\u00a0\u00bb4.24.2&Prime; _module_preset=\u00a0\u00bbdefault\u00a0\u00bb custom_button=\u00a0\u00bbon\u00a0\u00bb button_text_color=\u00a0\u00bb#2E5C9F\u00a0\u00bb button_bg_color=\u00a0\u00bb#FFC600&Prime; button_border_width=\u00a0\u00bb0px\u00a0\u00bb button_font=\u00a0\u00bb|800|||||||\u00a0\u00bb global_colors_info=\u00a0\u00bb{}\u00a0\u00bb][\/et_pb_button][\/et_pb_column][\/et_pb_row][\/et_pb_section]<\/p>\n","protected":false},"excerpt":{"rendered":"<p>Le Groupe Iso-Ressources (GIR) est un point tr\u00e8s important dans l\u2019\u00e9valuation de l\u2019autonomie des personnes \u00e2g\u00e9es. Car il d\u00e9finit le montant maximum de l&rsquo;APA qui vous est allou\u00e9e. En cons\u00e9quence, le d\u00e9partement octroie naturellement plus d\u2019aide sociale \u00e0 une personne tr\u00e8s d\u00e9pendante, donc avec un GIR faible. Vous \u00eates (ou allez devenir) particulier employeur et [&hellip;]<\/p>\n","protected":false},"author":1,"featured_media":6797,"comment_status":"open","ping_status":"open","sticky":false,"template":"","format":"aside","meta":{"_et_pb_use_builder":"on","_et_pb_old_content":"[et_pb_section fb_built=\"1\" _builder_version=\"4.24.2\" _module_preset=\"default\" global_colors_info=\"{}\"][et_pb_row _builder_version=\"4.24.2\" _module_preset=\"default\" global_colors_info=\"{}\"][et_pb_column type=\"4_4\" _builder_version=\"4.24.2\" _module_preset=\"default\" global_colors_info=\"{}\"][et_pb_text _builder_version=\"4.24.2\" _module_preset=\"default\" text_font=\"Lato||||||||\" text_font_size=\"18px\" text_font_size_tablet=\"18px\" text_font_size_phone=\"18px\" text_font_size_last_edited=\"on|desktop\" global_colors_info=\"{}\"]\n\n<span style=\"font-weight: 400;\">Un de vos proches commence \u00e0 perdre son autonomie, et cette personne d\u00e9pendante souhaite rester \u00e0 domicile ? Ou encore, votre maman est tomb\u00e9e dans les escaliers et il faut d\u2019urgence trouver un relais \u00e0 son domicile. Que faire ? Appeler une association pour personne \u00e2g\u00e9e, ou faire appel \u00e0 une aide en CESU ? Vous vous sentez perdu.e ?\u00a0<\/span>\n\n<span style=\"font-weight: 400;\">Pas d'inqui\u00e9tude, c\u2019est tout \u00e0 fait l\u00e9gitime. Il est courant de ne pas savoir comment g\u00e9rer la situation. On ne na\u00eet pas aidant, on le devient.<\/span>\n\n<span style=\"font-weight: 400;\">Dans cet article, Flavi vous explique <\/span><b>les diff\u00e9rentes fa\u00e7ons de s\u2019organiser<\/b><span style=\"font-weight: 400;\"> selon les besoins de la personne.<\/span>\n\n[\/et_pb_text][\/et_pb_column][\/et_pb_row][et_pb_row _builder_version=\"4.24.2\" _module_preset=\"default\"][et_pb_column _builder_version=\"4.24.2\" _module_preset=\"default\" type=\"4_4\"][et_pb_video src=\"https:\/\/flavi.fr\/wp-content\/uploads\/2024\/03\/WhatsApp-Video-2024-03-22-at-09.29.35.mp4\" _builder_version=\"4.24.2\" _module_preset=\"default\" title_text=\"Comment trouver une aide \u00e0 domicile pour personnes \u00e2g\u00e9es ?\" module_alignment=\"center\" hover_enabled=\"0\" sticky_enabled=\"0\"][\/et_pb_video][\/et_pb_column][\/et_pb_row][et_pb_row _builder_version=\"4.24.2\" _module_preset=\"default\" global_colors_info=\"{}\"][et_pb_column type=\"4_4\" _builder_version=\"4.24.2\" _module_preset=\"default\" global_colors_info=\"{}\"][et_pb_text _builder_version=\"4.24.2\" _module_preset=\"default\" header_2_font=\"ABeeZee||||||||\" header_2_text_color=\"#5800a6\" header_2_font_size=\"35px\" header_2_font_size_tablet=\"35px\" header_2_font_size_phone=\"30px\" header_2_font_size_last_edited=\"on|desktop\" global_colors_info=\"{}\"]\n<h2><b>Comment \u00eatre aid\u00e9 dans vos <\/b><\/h2>\n<h2><b>recherches ?<\/b><\/h2>\n[\/et_pb_text][\/et_pb_column][\/et_pb_row][et_pb_row _builder_version=\"4.24.2\" _module_preset=\"default\" global_colors_info=\"{}\"][et_pb_column type=\"4_4\" _builder_version=\"4.24.2\" _module_preset=\"default\" global_colors_info=\"{}\"][et_pb_text _builder_version=\"4.24.2\" _module_preset=\"default\" text_font=\"Lato||||||||\" text_font_size=\"18px\" text_font_size_tablet=\"18px\" text_font_size_phone=\"18px\" text_font_size_last_edited=\"on|phone\" global_colors_info=\"{}\"]\n\n<span style=\"font-weight: 400;\">Pour trouver une aide \u00e0 domicile en emploi direct, utilisez l\u2019annuaire <\/span><a href=\"https:\/\/app.flavi.fr\/recherche\"><span style=\"font-weight: 400;\">Flavi<\/span><\/a><span style=\"font-weight: 400;\">.\u00a0<\/span>\n\n<span style=\"font-weight: 400;\">Par ailleurs, l\u2019Etat met \u00e0 disposition <\/span><b>un annuaire de tous les centres locaux d'information et de coordination<\/b><span style=\"font-weight: 400;\"> disponibles en France, sur son site <\/span><a href=\"https:\/\/www.pour-les-personnes-agees.gouv.fr\/annuaire-points-dinformation-et-plateformes-de-repit?form=form-annuaire&amp;annuaire=POINT_INFORMATION#container-result-query\"><span style=\"font-weight: 400;\">www.pour-les-personnes-agees.gouv.fr<\/span><\/a><span style=\"font-weight: 400;\">. Cet annuaire permet une <\/span><b>recherche par code postal de la commune<\/b><span style=\"font-weight: 400;\">.<\/span>\n\n[\/et_pb_text][et_pb_text _builder_version=\"4.24.2\" _module_preset=\"default\" header_3_font=\"ABeeZee||||||||\" header_3_text_color=\"#7c00dc\" header_3_font_size=\"25px\" header_3_font_size_tablet=\"25px\" header_3_font_size_phone=\"25px\" header_3_font_size_last_edited=\"on|phone\" global_colors_info=\"{}\"]\n<h3><b>Me renseigner aupr\u00e8s des points <\/b><\/h3>\n<h3><b>locaux d'information !<\/b><\/h3>\n[\/et_pb_text][\/et_pb_column][\/et_pb_row][et_pb_row _builder_version=\"4.24.2\" _module_preset=\"default\" global_colors_info=\"{}\"][et_pb_column type=\"4_4\" _builder_version=\"4.24.2\" _module_preset=\"default\" global_colors_info=\"{}\"][et_pb_text _builder_version=\"4.24.2\" _module_preset=\"default\" text_font=\"Lato||||||||\" text_font_size=\"18px\" global_colors_info=\"{}\"]\n\n<b>Pr\u00e8s de chez vous, il existe des points locaux d\u2019information. Ils sont <\/b><b>tr\u00e8s utiles <\/b><span style=\"font-weight: 400;\">que ce soit pour :\u00a0<\/span>\n<ul>\n \t<li style=\"font-weight: 400;\" aria-level=\"1\"><span style=\"font-weight: 400;\">les personnes \u00e2g\u00e9es en perte d\u2019autonomie\u00a0<\/span><\/li>\n \t<li style=\"font-weight: 400;\" aria-level=\"1\"><span style=\"font-weight: 400;\">leur entourage,\u00a0<\/span><\/li>\n \t<li style=\"font-weight: 400;\" aria-level=\"1\"><span style=\"font-weight: 400;\">les professionnels de la g\u00e9rontologie et du maintien \u00e0 domicile<\/span><\/li>\n<\/ul>\n<b>Cependant, tous les d\u00e9partements n\u2019utilisent pas les m\u00eames termes pour nommer ces lieux d\u2019informations<\/b>\n\n<span style=\"font-weight: 400;\">Voici une liste non exhaustive :<\/span>\n<ul>\n \t<li style=\"font-weight: 400;\" aria-level=\"1\"><span style=\"font-weight: 400;\">(CCAS) Centre Communal d\u2019Action Sociale.<\/span><\/li>\n \t<li style=\"font-weight: 400;\" aria-level=\"1\"><span style=\"font-weight: 400;\">(CLIC) Centre Local d\u2019Information et de Coordination.<\/span><\/li>\n \t<li style=\"font-weight: 400;\" aria-level=\"1\"><span style=\"font-weight: 400;\">(MDA) Maison D\u00e9partementale de l\u2019Autonomie.<\/span><\/li>\n \t<li style=\"font-weight: 400;\" aria-level=\"1\"><span style=\"font-weight: 400;\">Plateforme \/ P\u00f4le g\u00e9rontologique.<\/span><\/li>\n \t<li style=\"font-weight: 400;\" aria-level=\"1\"><span style=\"font-weight: 400;\">Direction territoriale d\u2019action sociale.<\/span><\/li>\n \t<li style=\"font-weight: 400;\" aria-level=\"1\"><span style=\"font-weight: 400;\">Unit\u00e9 ou service autonomie \/ Instance de coordination de l\u2019autonomie.<\/span><\/li>\n \t<li style=\"font-weight: 400;\" aria-level=\"1\"><span style=\"font-weight: 400;\">Maison \/ Point \/ P\u00f4le \/ Espace info s\u00e9nior.<\/span><\/li>\n<\/ul>\n<span style=\"font-weight: 400;\">Par ailleurs, il y a aussi :<\/span>\n<ul>\n \t<li style=\"font-weight: 400;\" aria-level=\"1\"><span style=\"font-weight: 400;\">Maison de solidarit\u00e9.<\/span><\/li>\n \t<li style=\"font-weight: 400;\" aria-level=\"1\"><span style=\"font-weight: 400;\">D\u00e9l\u00e9gation territoriale.<\/span><\/li>\n \t<li style=\"font-weight: 400;\" aria-level=\"1\"><span style=\"font-weight: 400;\">Accueil \/ Centre solidarit\u00e9 et famille.<\/span><\/li>\n \t<li style=\"font-weight: 400;\" aria-level=\"1\"><span style=\"font-weight: 400;\">Accueil de proximit\u00e9.<\/span><\/li>\n \t<li style=\"font-weight: 400;\" aria-level=\"1\"><span style=\"font-weight: 400;\">(UTAS) Unit\u00e9 Territoriale d\u2019Action Sociale.<\/span><\/li>\n \t<li style=\"font-weight: 400;\" aria-level=\"1\"><span style=\"font-weight: 400;\">(CMS) Centre M\u00e9dico-Social.<\/span><\/li>\n<\/ul>\n[\/et_pb_text][\/et_pb_column][\/et_pb_row][et_pb_row _builder_version=\"4.24.2\" _module_preset=\"default\" global_colors_info=\"{}\"][et_pb_column type=\"4_4\" _builder_version=\"4.24.2\" _module_preset=\"default\" global_colors_info=\"{}\"][et_pb_text _builder_version=\"4.24.2\" _module_preset=\"default\" header_3_font=\"ABeeZee||||||||\" header_3_text_color=\"#7c00dc\" header_3_font_size=\"25px\" header_3_font_size_tablet=\"25px\" header_3_font_size_phone=\"25px\" header_3_font_size_last_edited=\"on|phone\" global_colors_info=\"{}\"]\n<h3><b>Le r\u00f4le de ces points locaux : <\/b><\/h3>\n[\/et_pb_text][\/et_pb_column][\/et_pb_row][et_pb_row _builder_version=\"4.24.2\" _module_preset=\"default\" global_colors_info=\"{}\"][et_pb_column type=\"4_4\" _builder_version=\"4.24.2\" _module_preset=\"default\" global_colors_info=\"{}\"][et_pb_text _builder_version=\"4.24.2\" _module_preset=\"default\" text_font=\"Lato||||||||\" text_font_size=\"18px\" global_colors_info=\"{}\"]\n\n<span style=\"font-weight: 400;\">Ces centres sont<\/span><b> mis en place et financ\u00e9s par les d\u00e9partements<\/b><span style=\"font-weight: 400;\">. En effet, ils s\u2019inscrivent dans le cadre des politiques publiques en faveur des personnes \u00e2g\u00e9es. Ils visent notamment \u00e0 <\/span><b>d\u00e9velopper le maintien \u00e0 domicile<\/b><span style=\"font-weight: 400;\"> !<\/span>\n\n<span style=\"font-weight: 400;\">Ils <\/span><b>centralisent les informations<\/b><span style=\"font-weight: 400;\"> concernant la majorit\u00e9 des d\u00e9marches \u00e0 r\u00e9aliser lorsqu\u2019un s\u00e9nior devient d\u00e9pendant. En effet, ces centres orientent vers <\/span><b>les diverses solutions pour l\u2019aider dans sa vie quotidienne<\/b><span style=\"font-weight: 400;\">, et\/ou d\u2019un point de vue financier. Ils aident aussi \u00e0 trouver un \u00e9tablissement o\u00f9 vivre si le maintien \u00e0 domicile n\u2019est pas envisag\u00e9.<\/span>\n\n<span style=\"font-weight: 400;\">Chaque point d'information est normalement compos\u00e9 d\u2019au moins <\/span><b>un coordinateur.<\/b><span style=\"font-weight: 400;\"> Celui-ci accueille les personnes \u00e2g\u00e9es et leurs proches pour \u00e9valuer les besoins et conseiller.\u00a0 Il a aussi pour mission d\u2019<\/span><b>organiser l\u2019action des diff\u00e9rents intervenants<\/b><span style=\"font-weight: 400;\"> dans la prise en charge du s\u00e9nior en perte d\u2019autonomie.<\/span>\n\n[\/et_pb_text][\/et_pb_column][\/et_pb_row][et_pb_row _builder_version=\"4.24.2\" _module_preset=\"default\" global_colors_info=\"{}\"][et_pb_column type=\"4_4\" _builder_version=\"4.24.2\" _module_preset=\"default\" global_colors_info=\"{}\"][et_pb_text _builder_version=\"4.24.2\" _module_preset=\"default\" header_3_font=\"ABeeZee||||||||\" header_3_text_color=\"#7c00dc\" header_3_font_size=\"25px\" header_3_font_size_tablet=\"25px\" header_3_font_size_phone=\"25px\" header_3_font_size_last_edited=\"on|phone\" global_colors_info=\"{}\"]\n<h3><b>Les principales missions des centres : <\/b><\/h3>\n[\/et_pb_text][\/et_pb_column][\/et_pb_row][et_pb_row _builder_version=\"4.24.2\" _module_preset=\"default\" global_colors_info=\"{}\"][et_pb_column type=\"4_4\" _builder_version=\"4.24.2\" _module_preset=\"default\" global_colors_info=\"{}\"][et_pb_text _builder_version=\"4.24.2\" _module_preset=\"default\" text_font=\"Lato||||||||\" text_font_size=\"18px\" global_colors_info=\"{}\"]\n<ul>\n \t<li style=\"font-weight: 400;\" aria-level=\"1\"><span style=\"font-weight: 400;\">Exposer les diff\u00e9rents services \u00e0 domicile pour les personnes \u00e2g\u00e9es pr\u00e9sents sur le secteur<\/span><\/li>\n \t<li style=\"font-weight: 400;\" aria-level=\"1\"><span style=\"font-weight: 400;\">\u00c9valuer les besoins de la personne en perte d\u2019autonomie<\/span><\/li>\n \t<li style=\"font-weight: 400;\" aria-level=\"1\"><span style=\"font-weight: 400;\">Orienter vers des solutions adapt\u00e9es en fonction de la personne<\/span><\/li>\n \t<li style=\"font-weight: 400;\" aria-level=\"1\"><span style=\"font-weight: 400;\">Coordonner les interventions des professionnels selon les besoins du s\u00e9nior<\/span><\/li>\n \t<li style=\"font-weight: 400;\" aria-level=\"1\"><span style=\"font-weight: 400;\">Aider dans les d\u00e9marches de demande d\u2019aide financi\u00e8re<\/span><\/li>\n<\/ul>\n[\/et_pb_text][\/et_pb_column][\/et_pb_row][et_pb_row _builder_version=\"4.24.2\" _module_preset=\"default\" global_colors_info=\"{}\"][et_pb_column type=\"4_4\" _builder_version=\"4.24.2\" _module_preset=\"default\" global_colors_info=\"{}\"][et_pb_text _builder_version=\"4.24.2\" _module_preset=\"default\" header_3_font=\"ABeeZee||||||||\" header_3_text_color=\"#7c00dc\" header_3_font_size=\"25px\" header_3_font_size_tablet=\"25px\" header_3_font_size_phone=\"25px\" header_3_font_size_last_edited=\"on|phone\" global_colors_info=\"{}\"]\n<h3><b>Les d\u00e9marches possibles aupr\u00e8s des points d'information :\u00a0<\/b><\/h3>\n[\/et_pb_text][\/et_pb_column][\/et_pb_row][et_pb_row _builder_version=\"4.24.2\" _module_preset=\"default\" global_colors_info=\"{}\"][et_pb_column type=\"4_4\" _builder_version=\"4.24.2\" _module_preset=\"default\" global_colors_info=\"{}\"][et_pb_text _builder_version=\"4.24.2\" _module_preset=\"default\" text_font=\"Lato||||||||\" text_font_size=\"18px\" global_colors_info=\"{}\"]\n\n<span style=\"font-weight: 400;\">Par ailleurs, il est conseill\u00e9 de s\u2019adresser \u00e0 eux pour <\/span><b>diverses d\u00e9marches<\/b><span style=\"font-weight: 400;\"> comme par exemple :\u00a0<\/span>\n<ul>\n \t<li style=\"font-weight: 400;\" aria-level=\"1\"><span style=\"font-weight: 400;\">Avant de faire une demande d\u2019allocation personnalis\u00e9e d\u2019autonomie (APA),\u00a0<\/span><\/li>\n \t<li style=\"font-weight: 400;\" aria-level=\"1\"><span style=\"font-weight: 400;\">Avant une demande d\u2019aide financi\u00e8re pour am\u00e9nager un logement<\/span><\/li>\n \t<li style=\"font-weight: 400;\" aria-level=\"1\"><span style=\"font-weight: 400;\">Pour obtenir des renseignements sur tous les services mis \u00e0 disposition des s\u00e9niors comme les aides \u00e0 domicile, le portage de repas, etc..<\/span><\/li>\n<\/ul>\n[\/et_pb_text][\/et_pb_column][\/et_pb_row][et_pb_row _builder_version=\"4.24.2\" _module_preset=\"default\" global_colors_info=\"{}\"][et_pb_column type=\"4_4\" _builder_version=\"4.24.2\" _module_preset=\"default\" global_colors_info=\"{}\"][et_pb_text _builder_version=\"4.24.2\" _module_preset=\"default\" header_2_font=\"ABeeZee||||||||\" header_2_text_color=\"#5800a6\" header_2_font_size=\"35px\" header_2_font_size_tablet=\"35px\" header_2_font_size_phone=\"30px\" header_2_font_size_last_edited=\"on|phone\" global_colors_info=\"{}\"]\n<h2><b>Comment s\u00e9lectionner des aides en emploi direct (CESU) ? <\/b><\/h2>\n<h2><b>O\u00f9 se renseigner ?<\/b><\/h2>\n[\/et_pb_text][\/et_pb_column][\/et_pb_row][et_pb_row _builder_version=\"4.24.2\" _module_preset=\"default\" global_colors_info=\"{}\"][et_pb_column type=\"4_4\" _builder_version=\"4.24.2\" _module_preset=\"default\" global_colors_info=\"{}\"][et_pb_text _builder_version=\"4.24.2\" _module_preset=\"default\" text_font=\"Lato||||||||\" text_font_size=\"18px\" global_colors_info=\"{}\"]\n\n<b>Les aides \u00e0 domicile en emploi direct<\/b><span style=\"font-weight: 400;\"> ne se trouvent pas de la m\u00eame mani\u00e8re que les entreprises prestataires ou mandataires.\u00a0<\/span>\n\n<span style=\"font-weight: 400;\">En effet, elles font rarement de la publicit\u00e9 et sont donc moins visibles que les associations ou entreprises. Toutefois, il existe <\/span><b>divers canaux <\/b><span style=\"font-weight: 400;\">permettant d\u2019obtenir le contact des salari\u00e9s. Le plus rapide est celui ci <\/span><a href=\"https:\/\/flavi.fr\/index.php\/je-suis-un-particulier\/\"><span style=\"font-weight: 400;\">Trouvez une auxiliaire de vie en CESU - Flavi<\/span><\/a><span style=\"font-weight: 400;\"> mais vous pouvez aussi vous renseignez aupr\u00e8s des autres acteurs.<\/span>\n\n[\/et_pb_text][\/et_pb_column][\/et_pb_row][et_pb_row _builder_version=\"4.24.2\" _module_preset=\"default\" global_colors_info=\"{}\"][et_pb_column type=\"4_4\" _builder_version=\"4.24.2\" _module_preset=\"default\" global_colors_info=\"{}\"][et_pb_text _builder_version=\"4.24.2\" _module_preset=\"default\" header_3_font=\"ABeeZee||||||||\" header_3_text_color=\"#7c00dc\" header_3_font_size=\"25px\" global_colors_info=\"{}\"]\n<h3><b>Les professionnels du secteur m\u00e9dical <\/b><\/h3>\n[\/et_pb_text][et_pb_text _builder_version=\"4.24.2\" _module_preset=\"default\" text_font=\"Lato||||||||\" text_font_size=\"18px\" global_colors_info=\"{}\"]\n\n<b>Divers professionnels m\u00e9dicaux<\/b><span style=\"font-weight: 400;\"> travaillent \u00e9galement autour du <\/span><b>maintien \u00e0 domicile. <\/b><span style=\"font-weight: 400;\">Ils sont susceptibles de conna\u00eetre des aides de vie en emploi direct.\u00a0<\/span>\n\n<span style=\"font-weight: 400;\">Vous pouvez, par exemple, vous renseigner aupr\u00e8s :\u00a0<\/span>\n<ul>\n \t<li style=\"font-weight: 400;\" aria-level=\"1\"><span style=\"font-weight: 400;\">Des infirmiers lib\u00e9raux<\/span><\/li>\n \t<li style=\"font-weight: 400;\" aria-level=\"1\"><span style=\"font-weight: 400;\">Des m\u00e9decins g\u00e9n\u00e9ralistes<\/span><\/li>\n \t<li style=\"font-weight: 400;\" aria-level=\"1\"><span style=\"font-weight: 400;\">Des kin\u00e9sith\u00e9rapeutes<\/span><\/li>\n \t<li style=\"font-weight: 400;\" aria-level=\"1\"><span style=\"font-weight: 400;\">Enfin , vous pouvez aller voir de<\/span><span style=\"font-weight: 400;\">s podologues \/ p\u00e9dicures\u00a0 \u00a0 <\/span><\/li>\n<\/ul>\n[\/et_pb_text][et_pb_image src=\"https:\/\/flavi.fr\/wp-content\/uploads\/2024\/03\/mains-_1_.webp\" alt=\"Une personne \u00e2g\u00e9e et une aide \u00e0 domicile en CESU se prennent les mains\" title_text=\"Mains d'une personne \u00e2g\u00e9e et d'une aide \u00e0 domicile en CESU\" align=\"center\" _builder_version=\"4.24.2\" _module_preset=\"default\" module_alignment=\"center\" global_colors_info=\"{}\"][\/et_pb_image][et_pb_text _builder_version=\"4.24.2\" _module_preset=\"default\" header_3_font=\"ABeeZee||||||||\" header_3_text_color=\"#7c00dc\" header_3_font_size=\"25px\" global_colors_info=\"{}\"]\n<h3><b>Les mairies<\/b><\/h3>\n[\/et_pb_text][\/et_pb_column][\/et_pb_row][et_pb_row _builder_version=\"4.24.2\" _module_preset=\"default\" global_colors_info=\"{}\"][et_pb_column type=\"4_4\" _builder_version=\"4.24.2\" _module_preset=\"default\" global_colors_info=\"{}\"][et_pb_text _builder_version=\"4.24.2\" _module_preset=\"default\" text_font=\"Lato||||||||\" text_font_size=\"18px\" global_colors_info=\"{}\"]\n\n<span style=\"font-weight: 400;\">Les aides \u00e0 domicile travaillent de gr\u00e9 \u00e0 gr\u00e9. En effet, elles se font bien souvent conna\u00eetre <\/span><b>au plus proche de leur secteur d\u2019intervention<\/b><span style=\"font-weight: 400;\">. De ce fait, les mairies sont donc un lieu o\u00f9 vous pourrez trouver<\/span><b> des annonces ou<\/b> <b>des cartes de visite<\/b><span style=\"font-weight: 400;\">. <\/span>\n\n<span style=\"font-weight: 400;\">Celles-ci sont d\u00e9pos\u00e9es par les salari\u00e9s en emploi direct cherchant des employeurs sur votre secteur g\u00e9ographique.<\/span>\n\n[\/et_pb_text][et_pb_text _builder_version=\"4.24.2\" _module_preset=\"default\" header_3_font=\"ABeeZee||||||||\" header_3_text_color=\"#7c00dc\" header_3_font_size=\"25px\" global_colors_info=\"{}\"]\n<h3><b>Les sites de petites annonces ou de mises en relation<\/b><\/h3>\n[\/et_pb_text][et_pb_text _builder_version=\"4.24.2\" _module_preset=\"default\" text_font=\"Lato||||||||\" text_font_size=\"18px\" global_colors_info=\"{}\"]\n\n<span style=\"font-weight: 400;\">Divers sites proposent de d\u00e9poser une annonce pour chercher une aide \u00e0 domicile, ou de parcourir les annonces d\u2019aide de vie en recherche d\u2019emploi.\u00a0<\/span>\n\n<b>Attention !<\/b><span style=\"font-weight: 400;\">\u00a0<\/span>\n\n<span style=\"font-weight: 400;\">Certains sites ne proposent pas la s\u00e9curit\u00e9 n\u00e9cessaire \u00e0 plusieurs niveaux :\u00a0<\/span>\n<ul>\n \t<li style=\"font-weight: 400;\" aria-level=\"1\"><span style=\"font-weight: 400;\">identit\u00e9 falsifi\u00e9e<\/span><\/li>\n \t<li style=\"font-weight: 400;\" aria-level=\"1\"><span style=\"font-weight: 400;\">arnaques\u00a0<\/span><\/li>\n \t<li style=\"font-weight: 400;\" aria-level=\"1\"><span style=\"font-weight: 400;\">annonces pas s\u00e9rieuses\u00a0<\/span><\/li>\n<\/ul>\n<span style=\"font-weight: 400;\">D'autres sites sont payants.\u00a0<\/span>\n\n<a href=\"https:\/\/app.flavi.fr\/recherche\"><b>Flavi<\/b><\/a><b> propose une<\/b><a href=\"https:\/\/app.flavi.fr\/recherche\"><b> plateforme de mise en relation<\/b><\/a> <span style=\"font-weight: 400;\">gratuite entre particuliers employeurs et salari\u00e9s<\/span><b>, ainsi qu\u2019une possibilit\u00e9 d\u2019accompagnement<\/b><span style=\"font-weight: 400;\"> sur divers points selon le besoin pour l\u2019employeur ou son proche.<\/span>\n\n<a href=\"https:\/\/app.flavi.fr\/recherche\"><span style=\"font-weight: 400;\">Bouton : Acc\u00e9der \u00e0 la plateforme !\u00a0<\/span><\/a>\n\n[\/et_pb_text][et_pb_text _builder_version=\"4.24.2\" _module_preset=\"default\" header_3_font=\"ABeeZee||||||||\" header_3_text_color=\"#7c00dc\" header_3_font_size=\"25px\" global_colors_info=\"{}\"]\n<h3><b>\u00a0Les r\u00e9seaux sociaux<\/b><\/h3>\n<h3><\/h3>\n[\/et_pb_text][et_pb_text _builder_version=\"4.24.2\" _module_preset=\"default\" text_font=\"Lato||||||||\" text_font_size=\"18px\" global_colors_info=\"{}\"]\n\n<span style=\"font-weight: 400;\">Enfin, sur les r\u00e9seaux sociaux il est possible de trouver des groupes r\u00e9unissant <\/span><b>les habitants du secteur en recherche d\u2019emploi \u00e0 domicile et les employeurs en recherche<\/b><span style=\"font-weight: 400;\">. Le r\u00e9seau social le plus utilis\u00e9 \u00e0 cet usage est Facebook.\u00a0<\/span>\n\n<span style=\"font-weight: 400;\">Si vous r\u00e9digez une annonce, prenez le temps de la renseigner au mieux. Il est important de bien pr\u00e9ciser les missions, le planning approximatif et le secteur de recherche.<\/span>\n\n<a href=\"https:\/\/www.facebook.com\/groups\/532516138546331\"><span style=\"font-weight: 400;\">Acc\u00e9der au groupe de la communaut\u00e9 Flavi <\/span><\/a><span style=\"font-weight: 400;\">!<\/span>\n\n[\/et_pb_text][\/et_pb_column][\/et_pb_row][\/et_pb_section]","_et_gb_content_width":"","_lmt_disableupdate":"","_lmt_disable":"","_monsterinsights_skip_tracking":false,"_monsterinsights_sitenote_active":false,"_monsterinsights_sitenote_note":"","_monsterinsights_sitenote_category":0,"footnotes":""},"categories":[1],"tags":[],"ppma_author":[41],"class_list":["post-6792","post","type-post","status-publish","format-aside","has-post-thumbnail","hentry","category-articles-pour-particuliers","post_format-post-format-aside"],"yoast_head":"<!-- This site is optimized with the Yoast SEO plugin v27.5 - https:\/\/yoast.com\/product\/yoast-seo-wordpress\/ -->\n<title>Comment d\u00e9finir son GIR (Groupe Iso-ressources) ? - Flavi<\/title>\n<meta name=\"description\" content=\"A quoi servent les GIR ? Quel est mon degr\u00e9 de d\u00e9pendance GIR ? Comment calculer mon niveau de GIR (Groupe Iso-Ressources) ?\" \/>\n<meta name=\"robots\" content=\"index, follow, max-snippet:-1, max-image-preview:large, max-video-preview:-1\" \/>\n<link rel=\"canonical\" href=\"https:\/\/flavi.fr\/index.php\/2024\/04\/24\/comment-definir-son-girgroupe-iso-ressources-pour-le-calcul-de-lapa\/\" \/>\n<meta property=\"og:locale\" content=\"fr_FR\" \/>\n<meta property=\"og:type\" content=\"article\" \/>\n<meta property=\"og:title\" content=\"Comment d\u00e9finir son GIR (Groupe Iso-ressources) ? - Flavi\" \/>\n<meta property=\"og:description\" content=\"A quoi servent les GIR ? Quel est mon degr\u00e9 de d\u00e9pendance GIR ? Comment calculer mon niveau de GIR (Groupe Iso-Ressources) ?\" \/>\n<meta property=\"og:url\" content=\"https:\/\/flavi.fr\/index.php\/2024\/04\/24\/comment-definir-son-girgroupe-iso-ressources-pour-le-calcul-de-lapa\/\" \/>\n<meta property=\"og:site_name\" content=\"Flavi\" \/>\n<meta property=\"article:published_time\" content=\"2024-04-24T07:55:17+00:00\" \/>\n<meta property=\"article:modified_time\" content=\"2026-01-02T11:05:09+00:00\" \/>\n<meta property=\"og:image\" content=\"https:\/\/flavi.fr\/wp-content\/uploads\/2024\/03\/APA-_1_.webp\" \/>\n\t<meta property=\"og:image:width\" content=\"1330\" \/>\n\t<meta property=\"og:image:height\" content=\"887\" \/>\n\t<meta property=\"og:image:type\" content=\"image\/webp\" \/>\n<meta name=\"author\" content=\"Flavie, experte CESU\" \/>\n<meta name=\"twitter:card\" content=\"summary_large_image\" \/>\n<meta name=\"twitter:label1\" content=\"\u00c9crit par\" \/>\n\t<meta name=\"twitter:data1\" content=\"Flavie, experte CESU\" \/>\n\t<meta name=\"twitter:label2\" content=\"Dur\u00e9e de lecture estim\u00e9e\" \/>\n\t<meta name=\"twitter:data2\" content=\"7 minutes\" \/>\n<script type=\"application\/ld+json\" class=\"yoast-schema-graph\">{\"@context\":\"https:\\\/\\\/schema.org\",\"@graph\":[{\"@type\":\"Article\",\"@id\":\"https:\\\/\\\/flavi.fr\\\/index.php\\\/2024\\\/04\\\/24\\\/comment-definir-son-girgroupe-iso-ressources-pour-le-calcul-de-lapa\\\/#article\",\"isPartOf\":{\"@id\":\"https:\\\/\\\/flavi.fr\\\/index.php\\\/2024\\\/04\\\/24\\\/comment-definir-son-girgroupe-iso-ressources-pour-le-calcul-de-lapa\\\/\"},\"author\":{\"name\":\"Eva Muringer, Fondatrice de Flavi et enseignante\",\"@id\":\"https:\\\/\\\/flavi.fr\\\/#\\\/schema\\\/person\\\/e540732270cd8b3a026a503df4f1ea3d\"},\"headline\":\"Comment d\u00e9finir son GIR (Groupe Iso-ressources) ?\",\"datePublished\":\"2024-04-24T07:55:17+00:00\",\"dateModified\":\"2026-01-02T11:05:09+00:00\",\"mainEntityOfPage\":{\"@id\":\"https:\\\/\\\/flavi.fr\\\/index.php\\\/2024\\\/04\\\/24\\\/comment-definir-son-girgroupe-iso-ressources-pour-le-calcul-de-lapa\\\/\"},\"wordCount\":2638,\"commentCount\":2,\"image\":{\"@id\":\"https:\\\/\\\/flavi.fr\\\/index.php\\\/2024\\\/04\\\/24\\\/comment-definir-son-girgroupe-iso-ressources-pour-le-calcul-de-lapa\\\/#primaryimage\"},\"thumbnailUrl\":\"https:\\\/\\\/flavi.fr\\\/wp-content\\\/uploads\\\/2024\\\/03\\\/APA-_1_.webp\",\"articleSection\":[\"Articles pour particuliers\"],\"inLanguage\":\"fr-FR\",\"potentialAction\":[{\"@type\":\"CommentAction\",\"name\":\"Comment\",\"target\":[\"https:\\\/\\\/flavi.fr\\\/index.php\\\/2024\\\/04\\\/24\\\/comment-definir-son-girgroupe-iso-ressources-pour-le-calcul-de-lapa\\\/#respond\"]}]},{\"@type\":\"WebPage\",\"@id\":\"https:\\\/\\\/flavi.fr\\\/index.php\\\/2024\\\/04\\\/24\\\/comment-definir-son-girgroupe-iso-ressources-pour-le-calcul-de-lapa\\\/\",\"url\":\"https:\\\/\\\/flavi.fr\\\/index.php\\\/2024\\\/04\\\/24\\\/comment-definir-son-girgroupe-iso-ressources-pour-le-calcul-de-lapa\\\/\",\"name\":\"Comment d\u00e9finir son GIR (Groupe Iso-ressources) ? - Flavi\",\"isPartOf\":{\"@id\":\"https:\\\/\\\/flavi.fr\\\/#website\"},\"primaryImageOfPage\":{\"@id\":\"https:\\\/\\\/flavi.fr\\\/index.php\\\/2024\\\/04\\\/24\\\/comment-definir-son-girgroupe-iso-ressources-pour-le-calcul-de-lapa\\\/#primaryimage\"},\"image\":{\"@id\":\"https:\\\/\\\/flavi.fr\\\/index.php\\\/2024\\\/04\\\/24\\\/comment-definir-son-girgroupe-iso-ressources-pour-le-calcul-de-lapa\\\/#primaryimage\"},\"thumbnailUrl\":\"https:\\\/\\\/flavi.fr\\\/wp-content\\\/uploads\\\/2024\\\/03\\\/APA-_1_.webp\",\"datePublished\":\"2024-04-24T07:55:17+00:00\",\"dateModified\":\"2026-01-02T11:05:09+00:00\",\"author\":{\"@id\":\"https:\\\/\\\/flavi.fr\\\/#\\\/schema\\\/person\\\/e540732270cd8b3a026a503df4f1ea3d\"},\"description\":\"A quoi servent les GIR ? Quel est mon degr\u00e9 de d\u00e9pendance GIR ? Comment calculer mon niveau de GIR (Groupe Iso-Ressources) ?\",\"breadcrumb\":{\"@id\":\"https:\\\/\\\/flavi.fr\\\/index.php\\\/2024\\\/04\\\/24\\\/comment-definir-son-girgroupe-iso-ressources-pour-le-calcul-de-lapa\\\/#breadcrumb\"},\"inLanguage\":\"fr-FR\",\"potentialAction\":[{\"@type\":\"ReadAction\",\"target\":[\"https:\\\/\\\/flavi.fr\\\/index.php\\\/2024\\\/04\\\/24\\\/comment-definir-son-girgroupe-iso-ressources-pour-le-calcul-de-lapa\\\/\"]}]},{\"@type\":\"ImageObject\",\"inLanguage\":\"fr-FR\",\"@id\":\"https:\\\/\\\/flavi.fr\\\/index.php\\\/2024\\\/04\\\/24\\\/comment-definir-son-girgroupe-iso-ressources-pour-le-calcul-de-lapa\\\/#primaryimage\",\"url\":\"https:\\\/\\\/flavi.fr\\\/wp-content\\\/uploads\\\/2024\\\/03\\\/APA-_1_.webp\",\"contentUrl\":\"https:\\\/\\\/flavi.fr\\\/wp-content\\\/uploads\\\/2024\\\/03\\\/APA-_1_.webp\",\"width\":1330,\"height\":887,\"caption\":\"Personne \u00e2g\u00e9e qui est souriante. Elle a un niveau de GIR\"},{\"@type\":\"BreadcrumbList\",\"@id\":\"https:\\\/\\\/flavi.fr\\\/index.php\\\/2024\\\/04\\\/24\\\/comment-definir-son-girgroupe-iso-ressources-pour-le-calcul-de-lapa\\\/#breadcrumb\",\"itemListElement\":[{\"@type\":\"ListItem\",\"position\":1,\"name\":\"Accueil\",\"item\":\"https:\\\/\\\/flavi.fr\\\/\"},{\"@type\":\"ListItem\",\"position\":2,\"name\":\"Comment d\u00e9finir son GIR (Groupe Iso-ressources) ?\"}]},{\"@type\":\"WebSite\",\"@id\":\"https:\\\/\\\/flavi.fr\\\/#website\",\"url\":\"https:\\\/\\\/flavi.fr\\\/\",\"name\":\"Flavi\",\"description\":\"auxiliaires de vie ind\u00e9pendantes\",\"potentialAction\":[{\"@type\":\"SearchAction\",\"target\":{\"@type\":\"EntryPoint\",\"urlTemplate\":\"https:\\\/\\\/flavi.fr\\\/?s={search_term_string}\"},\"query-input\":{\"@type\":\"PropertyValueSpecification\",\"valueRequired\":true,\"valueName\":\"search_term_string\"}}],\"inLanguage\":\"fr-FR\"},{\"@type\":\"Person\",\"@id\":\"https:\\\/\\\/flavi.fr\\\/#\\\/schema\\\/person\\\/e540732270cd8b3a026a503df4f1ea3d\",\"name\":\"Eva Muringer, Fondatrice de Flavi et enseignante\",\"image\":{\"@type\":\"ImageObject\",\"inLanguage\":\"fr-FR\",\"@id\":\"https:\\\/\\\/secure.gravatar.com\\\/avatar\\\/c30b4e242c14546872cc63671192d7e6cac888c35741f84be86494a741cfb896?s=96&d=mm&r=g1e593406708024e749a1e9e33b45acc9\",\"url\":\"https:\\\/\\\/secure.gravatar.com\\\/avatar\\\/c30b4e242c14546872cc63671192d7e6cac888c35741f84be86494a741cfb896?s=96&d=mm&r=g\",\"contentUrl\":\"https:\\\/\\\/secure.gravatar.com\\\/avatar\\\/c30b4e242c14546872cc63671192d7e6cac888c35741f84be86494a741cfb896?s=96&d=mm&r=g\",\"caption\":\"Eva Muringer, Fondatrice de Flavi et enseignante\"},\"sameAs\":[\"https:\\\/\\\/www.flavi.fr\"],\"url\":\"https:\\\/\\\/flavi.fr\\\/index.php\\\/author\\\/admin7211\\\/\"}]}<\/script>\n<!-- \/ Yoast SEO plugin. -->","yoast_head_json":{"title":"Comment d\u00e9finir son GIR (Groupe Iso-ressources) ? - Flavi","description":"A quoi servent les GIR ? Quel est mon degr\u00e9 de d\u00e9pendance GIR ? Comment calculer mon niveau de GIR (Groupe Iso-Ressources) ?","robots":{"index":"index","follow":"follow","max-snippet":"max-snippet:-1","max-image-preview":"max-image-preview:large","max-video-preview":"max-video-preview:-1"},"canonical":"https:\/\/flavi.fr\/index.php\/2024\/04\/24\/comment-definir-son-girgroupe-iso-ressources-pour-le-calcul-de-lapa\/","og_locale":"fr_FR","og_type":"article","og_title":"Comment d\u00e9finir son GIR (Groupe Iso-ressources) ? - Flavi","og_description":"A quoi servent les GIR ? Quel est mon degr\u00e9 de d\u00e9pendance GIR ? Comment calculer mon niveau de GIR (Groupe Iso-Ressources) ?","og_url":"https:\/\/flavi.fr\/index.php\/2024\/04\/24\/comment-definir-son-girgroupe-iso-ressources-pour-le-calcul-de-lapa\/","og_site_name":"Flavi","article_published_time":"2024-04-24T07:55:17+00:00","article_modified_time":"2026-01-02T11:05:09+00:00","og_image":[{"width":1330,"height":887,"url":"https:\/\/flavi.fr\/wp-content\/uploads\/2024\/03\/APA-_1_.webp","type":"image\/webp"}],"author":"Flavie, experte CESU","twitter_card":"summary_large_image","twitter_misc":{"\u00c9crit par":"Flavie, experte CESU","Dur\u00e9e de lecture estim\u00e9e":"7 minutes"},"schema":{"@context":"https:\/\/schema.org","@graph":[{"@type":"Article","@id":"https:\/\/flavi.fr\/index.php\/2024\/04\/24\/comment-definir-son-girgroupe-iso-ressources-pour-le-calcul-de-lapa\/#article","isPartOf":{"@id":"https:\/\/flavi.fr\/index.php\/2024\/04\/24\/comment-definir-son-girgroupe-iso-ressources-pour-le-calcul-de-lapa\/"},"author":{"name":"Eva Muringer, Fondatrice de Flavi et enseignante","@id":"https:\/\/flavi.fr\/#\/schema\/person\/e540732270cd8b3a026a503df4f1ea3d"},"headline":"Comment d\u00e9finir son GIR (Groupe Iso-ressources) ?","datePublished":"2024-04-24T07:55:17+00:00","dateModified":"2026-01-02T11:05:09+00:00","mainEntityOfPage":{"@id":"https:\/\/flavi.fr\/index.php\/2024\/04\/24\/comment-definir-son-girgroupe-iso-ressources-pour-le-calcul-de-lapa\/"},"wordCount":2638,"commentCount":2,"image":{"@id":"https:\/\/flavi.fr\/index.php\/2024\/04\/24\/comment-definir-son-girgroupe-iso-ressources-pour-le-calcul-de-lapa\/#primaryimage"},"thumbnailUrl":"https:\/\/flavi.fr\/wp-content\/uploads\/2024\/03\/APA-_1_.webp","articleSection":["Articles pour particuliers"],"inLanguage":"fr-FR","potentialAction":[{"@type":"CommentAction","name":"Comment","target":["https:\/\/flavi.fr\/index.php\/2024\/04\/24\/comment-definir-son-girgroupe-iso-ressources-pour-le-calcul-de-lapa\/#respond"]}]},{"@type":"WebPage","@id":"https:\/\/flavi.fr\/index.php\/2024\/04\/24\/comment-definir-son-girgroupe-iso-ressources-pour-le-calcul-de-lapa\/","url":"https:\/\/flavi.fr\/index.php\/2024\/04\/24\/comment-definir-son-girgroupe-iso-ressources-pour-le-calcul-de-lapa\/","name":"Comment d\u00e9finir son GIR (Groupe Iso-ressources) ? - Flavi","isPartOf":{"@id":"https:\/\/flavi.fr\/#website"},"primaryImageOfPage":{"@id":"https:\/\/flavi.fr\/index.php\/2024\/04\/24\/comment-definir-son-girgroupe-iso-ressources-pour-le-calcul-de-lapa\/#primaryimage"},"image":{"@id":"https:\/\/flavi.fr\/index.php\/2024\/04\/24\/comment-definir-son-girgroupe-iso-ressources-pour-le-calcul-de-lapa\/#primaryimage"},"thumbnailUrl":"https:\/\/flavi.fr\/wp-content\/uploads\/2024\/03\/APA-_1_.webp","datePublished":"2024-04-24T07:55:17+00:00","dateModified":"2026-01-02T11:05:09+00:00","author":{"@id":"https:\/\/flavi.fr\/#\/schema\/person\/e540732270cd8b3a026a503df4f1ea3d"},"description":"A quoi servent les GIR ? Quel est mon degr\u00e9 de d\u00e9pendance GIR ? Comment calculer mon niveau de GIR (Groupe Iso-Ressources) ?","breadcrumb":{"@id":"https:\/\/flavi.fr\/index.php\/2024\/04\/24\/comment-definir-son-girgroupe-iso-ressources-pour-le-calcul-de-lapa\/#breadcrumb"},"inLanguage":"fr-FR","potentialAction":[{"@type":"ReadAction","target":["https:\/\/flavi.fr\/index.php\/2024\/04\/24\/comment-definir-son-girgroupe-iso-ressources-pour-le-calcul-de-lapa\/"]}]},{"@type":"ImageObject","inLanguage":"fr-FR","@id":"https:\/\/flavi.fr\/index.php\/2024\/04\/24\/comment-definir-son-girgroupe-iso-ressources-pour-le-calcul-de-lapa\/#primaryimage","url":"https:\/\/flavi.fr\/wp-content\/uploads\/2024\/03\/APA-_1_.webp","contentUrl":"https:\/\/flavi.fr\/wp-content\/uploads\/2024\/03\/APA-_1_.webp","width":1330,"height":887,"caption":"Personne \u00e2g\u00e9e qui est souriante. Elle a un niveau de GIR"},{"@type":"BreadcrumbList","@id":"https:\/\/flavi.fr\/index.php\/2024\/04\/24\/comment-definir-son-girgroupe-iso-ressources-pour-le-calcul-de-lapa\/#breadcrumb","itemListElement":[{"@type":"ListItem","position":1,"name":"Accueil","item":"https:\/\/flavi.fr\/"},{"@type":"ListItem","position":2,"name":"Comment d\u00e9finir son GIR (Groupe Iso-ressources) ?"}]},{"@type":"WebSite","@id":"https:\/\/flavi.fr\/#website","url":"https:\/\/flavi.fr\/","name":"Flavi","description":"auxiliaires de vie ind\u00e9pendantes","potentialAction":[{"@type":"SearchAction","target":{"@type":"EntryPoint","urlTemplate":"https:\/\/flavi.fr\/?s={search_term_string}"},"query-input":{"@type":"PropertyValueSpecification","valueRequired":true,"valueName":"search_term_string"}}],"inLanguage":"fr-FR"},{"@type":"Person","@id":"https:\/\/flavi.fr\/#\/schema\/person\/e540732270cd8b3a026a503df4f1ea3d","name":"Eva Muringer, Fondatrice de Flavi et enseignante","image":{"@type":"ImageObject","inLanguage":"fr-FR","@id":"https:\/\/secure.gravatar.com\/avatar\/c30b4e242c14546872cc63671192d7e6cac888c35741f84be86494a741cfb896?s=96&d=mm&r=g1e593406708024e749a1e9e33b45acc9","url":"https:\/\/secure.gravatar.com\/avatar\/c30b4e242c14546872cc63671192d7e6cac888c35741f84be86494a741cfb896?s=96&d=mm&r=g","contentUrl":"https:\/\/secure.gravatar.com\/avatar\/c30b4e242c14546872cc63671192d7e6cac888c35741f84be86494a741cfb896?s=96&d=mm&r=g","caption":"Eva Muringer, Fondatrice de Flavi et enseignante"},"sameAs":["https:\/\/www.flavi.fr"],"url":"https:\/\/flavi.fr\/index.php\/author\/admin7211\/"}]}},"modified_by":"Flavie, experte CESU","authors":[{"term_id":41,"user_id":1,"is_guest":0,"slug":"admin7211","display_name":"Flavie, experte CESU","avatar_url":"https:\/\/secure.gravatar.com\/avatar\/c30b4e242c14546872cc63671192d7e6cac888c35741f84be86494a741cfb896?s=96&d=mm&r=g","1":"","2":"","3":"","4":"","5":"","6":"","7":"","8":""}],"_links":{"self":[{"href":"https:\/\/flavi.fr\/index.php\/wp-json\/wp\/v2\/posts\/6792","targetHints":{"allow":["GET"]}}],"collection":[{"href":"https:\/\/flavi.fr\/index.php\/wp-json\/wp\/v2\/posts"}],"about":[{"href":"https:\/\/flavi.fr\/index.php\/wp-json\/wp\/v2\/types\/post"}],"author":[{"embeddable":true,"href":"https:\/\/flavi.fr\/index.php\/wp-json\/wp\/v2\/users\/1"}],"replies":[{"embeddable":true,"href":"https:\/\/flavi.fr\/index.php\/wp-json\/wp\/v2\/comments?post=6792"}],"version-history":[{"count":3,"href":"https:\/\/flavi.fr\/index.php\/wp-json\/wp\/v2\/posts\/6792\/revisions"}],"predecessor-version":[{"id":10268,"href":"https:\/\/flavi.fr\/index.php\/wp-json\/wp\/v2\/posts\/6792\/revisions\/10268"}],"wp:featuredmedia":[{"embeddable":true,"href":"https:\/\/flavi.fr\/index.php\/wp-json\/wp\/v2\/media\/6797"}],"wp:attachment":[{"href":"https:\/\/flavi.fr\/index.php\/wp-json\/wp\/v2\/media?parent=6792"}],"wp:term":[{"taxonomy":"category","embeddable":true,"href":"https:\/\/flavi.fr\/index.php\/wp-json\/wp\/v2\/categories?post=6792"},{"taxonomy":"post_tag","embeddable":true,"href":"https:\/\/flavi.fr\/index.php\/wp-json\/wp\/v2\/tags?post=6792"},{"taxonomy":"author","embeddable":true,"href":"https:\/\/flavi.fr\/index.php\/wp-json\/wp\/v2\/ppma_author?post=6792"}],"curies":[{"name":"wp","href":"https:\/\/api.w.org\/{rel}","templated":true}]}}