{"id":6699,"date":"2024-03-26T11:30:00","date_gmt":"2024-03-26T10:30:00","guid":{"rendered":"https:\/\/flavi.fr\/?p=6699"},"modified":"2025-12-26T10:00:18","modified_gmt":"2025-12-26T09:00:18","slug":"quest-ce-que-lapa-qui-signifie-allocation-personnalisee-dautonomie","status":"publish","type":"post","link":"https:\/\/flavi.fr\/index.php\/2024\/03\/26\/quest-ce-que-lapa-qui-signifie-allocation-personnalisee-dautonomie\/","title":{"rendered":"Qu&rsquo;est ce que l&rsquo;APA (Allocation personnalis\u00e9e d&rsquo;autonomie) ?"},"content":{"rendered":"<p>[et_pb_section fb_built=\u00a0\u00bb1&Prime; _builder_version=\u00a0\u00bb4.24.2&Prime; _module_preset=\u00a0\u00bbdefault\u00a0\u00bb global_colors_info=\u00a0\u00bb{}\u00a0\u00bb][et_pb_row _builder_version=\u00a0\u00bb4.24.2&Prime; _module_preset=\u00a0\u00bbdefault\u00a0\u00bb global_colors_info=\u00a0\u00bb{}\u00a0\u00bb][et_pb_column type=\u00a0\u00bb4_4&Prime; _builder_version=\u00a0\u00bb4.24.2&Prime; _module_preset=\u00a0\u00bbdefault\u00a0\u00bb global_colors_info=\u00a0\u00bb{}\u00a0\u00bb][et_pb_text _builder_version=\u00a0\u00bb4.27.4&Prime; _module_preset=\u00a0\u00bbdefault\u00a0\u00bb text_font=\u00a0\u00bbLato||||||||\u00a0\u00bb text_font_size=\u00a0\u00bb18px\u00a0\u00bb text_font_size_tablet=\u00a0\u00bb18px\u00a0\u00bb text_font_size_phone=\u00a0\u00bb18px\u00a0\u00bb text_font_size_last_edited=\u00a0\u00bbon|desktop\u00a0\u00bb global_colors_info=\u00a0\u00bb{}\u00a0\u00bb]<\/p>\n<p style=\"text-align: justify;\"><span style=\"font-weight: 400;\">Votre proche en <\/span><b>perte d\u2019autonomie<\/b><span style=\"font-weight: 400;\"> a besoin <\/span><b>d\u2019assistance<\/b><span style=\"font-weight: 400;\"> \u00e0 domicile ? L\u2019<\/span><b>APA\u00a0 <\/b><span style=\"font-weight: 400;\">(Allocation Personnalis\u00e9e d\u2019Autonomie) peut vous \u00eatre utile.<\/span><\/p>\n<p style=\"text-align: justify;\"><span style=\"font-weight: 400;\"><span>Vous \u00eates (ou allez devenir) particulier employeur et vous vous sentez un peu perdu avec le CESU, les d\u00e9marches, ou les obligations l\u00e9gales ?<\/span><br \/><span>On a pr\u00e9par\u00e9 un <\/span><strong data-renderer-mark=\"true\">guide complet, simple et gratuit<\/strong><span>, pour vous aider \u00e0 tout comprendre et d\u00e9marrer sereinement.<\/span><\/span><\/p>\n<p>[\/et_pb_text][et_pb_button button_url=\u00a0\u00bbhttps:\/\/forms.gle\/GjMWbpTAENkiK3JM8&Prime; button_text=\u00a0\u00bbR\u00e9cup\u00e9rer mon guide CESU\u00a0\u00bb button_alignment=\u00a0\u00bbcenter\u00a0\u00bb _builder_version=\u00a0\u00bb4.27.4&Prime; _module_preset=\u00a0\u00bbdefault\u00a0\u00bb custom_button=\u00a0\u00bbon\u00a0\u00bb button_text_color=\u00a0\u00bb#2E5C9F\u00a0\u00bb button_bg_color=\u00a0\u00bb#FFC600&Prime; button_border_width=\u00a0\u00bb0px\u00a0\u00bb button_font=\u00a0\u00bb|800|||||||\u00a0\u00bb global_colors_info=\u00a0\u00bb{}\u00a0\u00bb][\/et_pb_button][et_pb_text _builder_version=\u00a0\u00bb4.27.4&Prime; _module_preset=\u00a0\u00bbdefault\u00a0\u00bb text_font=\u00a0\u00bbLato||||||||\u00a0\u00bb text_font_size=\u00a0\u00bb18px\u00a0\u00bb text_font_size_tablet=\u00a0\u00bb18px\u00a0\u00bb text_font_size_phone=\u00a0\u00bb18px\u00a0\u00bb text_font_size_last_edited=\u00a0\u00bbon|desktop\u00a0\u00bb global_colors_info=\u00a0\u00bb{}\u00a0\u00bb]<\/p>\n<p><span style=\"font-weight: 400;\">Dans cet article, Flavi va vous expliquer son utilit\u00e9 , son montant ainsi que les conditions pour l\u2019obtenir.<\/span><\/p>\n<p>[\/et_pb_text][\/et_pb_column][\/et_pb_row][et_pb_row _builder_version=\u00a0\u00bb4.24.2&Prime; _module_preset=\u00a0\u00bbdefault\u00a0\u00bb global_colors_info=\u00a0\u00bb{}\u00a0\u00bb][et_pb_column type=\u00a0\u00bb4_4&Prime; _builder_version=\u00a0\u00bb4.24.2&Prime; _module_preset=\u00a0\u00bbdefault\u00a0\u00bb global_colors_info=\u00a0\u00bb{}\u00a0\u00bb][et_pb_text _builder_version=\u00a0\u00bb4.27.4&Prime; _module_preset=\u00a0\u00bbdefault\u00a0\u00bb header_2_font=\u00a0\u00bbABeeZee||||||||\u00a0\u00bb header_2_text_color=\u00a0\u00bb#5800a6&Prime; header_2_font_size=\u00a0\u00bb35px\u00a0\u00bb header_2_font_size_tablet=\u00a0\u00bb35px\u00a0\u00bb header_2_font_size_phone=\u00a0\u00bb30px\u00a0\u00bb header_2_font_size_last_edited=\u00a0\u00bbon|desktop\u00a0\u00bb global_colors_info=\u00a0\u00bb{}\u00a0\u00bb]<\/p>\n<div id=\"ez-toc-container\" class=\"ez-toc-v2_0_82_2 ez-toc-wrap-center counter-hierarchy ez-toc-counter ez-toc-custom ez-toc-container-direction\">\n<div class=\"ez-toc-title-container\">\n<p class=\"ez-toc-title\" style=\"cursor:inherit\">Sommaire<\/p>\n<span class=\"ez-toc-title-toggle\"><a href=\"#\" class=\"ez-toc-pull-right ez-toc-btn ez-toc-btn-xs ez-toc-btn-default ez-toc-toggle\" aria-label=\"Toggle Table of Content\"><span class=\"ez-toc-js-icon-con\"><span class=\"\"><span class=\"eztoc-hide\" style=\"display:none;\">Toggle<\/span><span class=\"ez-toc-icon-toggle-span\"><svg style=\"fill: #000000;color:#000000\" xmlns=\"http:\/\/www.w3.org\/2000\/svg\" class=\"list-377408\" width=\"20px\" height=\"20px\" viewBox=\"0 0 24 24\" fill=\"none\"><path d=\"M6 6H4v2h2V6zm14 0H8v2h12V6zM4 11h2v2H4v-2zm16 0H8v2h12v-2zM4 16h2v2H4v-2zm16 0H8v2h12v-2z\" fill=\"currentColor\"><\/path><\/svg><svg style=\"fill: #000000;color:#000000\" class=\"arrow-unsorted-368013\" xmlns=\"http:\/\/www.w3.org\/2000\/svg\" width=\"10px\" height=\"10px\" viewBox=\"0 0 24 24\" version=\"1.2\" baseProfile=\"tiny\"><path d=\"M18.2 9.3l-6.2-6.3-6.2 6.3c-.2.2-.3.4-.3.7s.1.5.3.7c.2.2.4.3.7.3h11c.3 0 .5-.1.7-.3.2-.2.3-.5.3-.7s-.1-.5-.3-.7zM5.8 14.7l6.2 6.3 6.2-6.3c.2-.2.3-.5.3-.7s-.1-.5-.3-.7c-.2-.2-.4-.3-.7-.3h-11c-.3 0-.5.1-.7.3-.2.2-.3.5-.3.7s.1.5.3.7z\"\/><\/svg><\/span><\/span><\/span><\/a><\/span><\/div>\n<nav><ul class='ez-toc-list ez-toc-list-level-1 ' ><li class='ez-toc-page-1 ez-toc-heading-level-2'><a class=\"ez-toc-link ez-toc-heading-1\" href=\"https:\/\/flavi.fr\/index.php\/2024\/03\/26\/quest-ce-que-lapa-qui-signifie-allocation-personnalisee-dautonomie\/#A_quoi_sert_lAPA_et_qui_peut_en_faire_la_demande\" >\u00c0 quoi sert l\u2019APA et qui peut en faire la demande ?<\/a><ul class='ez-toc-list-level-3' ><li class='ez-toc-heading-level-3'><a class=\"ez-toc-link ez-toc-heading-2\" href=\"https:\/\/flavi.fr\/index.php\/2024\/03\/26\/quest-ce-que-lapa-qui-signifie-allocation-personnalisee-dautonomie\/#LAPA_Allocation_personnalisee_dautonomie_cest_quoi\" >L\u2019APA (Allocation personnalis\u00e9e d&rsquo;autonomie) , c\u2019est quoi ?<\/a><\/li><li class='ez-toc-page-1 ez-toc-heading-level-3'><a class=\"ez-toc-link ez-toc-heading-3\" href=\"https:\/\/flavi.fr\/index.php\/2024\/03\/26\/quest-ce-que-lapa-qui-signifie-allocation-personnalisee-dautonomie\/#Que_finance_lAPA\" >Que finance l\u2019APA ?<\/a><\/li><li class='ez-toc-page-1 ez-toc-heading-level-3'><a class=\"ez-toc-link ez-toc-heading-4\" href=\"https:\/\/flavi.fr\/index.php\/2024\/03\/26\/quest-ce-que-lapa-qui-signifie-allocation-personnalisee-dautonomie\/#Qui_peut_faire_une_demande_dAPA_Allocation_personnalisee_dautonomie\" >Qui peut faire une demande d&rsquo;APA (Allocation personnalis\u00e9e d&rsquo;autonomie) ?\u00a0<\/a><\/li><li class='ez-toc-page-1 ez-toc-heading-level-3'><a class=\"ez-toc-link ez-toc-heading-5\" href=\"https:\/\/flavi.fr\/index.php\/2024\/03\/26\/quest-ce-que-lapa-qui-signifie-allocation-personnalisee-dautonomie\/#LAPA_en_CESU_comment_ca_marche\" >L\u2019APA en CESU, comment \u00e7a marche ?<\/a><ul class='ez-toc-list-level-4' ><li class='ez-toc-heading-level-4'><a class=\"ez-toc-link ez-toc-heading-6\" href=\"https:\/\/flavi.fr\/index.php\/2024\/03\/26\/quest-ce-que-lapa-qui-signifie-allocation-personnalisee-dautonomie\/#1_Le_CESU_prefinance\" >1. Le CESU pr\u00e9financ\u00e9 :<\/a><\/li><li class='ez-toc-page-1 ez-toc-heading-level-4'><a class=\"ez-toc-link ez-toc-heading-7\" href=\"https:\/\/flavi.fr\/index.php\/2024\/03\/26\/quest-ce-que-lapa-qui-signifie-allocation-personnalisee-dautonomie\/#2_Par_virement_cheque_bancaire_especes\" >2. Par virement, ch\u00e8que bancaire, esp\u00e8ces :<\/a><\/li><li class='ez-toc-page-1 ez-toc-heading-level-4'><a class=\"ez-toc-link ez-toc-heading-8\" href=\"https:\/\/flavi.fr\/index.php\/2024\/03\/26\/quest-ce-que-lapa-qui-signifie-allocation-personnalisee-dautonomie\/#3_Le_CESU_plus\" >3. Le CESU plus :<\/a><\/li><\/ul><\/li><\/ul><\/li><li class='ez-toc-page-1 ez-toc-heading-level-2'><a class=\"ez-toc-link ez-toc-heading-9\" href=\"https:\/\/flavi.fr\/index.php\/2024\/03\/26\/quest-ce-que-lapa-qui-signifie-allocation-personnalisee-dautonomie\/#Quel_sera_le_montant_de_lAPA\" >Quel sera le montant de l\u2019APA ?<\/a><ul class='ez-toc-list-level-3' ><li class='ez-toc-heading-level-3'><a class=\"ez-toc-link ez-toc-heading-10\" href=\"https:\/\/flavi.fr\/index.php\/2024\/03\/26\/quest-ce-que-lapa-qui-signifie-allocation-personnalisee-dautonomie\/#Sur_quelles_bases_lAPA_est-elle_calculee\" >Sur quelles bases l\u2019APA est-elle calcul\u00e9e ?<\/a><\/li><li class='ez-toc-page-1 ez-toc-heading-level-3'><a class=\"ez-toc-link ez-toc-heading-11\" href=\"https:\/\/flavi.fr\/index.php\/2024\/03\/26\/quest-ce-que-lapa-qui-signifie-allocation-personnalisee-dautonomie\/#Comment_est_determine_le_montant_alloue\" >Comment est d\u00e9termin\u00e9 le montant allou\u00e9 ?<\/a><\/li><li class='ez-toc-page-1 ez-toc-heading-level-3'><a class=\"ez-toc-link ez-toc-heading-12\" href=\"https:\/\/flavi.fr\/index.php\/2024\/03\/26\/quest-ce-que-lapa-qui-signifie-allocation-personnalisee-dautonomie\/#Les_5_etapes_pour_beneficier_de_lAPA\" >Les 5 \u00e9tapes pour b\u00e9n\u00e9ficier de l&rsquo;APA :<\/a><\/li><\/ul><\/li><\/ul><\/nav><\/div>\n<h2 style=\"text-align: justify;\"><span class=\"ez-toc-section\" id=\"A_quoi_sert_lAPA_et_qui_peut_en_faire_la_demande\"><\/span><b><span>\u00c0 quoi sert<\/span> l\u2019APA et qui peut en faire la demande ?<\/b><span class=\"ez-toc-section-end\"><\/span><\/h2>\n<p>[\/et_pb_text][\/et_pb_column][\/et_pb_row][et_pb_row _builder_version=\u00a0\u00bb4.24.2&Prime; _module_preset=\u00a0\u00bbdefault\u00a0\u00bb global_colors_info=\u00a0\u00bb{}\u00a0\u00bb][et_pb_column type=\u00a0\u00bb4_4&Prime; _builder_version=\u00a0\u00bb4.24.2&Prime; _module_preset=\u00a0\u00bbdefault\u00a0\u00bb global_colors_info=\u00a0\u00bb{}\u00a0\u00bb][et_pb_text _builder_version=\u00a0\u00bb4.27.4&Prime; _module_preset=\u00a0\u00bbdefault\u00a0\u00bb header_3_font=\u00a0\u00bbABeeZee||||||||\u00a0\u00bb header_3_text_color=\u00a0\u00bb#9377F4&Prime; header_3_font_size=\u00a0\u00bb25px\u00a0\u00bb header_3_font_size_tablet=\u00a0\u00bb25px\u00a0\u00bb header_3_font_size_phone=\u00a0\u00bb25px\u00a0\u00bb header_3_font_size_last_edited=\u00a0\u00bbon|phone\u00a0\u00bb global_colors_info=\u00a0\u00bb{}\u00a0\u00bb]<\/p>\n<h3 style=\"text-align: justify;\"><span class=\"ez-toc-section\" id=\"LAPA_Allocation_personnalisee_dautonomie_cest_quoi\"><\/span><b>L\u2019APA (Allocation personnalis\u00e9e d&rsquo;autonomie) , c\u2019est quoi ?<\/b><span class=\"ez-toc-section-end\"><\/span><\/h3>\n<p>[\/et_pb_text][\/et_pb_column][\/et_pb_row][et_pb_row _builder_version=\u00a0\u00bb4.24.2&Prime; _module_preset=\u00a0\u00bbdefault\u00a0\u00bb global_colors_info=\u00a0\u00bb{}\u00a0\u00bb][et_pb_column type=\u00a0\u00bb4_4&Prime; _builder_version=\u00a0\u00bb4.24.2&Prime; _module_preset=\u00a0\u00bbdefault\u00a0\u00bb global_colors_info=\u00a0\u00bb{}\u00a0\u00bb][et_pb_text _builder_version=\u00a0\u00bb4.27.4&Prime; _module_preset=\u00a0\u00bbdefault\u00a0\u00bb text_font=\u00a0\u00bbLato||||||||\u00a0\u00bb text_font_size=\u00a0\u00bb18px\u00a0\u00bb text_font_size_tablet=\u00a0\u00bb18px\u00a0\u00bb text_font_size_phone=\u00a0\u00bb18px\u00a0\u00bb text_font_size_last_edited=\u00a0\u00bbon|phone\u00a0\u00bb global_colors_info=\u00a0\u00bb{}\u00a0\u00bb]<\/p>\n<p style=\"text-align: justify;\"><span style=\"font-weight: 400;\">L&rsquo;<\/span><b>APA <\/b><span style=\"font-weight: 400;\">(Allocation Personnalis\u00e9e d\u2019Autonomie) concerne les personnes en <\/span><b>perte d&rsquo;autonomie. <\/b><span style=\"font-weight: 400;\">Cette aide sociale peut donc \u00eatre vers\u00e9e aux personnes ayant besoin de soutien dans les <\/span><b>gestes de la vie quotidienne<\/b><span style=\"font-weight: 400;\">.\u00a0<\/span><\/p>\n<p style=\"text-align: justify;\"><span style=\"font-weight: 400;\">C&rsquo;est le conseil g\u00e9n\u00e9ral du d\u00e9partement\u00a0 o\u00f9 est domicili\u00e9 le demandeur, qui s&rsquo;occupe d&rsquo;octroyer l&rsquo;aide. Elle a \u00e9t\u00e9 cr\u00e9\u00e9e afin de financer <\/span><b>les frais li\u00e9s \u00e0 la perte d\u2019autonomie. De m\u00eame, <\/b><span style=\"font-weight: 400;\">lorsque l&rsquo;\u00e9tat de sant\u00e9 n\u00e9cessite une surveillance particuli\u00e8re.<\/span><\/p>\n<p>[\/et_pb_text][\/et_pb_column][\/et_pb_row][et_pb_row _builder_version=\u00a0\u00bb4.24.2&Prime; _module_preset=\u00a0\u00bbdefault\u00a0\u00bb global_colors_info=\u00a0\u00bb{}\u00a0\u00bb][et_pb_column type=\u00a0\u00bb4_4&Prime; _builder_version=\u00a0\u00bb4.24.2&Prime; _module_preset=\u00a0\u00bbdefault\u00a0\u00bb global_colors_info=\u00a0\u00bb{}\u00a0\u00bb][et_pb_text _builder_version=\u00a0\u00bb4.27.4&Prime; _module_preset=\u00a0\u00bbdefault\u00a0\u00bb header_3_font=\u00a0\u00bbABeeZee||||||||\u00a0\u00bb header_3_text_color=\u00a0\u00bb#9377F4&Prime; header_3_font_size=\u00a0\u00bb25px\u00a0\u00bb header_3_font_size_tablet=\u00a0\u00bb25px\u00a0\u00bb header_3_font_size_phone=\u00a0\u00bb25px\u00a0\u00bb header_3_font_size_last_edited=\u00a0\u00bbon|phone\u00a0\u00bb global_colors_info=\u00a0\u00bb{}\u00a0\u00bb]<\/p>\n<h3><span class=\"ez-toc-section\" id=\"Que_finance_lAPA\"><\/span><b>Que finance l\u2019APA ?<\/b><span class=\"ez-toc-section-end\"><\/span><\/h3>\n<p>[\/et_pb_text][\/et_pb_column][\/et_pb_row][et_pb_row _builder_version=\u00a0\u00bb4.24.2&Prime; _module_preset=\u00a0\u00bbdefault\u00a0\u00bb global_colors_info=\u00a0\u00bb{}\u00a0\u00bb][et_pb_column type=\u00a0\u00bb4_4&Prime; _builder_version=\u00a0\u00bb4.24.2&Prime; _module_preset=\u00a0\u00bbdefault\u00a0\u00bb global_colors_info=\u00a0\u00bb{}\u00a0\u00bb][et_pb_text _builder_version=\u00a0\u00bb4.27.4&Prime; _module_preset=\u00a0\u00bbdefault\u00a0\u00bb text_font=\u00a0\u00bbLato||||||||\u00a0\u00bb text_font_size=\u00a0\u00bb18px\u00a0\u00bb global_colors_info=\u00a0\u00bb{}\u00a0\u00bb]<\/p>\n<p style=\"text-align: justify;\"><span style=\"font-weight: 400;\">L\u2019<\/span><b>APA<\/b><span style=\"font-weight: 400;\"> sert donc \u00e0 payer en totalit\u00e9 ou en partie, soit :<\/span><\/p>\n<ul style=\"text-align: justify;\">\n<li style=\"font-weight: 400;\" aria-level=\"1\"><span style=\"font-weight: 400;\">les d\u00e9penses n\u00e9cessaires pour le maintien \u00e0<\/span><b> domicile<\/b><span style=\"font-weight: 400;\"> (APA \u00e0 domicile = APAD)<\/span><\/li>\n<li style=\"font-weight: 400;\" aria-level=\"1\"><span style=\"font-weight: 400;\">le co\u00fbt de l&rsquo;h\u00e9bergement en <\/span><b>\u00e9tablissement m\u00e9dico-social<\/b><span style=\"font-weight: 400;\"> (APA en \u00e9tablissement = APAE).<\/span><\/li>\n<\/ul>\n<p style=\"text-align: justify;\"><span style=\"font-weight: 400;\">Dans cet article, nous aborderons sp\u00e9cifiquement l\u2019APA \u00e0 domicile. Cette derni\u00e8re permet de <\/span><b>financer les interventions humaines<\/b><span style=\"font-weight: 400;\">, comme <\/span><b>l\u2019aide \u00e0 la vie quotidienne <\/b><span style=\"font-weight: 400;\">(l&rsquo;aide \u00e0 la toilette, l&rsquo;entretien du domicile, les courses, la pr\u00e9paration ou le portage de repas&#8230;). Elle finance aussi le co\u00fbt des protections, de la p\u00e9dicurie, et \u00e9galement le co\u00fbt d&rsquo;un accueil de jour pour permettre un r\u00e9pit aux aidants.<\/span><\/p>\n<p>[\/et_pb_text][et_pb_button button_url=\u00a0\u00bbhttps:\/\/app.flavi.fr\/recherche-non-connecte\/\u00a0\u00bb button_text=\u00a0\u00bbJE TROUVE UNE AUXILIAIRE DE VIE\u00a0\u00bb button_alignment=\u00a0\u00bbcenter\u00a0\u00bb _builder_version=\u00a0\u00bb4.24.2&Prime; _module_preset=\u00a0\u00bbdefault\u00a0\u00bb custom_button=\u00a0\u00bbon\u00a0\u00bb button_text_color=\u00a0\u00bb#2E5C9F\u00a0\u00bb button_bg_color=\u00a0\u00bb#FFC600&Prime; button_border_width=\u00a0\u00bb0px\u00a0\u00bb button_font=\u00a0\u00bb|800|||||||\u00a0\u00bb global_colors_info=\u00a0\u00bb{}\u00a0\u00bb][\/et_pb_button][\/et_pb_column][\/et_pb_row][et_pb_row _builder_version=\u00a0\u00bb4.24.2&Prime; _module_preset=\u00a0\u00bbdefault\u00a0\u00bb global_colors_info=\u00a0\u00bb{}\u00a0\u00bb][et_pb_column type=\u00a0\u00bb4_4&Prime; _builder_version=\u00a0\u00bb4.24.2&Prime; _module_preset=\u00a0\u00bbdefault\u00a0\u00bb global_colors_info=\u00a0\u00bb{}\u00a0\u00bb][et_pb_text _builder_version=\u00a0\u00bb4.27.4&Prime; _module_preset=\u00a0\u00bbdefault\u00a0\u00bb header_3_font=\u00a0\u00bbABeeZee||||||||\u00a0\u00bb header_3_text_color=\u00a0\u00bb#9377F4&Prime; header_3_font_size=\u00a0\u00bb25px\u00a0\u00bb header_3_font_size_tablet=\u00a0\u00bb25px\u00a0\u00bb header_3_font_size_phone=\u00a0\u00bb25px\u00a0\u00bb header_3_font_size_last_edited=\u00a0\u00bbon|phone\u00a0\u00bb global_colors_info=\u00a0\u00bb{}\u00a0\u00bb]<\/p>\n<h3 style=\"text-align: justify;\"><span class=\"ez-toc-section\" id=\"Qui_peut_faire_une_demande_dAPA_Allocation_personnalisee_dautonomie\"><\/span><b>Qui peut faire une demande d&rsquo;APA <\/b><b>(Allocation personnalis\u00e9e d&rsquo;autonomie) <\/b><b>?\u00a0<\/b><span class=\"ez-toc-section-end\"><\/span><\/h3>\n<p>[\/et_pb_text][\/et_pb_column][\/et_pb_row][et_pb_row _builder_version=\u00a0\u00bb4.24.2&Prime; _module_preset=\u00a0\u00bbdefault\u00a0\u00bb global_colors_info=\u00a0\u00bb{}\u00a0\u00bb][et_pb_column type=\u00a0\u00bb4_4&Prime; _builder_version=\u00a0\u00bb4.24.2&Prime; _module_preset=\u00a0\u00bbdefault\u00a0\u00bb global_colors_info=\u00a0\u00bb{}\u00a0\u00bb][et_pb_text _builder_version=\u00a0\u00bb4.27.4&Prime; _module_preset=\u00a0\u00bbdefault\u00a0\u00bb text_font=\u00a0\u00bbLato||||||||\u00a0\u00bb text_font_size=\u00a0\u00bb18px\u00a0\u00bb global_colors_info=\u00a0\u00bb{}\u00a0\u00bb]<\/p>\n<p style=\"text-align: justify;\"><span style=\"font-weight: 400;\">Tout d&rsquo;abord, il faut remplir <\/span><b>3 conditions<\/b><span style=\"font-weight: 400;\"> pour en b\u00e9n\u00e9ficier.<\/span><\/p>\n<ol style=\"text-align: justify;\">\n<li style=\"font-weight: 400;\" aria-level=\"1\"><span style=\"font-weight: 400;\">Avoir <\/span><b>+ de 60 ans.<\/b><\/li>\n<li style=\"font-weight: 400;\" aria-level=\"1\"><span style=\"font-weight: 400;\">Disposer d\u2019un <\/span><b>domicile fixe, stable en France.<\/b><\/li>\n<li style=\"font-weight: 400;\" aria-level=\"1\"><span style=\"font-weight: 400;\">Se situer dans un <\/span><b>GIR compris entre 1 et 4.\u00a0<\/b><\/li>\n<\/ol>\n<p style=\"text-align: justify;\"><b>Le montant de l\u2019allocation<\/b><span style=\"font-weight: 400;\"> variera en <\/span><b>fonction des revenus<\/b><span style=\"font-weight: 400;\"> du <\/span><b>demandeur, de son degr\u00e9 d\u2019autonomie<\/b><span style=\"font-weight: 400;\"> et de son <\/span><b>d\u00e9partement<\/b><span style=\"font-weight: 400;\">.<\/span><\/p>\n<p style=\"text-align: justify;\"><span style=\"font-weight: 400;\">Cependant, m\u00eame si vous \u00eates \u00e9ligible \u00e0 l\u2019APA, il y aura presque toujours <\/span><b>un reste \u00e0 votre charge, sauf si vous gagnez mensuellement moins de 918.28 \u20ac. <\/b><span style=\"font-weight: 400;\">Cela s&rsquo;appelle <\/span><b>le ticket mod\u00e9rateur.<\/b><b><\/b><\/p>\n<p style=\"text-align: justify;\"><b><span><span style=\"font-weight: 400;\">Enfin, le montant de l&rsquo;aide est calcul\u00e9 de la mani\u00e8re suivante : APA = Montant du plan d\u2019aide \u2013 participation forfaitaire (ticket mod\u00e9rateur).<\/span><\/span><\/b><\/p>\n<p>[\/et_pb_text][\/et_pb_column][\/et_pb_row][et_pb_row _builder_version=\u00a0\u00bb4.24.2&Prime; _module_preset=\u00a0\u00bbdefault\u00a0\u00bb global_colors_info=\u00a0\u00bb{}\u00a0\u00bb][et_pb_column type=\u00a0\u00bb4_4&Prime; _builder_version=\u00a0\u00bb4.24.2&Prime; _module_preset=\u00a0\u00bbdefault\u00a0\u00bb global_colors_info=\u00a0\u00bb{}\u00a0\u00bb][et_pb_text _builder_version=\u00a0\u00bb4.27.4&Prime; _module_preset=\u00a0\u00bbdefault\u00a0\u00bb text_font=\u00a0\u00bbABeeZee||||||||\u00a0\u00bb text_text_color=\u00a0\u00bb#7c00dc\u00a0\u00bb text_font_size=\u00a0\u00bb25px\u00a0\u00bb header_3_font=\u00a0\u00bbABeeZee||||||||\u00a0\u00bb header_3_text_color=\u00a0\u00bb#9377F4&Prime; header_3_font_size=\u00a0\u00bb25px\u00a0\u00bb text_font_size_tablet=\u00a0\u00bb25px\u00a0\u00bb text_font_size_phone=\u00a0\u00bb25px\u00a0\u00bb text_font_size_last_edited=\u00a0\u00bbon|phone\u00a0\u00bb header_3_font_size_tablet=\u00a0\u00bb25px\u00a0\u00bb header_3_font_size_phone=\u00a0\u00bb25px\u00a0\u00bb header_3_font_size_last_edited=\u00a0\u00bbon|phone\u00a0\u00bb global_colors_info=\u00a0\u00bb{}\u00a0\u00bb]<\/p>\n<h3 style=\"text-align: justify;\"><span class=\"ez-toc-section\" id=\"LAPA_en_CESU_comment_ca_marche\"><\/span><b>L\u2019APA en CESU, comment \u00e7a marche ?<\/b><span class=\"ez-toc-section-end\"><\/span><\/h3>\n<p>[\/et_pb_text][\/et_pb_column][\/et_pb_row][et_pb_row _builder_version=\u00a0\u00bb4.24.2&Prime; _module_preset=\u00a0\u00bbdefault\u00a0\u00bb global_colors_info=\u00a0\u00bb{}\u00a0\u00bb][et_pb_column type=\u00a0\u00bb4_4&Prime; _builder_version=\u00a0\u00bb4.24.2&Prime; _module_preset=\u00a0\u00bbdefault\u00a0\u00bb global_colors_info=\u00a0\u00bb{}\u00a0\u00bb][et_pb_text _builder_version=\u00a0\u00bb4.27.4&Prime; _module_preset=\u00a0\u00bbdefault\u00a0\u00bb text_font=\u00a0\u00bbLato||||||||\u00a0\u00bb text_font_size=\u00a0\u00bb18px\u00a0\u00bb global_colors_info=\u00a0\u00bb{}\u00a0\u00bb]<\/p>\n<p style=\"text-align: justify;\"><span style=\"font-weight: 400;\">Vous pouvez remplir la demande d&rsquo;APA via ce <a href=\"https:\/\/www.pour-les-personnes-agees.gouv.fr\/api\/v1\/file\/7e87084a-e7a2-4eb6-a92e-4618b729b936\/Formulaire_demande_autonomie_cerfa_16301-01.pdf\">formulaire.<\/a><\/span><\/p>\n<p style=\"text-align: justify;\"><span style=\"font-weight: 400;\">Si vous b\u00e9n\u00e9ficiez d\u00e9j\u00e0 de l&rsquo;APA \u00e0 domicile et que vous souhaitez engager directement une aide \u00e0 domicile en CESU, c\u2019est tout \u00e0 fait possible! L\u2019APA est compatible avec le CESU.\u00a0<\/span><\/p>\n<p style=\"text-align: justify;\"><span style=\"font-weight: 400;\">Pour embaucher une aide \u00e0 domicile en CESU et b\u00e9n\u00e9ficier de l\u2019APA, alors il faut chercher le.la professionnel.le qui vous convient <\/span><a href=\"https:\/\/app.flavi.fr\/recherche\"><span style=\"font-weight: 400;\">ici<\/span><\/a><span style=\"font-weight: 400;\">, en pr\u00e9cisant votre ville.<\/span><\/p>\n<p>[\/et_pb_text][et_pb_button button_url=\u00a0\u00bbhttps:\/\/app.flavi.fr\/recherche-non-connecte\/\u00a0\u00bb button_text=\u00a0\u00bbJE TROUVE UNE AUXILIAIRE DE VIE\u00a0\u00bb button_alignment=\u00a0\u00bbcenter\u00a0\u00bb _builder_version=\u00a0\u00bb4.24.2&Prime; _module_preset=\u00a0\u00bbdefault\u00a0\u00bb custom_button=\u00a0\u00bbon\u00a0\u00bb button_text_color=\u00a0\u00bb#2E5C9F\u00a0\u00bb button_bg_color=\u00a0\u00bb#FFC600&Prime; button_border_width=\u00a0\u00bb0px\u00a0\u00bb button_font=\u00a0\u00bb|800|||||||\u00a0\u00bb global_colors_info=\u00a0\u00bb{}\u00a0\u00bb][\/et_pb_button][et_pb_text _builder_version=\u00a0\u00bb4.27.4&Prime; _module_preset=\u00a0\u00bbdefault\u00a0\u00bb text_font=\u00a0\u00bbLato||||||||\u00a0\u00bb text_font_size=\u00a0\u00bb18px\u00a0\u00bb global_colors_info=\u00a0\u00bb{}\u00a0\u00bb]<\/p>\n<p style=\"text-align: justify;\"><span style=\"font-weight: 400;\">Ensuite vous \u00e9ditez un <\/span><a href=\"https:\/\/www.cesu.urssaf.fr\/info\/files\/pdf\/6237-PE-Contrat-Cesu-CDI.pdf\"><span style=\"font-weight: 400;\">contrat de travail.<\/span><\/a><\/p>\n<p style=\"text-align: justify;\"><span style=\"font-weight: 400;\">Pour d\u00e9clarer l\u2019aide \u00e0 domicile, l&rsquo;URSSAF vous simplifie les choses gr\u00e2ce au <\/span><span style=\"font-size: 18px;\">CESU d\u00e9claratif :<\/span><\/p>\n<p style=\"text-align: justify;\"><span style=\"font-size: 18px;\">L\u2019aide \u00e0 domicile intervient au domicile de votre proche. De plus, vous la d\u00e9clarez en ligne <\/span><a href=\"https:\/\/www.cesu.urssaf.fr\/info\/accueil.html\" style=\"font-size: 18px;\">sur le site du CESU.<\/a><span style=\"font-size: 18px;\">\u00a0 Ce dispositif permet de <\/span><b style=\"font-size: 18px;\">d\u00e9clarer facilement votre salari\u00e9<\/b><span style=\"font-size: 18px;\"> et de <\/span><b style=\"font-size: 18px;\">d\u00e9l\u00e9guer l&rsquo;\u00e9tablissement des fiches de paie \u00e0 l&rsquo;URSSAF.<\/b><span style=\"font-size: 18px;\"> Le site les met ensuite \u00e0 disposition du salari\u00e9 sur son espace personnel.<\/span><\/p>\n<p style=\"text-align: justify;\"><span style=\"font-weight: 400;\">Pour payer l\u2019aide \u00e0 domicile, vous avez plusieurs possibilit\u00e9s :<\/span><span style=\"font-size: 18px;\"><\/span><span style=\"font-size: 18px;\"><\/span><\/p>\n<h4 style=\"text-align: justify;\"><span class=\"ez-toc-section\" id=\"1_Le_CESU_prefinance\"><\/span><strong>1. <a href=\"https:\/\/travail-emploi.gouv.fr\/droit-du-travail\/les-contrats-de-travail\/article\/le-cheque-emploi-service-universel-cesu-prefinance\">Le CESU pr\u00e9financ\u00e9<\/a><\/strong><span style=\"font-weight: 400;\"><strong> :<\/strong> <\/span><span class=\"ez-toc-section-end\"><\/span><\/h4>\n<p style=\"text-align: justify;\"><span style=\"font-weight: 400;\">Ces ch\u00e8ques pr\u00e9financ\u00e9s peuvent \u00eatre utilis\u00e9s pour r\u00e9mun\u00e9rer votre aide \u00e0 domicile. Ils sont souvent propos\u00e9s par les entreprises, les collectivit\u00e9s ou les organismes sociaux comme une aide financi\u00e8re compl\u00e9mentaire. Certains d\u00e9partements versent l&rsquo;APA de cette mani\u00e8re.<\/span><\/p>\n<h4 style=\"text-align: justify;\"><span class=\"ez-toc-section\" id=\"2_Par_virement_cheque_bancaire_especes\"><\/span><strong>2. Par virement, ch\u00e8que bancaire, esp\u00e8ces :<\/strong><span class=\"ez-toc-section-end\"><\/span><\/h4>\n<p style=\"text-align: justify;\">Vous pouvez r\u00e9gler le salaire de l&rsquo;intervenant en enregistrant son RIB. Vous pouvez proc\u00e9der \u00e0 un virement chaque mois apr\u00e8s d\u00e9claration des heures de travail. Enfin, vous pouvez lui faire un ch\u00e8que ou bien le payer en esp\u00e8ces dans la limite r\u00e9glementaire de 1500\u20ac.<span style=\"font-weight: 400;\"><\/span><\/p>\n<h4 style=\"text-align: justify;\"><span class=\"ez-toc-section\" id=\"3_Le_CESU_plus\"><\/span><strong>3. Le CESU plus :<\/strong><span class=\"ez-toc-section-end\"><\/span><\/h4>\n<p style=\"text-align: justify;\">L&rsquo;URSAFF met \u00e0 disposition ce mode de r\u00e8glement. Il permet une seule d\u00e9marche pour l&#8217;employeur : la d\u00e9claration ! En effet, l&rsquo;URSSAF pr\u00e9l\u00e8ve le salaire sur le compte de l&#8217;employeur et le reverse directement sur le compte bancaire du salari\u00e9.<\/p>\n<p style=\"text-align: justify;\"><span style=\"font-weight: 400;\">En choisissant l&rsquo;une de ces solutions, vous pouvez simplifier les d\u00e9marches li\u00e9es \u00e0 l&#8217;emploi direct d&rsquo;une aide \u00e0 domicile.\u00a0<\/span><\/p>\n<p>[\/et_pb_text][\/et_pb_column][\/et_pb_row][et_pb_row _builder_version=\u00a0\u00bb4.24.2&Prime; _module_preset=\u00a0\u00bbdefault\u00a0\u00bb global_colors_info=\u00a0\u00bb{}\u00a0\u00bb][et_pb_column type=\u00a0\u00bb4_4&Prime; _builder_version=\u00a0\u00bb4.24.2&Prime; _module_preset=\u00a0\u00bbdefault\u00a0\u00bb global_colors_info=\u00a0\u00bb{}\u00a0\u00bb][et_pb_text _builder_version=\u00a0\u00bb4.24.2&Prime; _module_preset=\u00a0\u00bbdefault\u00a0\u00bb header_2_font=\u00a0\u00bbABeeZee||||||||\u00a0\u00bb header_2_text_color=\u00a0\u00bb#5800a6&Prime; header_2_font_size=\u00a0\u00bb35px\u00a0\u00bb header_2_font_size_tablet=\u00a0\u00bb35px\u00a0\u00bb header_2_font_size_phone=\u00a0\u00bb30px\u00a0\u00bb header_2_font_size_last_edited=\u00a0\u00bbon|phone\u00a0\u00bb global_colors_info=\u00a0\u00bb{}\u00a0\u00bb]<\/p>\n<h2><span class=\"ez-toc-section\" id=\"Quel_sera_le_montant_de_lAPA\"><\/span><b>Quel sera le montant de l\u2019APA ?<\/b><span class=\"ez-toc-section-end\"><\/span><\/h2>\n<p>[\/et_pb_text][\/et_pb_column][\/et_pb_row][et_pb_row _builder_version=\u00a0\u00bb4.24.2&Prime; _module_preset=\u00a0\u00bbdefault\u00a0\u00bb global_colors_info=\u00a0\u00bb{}\u00a0\u00bb][et_pb_column type=\u00a0\u00bb4_4&Prime; _builder_version=\u00a0\u00bb4.24.2&Prime; _module_preset=\u00a0\u00bbdefault\u00a0\u00bb global_colors_info=\u00a0\u00bb{}\u00a0\u00bb][et_pb_text _builder_version=\u00a0\u00bb4.27.4&Prime; _module_preset=\u00a0\u00bbdefault\u00a0\u00bb header_3_font=\u00a0\u00bbABeeZee||||||||\u00a0\u00bb header_3_text_color=\u00a0\u00bb#9377F4&Prime; header_3_font_size=\u00a0\u00bb25px\u00a0\u00bb header_3_font_size_tablet=\u00a0\u00bb25px\u00a0\u00bb header_3_font_size_phone=\u00a0\u00bb25px\u00a0\u00bb header_3_font_size_last_edited=\u00a0\u00bbon|phone\u00a0\u00bb global_colors_info=\u00a0\u00bb{}\u00a0\u00bb]<\/p>\n<h3><span class=\"ez-toc-section\" id=\"Sur_quelles_bases_lAPA_est-elle_calculee\"><\/span><b>Sur quelles bases l\u2019APA est-elle calcul\u00e9e ?<\/b><span class=\"ez-toc-section-end\"><\/span><\/h3>\n<p>[\/et_pb_text][\/et_pb_column][\/et_pb_row][et_pb_row _builder_version=\u00a0\u00bb4.24.2&Prime; _module_preset=\u00a0\u00bbdefault\u00a0\u00bb global_colors_info=\u00a0\u00bb{}\u00a0\u00bb][et_pb_column type=\u00a0\u00bb4_4&Prime; _builder_version=\u00a0\u00bb4.24.2&Prime; _module_preset=\u00a0\u00bbdefault\u00a0\u00bb global_colors_info=\u00a0\u00bb{}\u00a0\u00bb][et_pb_text _builder_version=\u00a0\u00bb4.27.4&Prime; _module_preset=\u00a0\u00bbdefault\u00a0\u00bb text_font=\u00a0\u00bbLato||||||||\u00a0\u00bb text_font_size=\u00a0\u00bb18px\u00a0\u00bb global_colors_info=\u00a0\u00bb{}\u00a0\u00bb]<\/p>\n<p style=\"text-align: justify;\"><span style=\"font-weight: 400;\">L\u2019APA est calcul\u00e9e en fonction du <\/span><b>GIR<\/b> <i><span style=\"font-weight: 400;\">(Groupe Iso Ressources)<\/span><\/i><span style=\"font-weight: 400;\"> de <\/span><b>la personne en perte d\u2019autonomie. <\/b><span style=\"font-weight: 400;\">En effet, cela est calcul\u00e9 en fonction de <\/span><b>ses besoins<\/b><span style=\"font-weight: 400;\">, mais \u00e9galement <\/span><b>en fonction de ses revenus.<\/b><\/p>\n<p>[\/et_pb_text][\/et_pb_column][\/et_pb_row][et_pb_row _builder_version=\u00a0\u00bb4.24.2&Prime; _module_preset=\u00a0\u00bbdefault\u00a0\u00bb global_colors_info=\u00a0\u00bb{}\u00a0\u00bb][et_pb_column type=\u00a0\u00bb4_4&Prime; _builder_version=\u00a0\u00bb4.24.2&Prime; _module_preset=\u00a0\u00bbdefault\u00a0\u00bb global_colors_info=\u00a0\u00bb{}\u00a0\u00bb][et_pb_text _builder_version=\u00a0\u00bb4.27.4&Prime; _module_preset=\u00a0\u00bbdefault\u00a0\u00bb header_3_font=\u00a0\u00bbABeeZee||||||||\u00a0\u00bb header_3_text_color=\u00a0\u00bb#9377F4&Prime; header_3_font_size=\u00a0\u00bb25px\u00a0\u00bb header_3_font_size_tablet=\u00a0\u00bb25px\u00a0\u00bb header_3_font_size_phone=\u00a0\u00bb25px\u00a0\u00bb header_3_font_size_last_edited=\u00a0\u00bbon|phone\u00a0\u00bb global_colors_info=\u00a0\u00bb{}\u00a0\u00bb]<\/p>\n<h3><span class=\"ez-toc-section\" id=\"Comment_est_determine_le_montant_alloue\"><\/span><b>Comment est d\u00e9termin\u00e9 le montant allou\u00e9 ?<\/b><span class=\"ez-toc-section-end\"><\/span><\/h3>\n<p>[\/et_pb_text][\/et_pb_column][\/et_pb_row][et_pb_row _builder_version=\u00a0\u00bb4.24.2&Prime; _module_preset=\u00a0\u00bbdefault\u00a0\u00bb global_colors_info=\u00a0\u00bb{}\u00a0\u00bb][et_pb_column type=\u00a0\u00bb4_4&Prime; _builder_version=\u00a0\u00bb4.24.2&Prime; _module_preset=\u00a0\u00bbdefault\u00a0\u00bb global_colors_info=\u00a0\u00bb{}\u00a0\u00bb][et_pb_text _builder_version=\u00a0\u00bb4.27.4&Prime; _module_preset=\u00a0\u00bbdefault\u00a0\u00bb text_font=\u00a0\u00bbLato||||||||\u00a0\u00bb text_font_size=\u00a0\u00bb18px\u00a0\u00bb global_colors_info=\u00a0\u00bb{}\u00a0\u00bb]<\/p>\n<p><span style=\"font-weight: 400;\">L&rsquo;APA \u00e0 domicile ne peut pas d\u00e9passer un <\/span><b>montant mensuel maximum,<\/b><span style=\"font-weight: 400;\"> qui d\u00e9pend de votre GIR (chiffres de juin 2025) :<\/span><\/p>\n<p>[\/et_pb_text][\/et_pb_column][\/et_pb_row][et_pb_row _builder_version=\u00a0\u00bb4.24.2&Prime; _module_preset=\u00a0\u00bbdefault\u00a0\u00bb global_colors_info=\u00a0\u00bb{}\u00a0\u00bb][et_pb_column type=\u00a0\u00bb4_4&Prime; _builder_version=\u00a0\u00bb4.24.2&Prime; _module_preset=\u00a0\u00bbdefault\u00a0\u00bb global_colors_info=\u00a0\u00bb{}\u00a0\u00bb][et_pb_image src=\u00a0\u00bbhttps:\/\/flavi.fr\/wp-content\/uploads\/2025\/06\/Copie-de-Les-differents-stades-de-la-maladie-dAlzheimer-1.webp\u00a0\u00bb alt=\u00a0\u00bbTableau des niveaux de GIR (de 1 \u00e0 4) pour conna\u00eetre le montant maximum mensuel de l&rsquo;APA; Sur un fond violet.\u00a0\u00bb title_text=\u00a0\u00bbMontant maximum mensuel de l&rsquo;APA\u00a0\u00bb _builder_version=\u00a0\u00bb4.27.4&Prime; _module_preset=\u00a0\u00bbdefault\u00a0\u00bb hover_enabled=\u00a0\u00bb0&Prime; global_colors_info=\u00a0\u00bb{}\u00a0\u00bb width=\u00a0\u00bb38%\u00a0\u00bb sticky_enabled=\u00a0\u00bb0&Prime;][\/et_pb_image][\/et_pb_column][\/et_pb_row][et_pb_row _builder_version=\u00a0\u00bb4.24.2&Prime; _module_preset=\u00a0\u00bbdefault\u00a0\u00bb global_colors_info=\u00a0\u00bb{}\u00a0\u00bb][et_pb_column type=\u00a0\u00bb4_4&Prime; _builder_version=\u00a0\u00bb4.24.2&Prime; _module_preset=\u00a0\u00bbdefault\u00a0\u00bb global_colors_info=\u00a0\u00bb{}\u00a0\u00bb][et_pb_text _builder_version=\u00a0\u00bb4.27.4&Prime; _module_preset=\u00a0\u00bbdefault\u00a0\u00bb text_font=\u00a0\u00bbLato||||||||\u00a0\u00bb text_font_size=\u00a0\u00bb18px\u00a0\u00bb global_colors_info=\u00a0\u00bb{}\u00a0\u00bb]<\/p>\n<p><span style=\"font-weight: 400;\">Tout d&rsquo;abord pour le GIR 1 : Le montant maximal est de 2045.56 euros<\/span><\/p>\n<p><span style=\"font-weight: 400;\">Pour le GIR 2 : Le montant maximal est de 1654.18 euros<\/span><\/p>\n<p><span style=\"font-weight: 400;\">Pour le GIR 3 : Le montant maximal est de 1195.67 euros<\/span><\/p>\n<p><span style=\"font-weight: 400;\">Enfin pour le GIR 4 : Le montant maximal est de 797.96 euros<\/span><\/p>\n<p>[\/et_pb_text][\/et_pb_column][\/et_pb_row][et_pb_row _builder_version=\u00a0\u00bb4.24.2&Prime; _module_preset=\u00a0\u00bbdefault\u00a0\u00bb global_colors_info=\u00a0\u00bb{}\u00a0\u00bb][et_pb_column type=\u00a0\u00bb4_4&Prime; _builder_version=\u00a0\u00bb4.24.2&Prime; _module_preset=\u00a0\u00bbdefault\u00a0\u00bb global_colors_info=\u00a0\u00bb{}\u00a0\u00bb][et_pb_text _builder_version=\u00a0\u00bb4.27.4&Prime; _module_preset=\u00a0\u00bbdefault\u00a0\u00bb header_3_font=\u00a0\u00bbABeeZee||||||||\u00a0\u00bb header_3_text_color=\u00a0\u00bb#9377F4&Prime; header_3_font_size=\u00a0\u00bb25px\u00a0\u00bb global_colors_info=\u00a0\u00bb{}\u00a0\u00bb]<\/p>\n<h3><span class=\"ez-toc-section\" id=\"Les_5_etapes_pour_beneficier_de_lAPA\"><\/span><b>Les 5 \u00e9tapes pour b\u00e9n\u00e9ficier de l&rsquo;APA :<\/b><span class=\"ez-toc-section-end\"><\/span><\/h3>\n<p>[\/et_pb_text][\/et_pb_column][\/et_pb_row][et_pb_row _builder_version=\u00a0\u00bb4.24.2&Prime; _module_preset=\u00a0\u00bbdefault\u00a0\u00bb global_colors_info=\u00a0\u00bb{}\u00a0\u00bb][et_pb_column type=\u00a0\u00bb4_4&Prime; _builder_version=\u00a0\u00bb4.24.2&Prime; _module_preset=\u00a0\u00bbdefault\u00a0\u00bb global_colors_info=\u00a0\u00bb{}\u00a0\u00bb][et_pb_text _builder_version=\u00a0\u00bb4.27.4&Prime; _module_preset=\u00a0\u00bbdefault\u00a0\u00bb text_font=\u00a0\u00bbLato||||||||\u00a0\u00bb text_font_size=\u00a0\u00bb18px\u00a0\u00bb global_colors_info=\u00a0\u00bb{}\u00a0\u00bb]<\/p>\n<p><b>Les \u00e9tapes pour b\u00e9n\u00e9ficier de l&rsquo;APA<\/b><\/p>\n<ol>\n<li><span style=\"font-weight: 400;\">Demande d&rsquo;APA via <\/span><a href=\"https:\/\/www.pour-les-personnes-agees.gouv.fr\/api\/v1\/file\/7e87084a-e7a2-4eb6-a92e-4618b729b936\/Formulaire_demande_autonomie_cerfa_16301-01.pdf\"><span style=\"font-weight: 400;\">ce formulaire<\/span><\/a><span style=\"font-weight: 400;\"><\/span><\/li>\n<li><span style=\"font-weight: 400;\">\u00c9valuation de la situation via les travailleurs sociaux du d\u00e9partement<\/span><\/li>\n<li><span style=\"font-weight: 400;\">D\u00e9termination du GIR en commission pluridisciplinaire<\/span><\/li>\n<li><span style=\"font-weight: 400;\">\u00c9tablissement du plan d&rsquo;aide par le d\u00e9partement<\/span><\/li>\n<li><span style=\"font-weight: 400;\">Choix de l&rsquo;accompagnement par le b\u00e9n\u00e9ficiaire de l&rsquo;APA<\/span><\/li>\n<\/ol>\n<ul><\/ul>\n<p style=\"text-align: justify;\"><span style=\"font-weight: 400;\">Il existe <\/span><b>6 niveaux de d\u00e9pendance<\/b><span style=\"font-weight: 400;\">. Afin de <\/span><b>b\u00e9n\u00e9ficier de l\u2019APA,<\/b><span style=\"font-weight: 400;\"> il faut que votre <\/span><b>GIR<\/b><span style=\"font-weight: 400;\"> soit compris e<\/span><b>ntre 1 et 4,<\/b><span style=\"font-weight: 400;\"> le GIR 1 \u00e9tant le niveau de d\u00e9pendance le plus important.<\/span><\/p>\n<p style=\"text-align: justify;\"><span style=\"font-weight: 400;\">Plus votre GIR se rapprochera du <\/span><b>GIR 1,<\/b><span style=\"font-weight: 400;\"> plus le nombre d&rsquo;heures allou\u00e9es sera \u00e9lev\u00e9 et le financement aussi. Afin de d\u00e9terminer cet indice,<\/span><b> il existe de nombreux tests gratuits sur internet.<\/b><\/p>\n<p style=\"text-align: justify;\"><span style=\"font-weight: 400;\">Si la <\/span><b>d\u00e9pendance augmente ou que la situation familiale et\/ou financi\u00e8re change,<\/b><span style=\"font-weight: 400;\"> la personne \u00e2g\u00e9e peut \u00e0 tout moment<\/span><b> demander une r\u00e9vision de son plan d\u2019aide<\/b><span style=\"font-weight: 400;\">. Pour cela , elle devra adresser un courrier au <\/span><b>d\u00e9partement<\/b><span style=\"font-weight: 400;\"> pour une <\/span><b>demande de r\u00e9\u00e9valuation.\u00a0<\/b><\/p>\n<p style=\"text-align: justify;\"><span style=\"font-weight: 400;\">Enfin, si les ressources sont tr\u00e8s modestes, d&rsquo;autres aides comme <\/span><b>l\u2019aide sociale \u00e0 l\u2019h\u00e9bergement peuvent \u00e9galement \u00eatre d\u00e9ploy\u00e9es.<\/b><\/p>\n<p>[\/et_pb_text][\/et_pb_column][\/et_pb_row][et_pb_row _builder_version=\u00a0\u00bb4.24.2&Prime; _module_preset=\u00a0\u00bbdefault\u00a0\u00bb global_colors_info=\u00a0\u00bb{}\u00a0\u00bb][et_pb_column type=\u00a0\u00bb4_4&Prime; _builder_version=\u00a0\u00bb4.24.2&Prime; _module_preset=\u00a0\u00bbdefault\u00a0\u00bb global_colors_info=\u00a0\u00bb{}\u00a0\u00bb][et_pb_text _builder_version=\u00a0\u00bb4.27.4&Prime; _module_preset=\u00a0\u00bbdefault\u00a0\u00bb text_font=\u00a0\u00bbLato||||||||\u00a0\u00bb text_font_size=\u00a0\u00bb18px\u00a0\u00bb hover_enabled=\u00a0\u00bb0&Prime; global_colors_info=\u00a0\u00bb{}\u00a0\u00bb sticky_enabled=\u00a0\u00bb0&Prime;]<\/p>\n<p>Vous pouvez retrouver ici l&rsquo;article sur les GIR : <a href=\"https:\/\/flavi.fr\/index.php\/2024\/04\/24\/comment-definir-son-girgroupe-iso-ressources-pour-le-calcul-de-lapa\/\">Comment d\u00e9finir son GIR (Groupe Iso-ressources) ? &#8211; Flavi<\/a><\/p>\n<p>[\/et_pb_text][\/et_pb_column][\/et_pb_row][\/et_pb_section]<\/p>\n","protected":false},"excerpt":{"rendered":"<p>Votre proche en perte d\u2019autonomie a besoin d\u2019assistance \u00e0 domicile ? L\u2019APA\u00a0 (Allocation Personnalis\u00e9e d\u2019Autonomie) peut vous \u00eatre utile. Vous \u00eates (ou allez devenir) particulier employeur et vous vous sentez un peu perdu avec le CESU, les d\u00e9marches, ou les obligations l\u00e9gales ?On a pr\u00e9par\u00e9 un guide complet, simple et gratuit, pour vous aider \u00e0 [&hellip;]<\/p>\n","protected":false},"author":1,"featured_media":6723,"comment_status":"open","ping_status":"open","sticky":false,"template":"","format":"aside","meta":{"_et_pb_use_builder":"on","_et_pb_old_content":"","_et_gb_content_width":"","_lmt_disableupdate":"","_lmt_disable":"","_monsterinsights_skip_tracking":false,"_monsterinsights_sitenote_active":false,"_monsterinsights_sitenote_note":"","_monsterinsights_sitenote_category":0,"footnotes":""},"categories":[1],"tags":[],"ppma_author":[41],"class_list":["post-6699","post","type-post","status-publish","format-aside","has-post-thumbnail","hentry","category-articles-pour-particuliers","post_format-post-format-aside"],"yoast_head":"<!-- This site is optimized with the Yoast SEO plugin v27.5 - https:\/\/yoast.com\/product\/yoast-seo-wordpress\/ -->\n<title>Qu&#039;est ce que l&#039;APA (Allocation personnalis\u00e9e d&#039;autonomie) ? - Flavi<\/title>\n<meta name=\"description\" content=\"u\u2019est-ce que l\u2019APA (Allocation personnalis\u00e9e d&#039;autonomie ? Qui peut b\u00e9n\u00e9ficier de l&#039;APA ? Quelles sont les conditions pour l&#039;APA ?\" \/>\n<meta name=\"robots\" content=\"index, follow, max-snippet:-1, max-image-preview:large, max-video-preview:-1\" \/>\n<link rel=\"canonical\" href=\"https:\/\/flavi.fr\/index.php\/2024\/03\/26\/quest-ce-que-lapa-qui-signifie-allocation-personnalisee-dautonomie\/\" \/>\n<meta property=\"og:locale\" content=\"fr_FR\" \/>\n<meta property=\"og:type\" content=\"article\" \/>\n<meta property=\"og:title\" content=\"Qu&#039;est ce que l&#039;APA (Allocation personnalis\u00e9e d&#039;autonomie) ? - Flavi\" \/>\n<meta property=\"og:description\" content=\"u\u2019est-ce que l\u2019APA (Allocation personnalis\u00e9e d&#039;autonomie ? Qui peut b\u00e9n\u00e9ficier de l&#039;APA ? Quelles sont les conditions pour l&#039;APA ?\" \/>\n<meta property=\"og:url\" content=\"https:\/\/flavi.fr\/index.php\/2024\/03\/26\/quest-ce-que-lapa-qui-signifie-allocation-personnalisee-dautonomie\/\" \/>\n<meta property=\"og:site_name\" content=\"Flavi\" \/>\n<meta property=\"article:published_time\" content=\"2024-03-26T10:30:00+00:00\" \/>\n<meta property=\"article:modified_time\" content=\"2025-12-26T09:00:18+00:00\" \/>\n<meta property=\"og:image\" content=\"https:\/\/flavi.fr\/wp-content\/uploads\/2024\/03\/aieux-_1_.webp\" \/>\n\t<meta property=\"og:image:width\" content=\"652\" \/>\n\t<meta property=\"og:image:height\" content=\"438\" \/>\n\t<meta property=\"og:image:type\" content=\"image\/webp\" \/>\n<meta name=\"author\" content=\"Flavie, experte CESU\" \/>\n<meta name=\"twitter:card\" content=\"summary_large_image\" \/>\n<meta name=\"twitter:label1\" content=\"\u00c9crit par\" \/>\n\t<meta name=\"twitter:data1\" content=\"Flavie, experte CESU\" \/>\n\t<meta name=\"twitter:label2\" content=\"Dur\u00e9e de lecture estim\u00e9e\" \/>\n\t<meta name=\"twitter:data2\" content=\"6 minutes\" \/>\n<script type=\"application\/ld+json\" class=\"yoast-schema-graph\">{\"@context\":\"https:\\\/\\\/schema.org\",\"@graph\":[{\"@type\":\"Article\",\"@id\":\"https:\\\/\\\/flavi.fr\\\/index.php\\\/2024\\\/03\\\/26\\\/quest-ce-que-lapa-qui-signifie-allocation-personnalisee-dautonomie\\\/#article\",\"isPartOf\":{\"@id\":\"https:\\\/\\\/flavi.fr\\\/index.php\\\/2024\\\/03\\\/26\\\/quest-ce-que-lapa-qui-signifie-allocation-personnalisee-dautonomie\\\/\"},\"author\":{\"name\":\"Eva Muringer, Fondatrice de Flavi et enseignante\",\"@id\":\"https:\\\/\\\/flavi.fr\\\/#\\\/schema\\\/person\\\/e540732270cd8b3a026a503df4f1ea3d\"},\"headline\":\"Qu&rsquo;est ce que l&rsquo;APA (Allocation personnalis\u00e9e d&rsquo;autonomie) ?\",\"datePublished\":\"2024-03-26T10:30:00+00:00\",\"dateModified\":\"2025-12-26T09:00:18+00:00\",\"mainEntityOfPage\":{\"@id\":\"https:\\\/\\\/flavi.fr\\\/index.php\\\/2024\\\/03\\\/26\\\/quest-ce-que-lapa-qui-signifie-allocation-personnalisee-dautonomie\\\/\"},\"wordCount\":2590,\"commentCount\":2,\"image\":{\"@id\":\"https:\\\/\\\/flavi.fr\\\/index.php\\\/2024\\\/03\\\/26\\\/quest-ce-que-lapa-qui-signifie-allocation-personnalisee-dautonomie\\\/#primaryimage\"},\"thumbnailUrl\":\"https:\\\/\\\/flavi.fr\\\/wp-content\\\/uploads\\\/2024\\\/03\\\/aieux-_1_.webp\",\"articleSection\":[\"Articles pour particuliers\"],\"inLanguage\":\"fr-FR\",\"potentialAction\":[{\"@type\":\"CommentAction\",\"name\":\"Comment\",\"target\":[\"https:\\\/\\\/flavi.fr\\\/index.php\\\/2024\\\/03\\\/26\\\/quest-ce-que-lapa-qui-signifie-allocation-personnalisee-dautonomie\\\/#respond\"]}]},{\"@type\":\"WebPage\",\"@id\":\"https:\\\/\\\/flavi.fr\\\/index.php\\\/2024\\\/03\\\/26\\\/quest-ce-que-lapa-qui-signifie-allocation-personnalisee-dautonomie\\\/\",\"url\":\"https:\\\/\\\/flavi.fr\\\/index.php\\\/2024\\\/03\\\/26\\\/quest-ce-que-lapa-qui-signifie-allocation-personnalisee-dautonomie\\\/\",\"name\":\"Qu'est ce que l'APA (Allocation personnalis\u00e9e d'autonomie) ? - Flavi\",\"isPartOf\":{\"@id\":\"https:\\\/\\\/flavi.fr\\\/#website\"},\"primaryImageOfPage\":{\"@id\":\"https:\\\/\\\/flavi.fr\\\/index.php\\\/2024\\\/03\\\/26\\\/quest-ce-que-lapa-qui-signifie-allocation-personnalisee-dautonomie\\\/#primaryimage\"},\"image\":{\"@id\":\"https:\\\/\\\/flavi.fr\\\/index.php\\\/2024\\\/03\\\/26\\\/quest-ce-que-lapa-qui-signifie-allocation-personnalisee-dautonomie\\\/#primaryimage\"},\"thumbnailUrl\":\"https:\\\/\\\/flavi.fr\\\/wp-content\\\/uploads\\\/2024\\\/03\\\/aieux-_1_.webp\",\"datePublished\":\"2024-03-26T10:30:00+00:00\",\"dateModified\":\"2025-12-26T09:00:18+00:00\",\"author\":{\"@id\":\"https:\\\/\\\/flavi.fr\\\/#\\\/schema\\\/person\\\/e540732270cd8b3a026a503df4f1ea3d\"},\"description\":\"u\u2019est-ce que l\u2019APA (Allocation personnalis\u00e9e d'autonomie ? Qui peut b\u00e9n\u00e9ficier de l'APA ? Quelles sont les conditions pour l'APA ?\",\"breadcrumb\":{\"@id\":\"https:\\\/\\\/flavi.fr\\\/index.php\\\/2024\\\/03\\\/26\\\/quest-ce-que-lapa-qui-signifie-allocation-personnalisee-dautonomie\\\/#breadcrumb\"},\"inLanguage\":\"fr-FR\",\"potentialAction\":[{\"@type\":\"ReadAction\",\"target\":[\"https:\\\/\\\/flavi.fr\\\/index.php\\\/2024\\\/03\\\/26\\\/quest-ce-que-lapa-qui-signifie-allocation-personnalisee-dautonomie\\\/\"]}]},{\"@type\":\"ImageObject\",\"inLanguage\":\"fr-FR\",\"@id\":\"https:\\\/\\\/flavi.fr\\\/index.php\\\/2024\\\/03\\\/26\\\/quest-ce-que-lapa-qui-signifie-allocation-personnalisee-dautonomie\\\/#primaryimage\",\"url\":\"https:\\\/\\\/flavi.fr\\\/wp-content\\\/uploads\\\/2024\\\/03\\\/aieux-_1_.webp\",\"contentUrl\":\"https:\\\/\\\/flavi.fr\\\/wp-content\\\/uploads\\\/2024\\\/03\\\/aieux-_1_.webp\",\"width\":652,\"height\":438,\"caption\":\"Une personne \u00e2g\u00e9e b\u00e9n\u00e9ficie de l'APA (Allocation personnalis\u00e9e d'autonomie).\"},{\"@type\":\"BreadcrumbList\",\"@id\":\"https:\\\/\\\/flavi.fr\\\/index.php\\\/2024\\\/03\\\/26\\\/quest-ce-que-lapa-qui-signifie-allocation-personnalisee-dautonomie\\\/#breadcrumb\",\"itemListElement\":[{\"@type\":\"ListItem\",\"position\":1,\"name\":\"Accueil\",\"item\":\"https:\\\/\\\/flavi.fr\\\/\"},{\"@type\":\"ListItem\",\"position\":2,\"name\":\"Qu&rsquo;est ce que l&rsquo;APA (Allocation personnalis\u00e9e d&rsquo;autonomie) ?\"}]},{\"@type\":\"WebSite\",\"@id\":\"https:\\\/\\\/flavi.fr\\\/#website\",\"url\":\"https:\\\/\\\/flavi.fr\\\/\",\"name\":\"Flavi\",\"description\":\"auxiliaires de vie ind\u00e9pendantes\",\"potentialAction\":[{\"@type\":\"SearchAction\",\"target\":{\"@type\":\"EntryPoint\",\"urlTemplate\":\"https:\\\/\\\/flavi.fr\\\/?s={search_term_string}\"},\"query-input\":{\"@type\":\"PropertyValueSpecification\",\"valueRequired\":true,\"valueName\":\"search_term_string\"}}],\"inLanguage\":\"fr-FR\"},{\"@type\":\"Person\",\"@id\":\"https:\\\/\\\/flavi.fr\\\/#\\\/schema\\\/person\\\/e540732270cd8b3a026a503df4f1ea3d\",\"name\":\"Eva Muringer, Fondatrice de Flavi et enseignante\",\"image\":{\"@type\":\"ImageObject\",\"inLanguage\":\"fr-FR\",\"@id\":\"https:\\\/\\\/secure.gravatar.com\\\/avatar\\\/c30b4e242c14546872cc63671192d7e6cac888c35741f84be86494a741cfb896?s=96&d=mm&r=g1e593406708024e749a1e9e33b45acc9\",\"url\":\"https:\\\/\\\/secure.gravatar.com\\\/avatar\\\/c30b4e242c14546872cc63671192d7e6cac888c35741f84be86494a741cfb896?s=96&d=mm&r=g\",\"contentUrl\":\"https:\\\/\\\/secure.gravatar.com\\\/avatar\\\/c30b4e242c14546872cc63671192d7e6cac888c35741f84be86494a741cfb896?s=96&d=mm&r=g\",\"caption\":\"Eva Muringer, Fondatrice de Flavi et enseignante\"},\"sameAs\":[\"https:\\\/\\\/www.flavi.fr\"],\"url\":\"https:\\\/\\\/flavi.fr\\\/index.php\\\/author\\\/admin7211\\\/\"}]}<\/script>\n<!-- \/ Yoast SEO plugin. -->","yoast_head_json":{"title":"Qu'est ce que l'APA (Allocation personnalis\u00e9e d'autonomie) ? - Flavi","description":"u\u2019est-ce que l\u2019APA (Allocation personnalis\u00e9e d'autonomie ? Qui peut b\u00e9n\u00e9ficier de l'APA ? Quelles sont les conditions pour l'APA ?","robots":{"index":"index","follow":"follow","max-snippet":"max-snippet:-1","max-image-preview":"max-image-preview:large","max-video-preview":"max-video-preview:-1"},"canonical":"https:\/\/flavi.fr\/index.php\/2024\/03\/26\/quest-ce-que-lapa-qui-signifie-allocation-personnalisee-dautonomie\/","og_locale":"fr_FR","og_type":"article","og_title":"Qu'est ce que l'APA (Allocation personnalis\u00e9e d'autonomie) ? - Flavi","og_description":"u\u2019est-ce que l\u2019APA (Allocation personnalis\u00e9e d'autonomie ? Qui peut b\u00e9n\u00e9ficier de l'APA ? Quelles sont les conditions pour l'APA ?","og_url":"https:\/\/flavi.fr\/index.php\/2024\/03\/26\/quest-ce-que-lapa-qui-signifie-allocation-personnalisee-dautonomie\/","og_site_name":"Flavi","article_published_time":"2024-03-26T10:30:00+00:00","article_modified_time":"2025-12-26T09:00:18+00:00","og_image":[{"width":652,"height":438,"url":"https:\/\/flavi.fr\/wp-content\/uploads\/2024\/03\/aieux-_1_.webp","type":"image\/webp"}],"author":"Flavie, experte CESU","twitter_card":"summary_large_image","twitter_misc":{"\u00c9crit par":"Flavie, experte CESU","Dur\u00e9e de lecture estim\u00e9e":"6 minutes"},"schema":{"@context":"https:\/\/schema.org","@graph":[{"@type":"Article","@id":"https:\/\/flavi.fr\/index.php\/2024\/03\/26\/quest-ce-que-lapa-qui-signifie-allocation-personnalisee-dautonomie\/#article","isPartOf":{"@id":"https:\/\/flavi.fr\/index.php\/2024\/03\/26\/quest-ce-que-lapa-qui-signifie-allocation-personnalisee-dautonomie\/"},"author":{"name":"Eva Muringer, Fondatrice de Flavi et enseignante","@id":"https:\/\/flavi.fr\/#\/schema\/person\/e540732270cd8b3a026a503df4f1ea3d"},"headline":"Qu&rsquo;est ce que l&rsquo;APA (Allocation personnalis\u00e9e d&rsquo;autonomie) ?","datePublished":"2024-03-26T10:30:00+00:00","dateModified":"2025-12-26T09:00:18+00:00","mainEntityOfPage":{"@id":"https:\/\/flavi.fr\/index.php\/2024\/03\/26\/quest-ce-que-lapa-qui-signifie-allocation-personnalisee-dautonomie\/"},"wordCount":2590,"commentCount":2,"image":{"@id":"https:\/\/flavi.fr\/index.php\/2024\/03\/26\/quest-ce-que-lapa-qui-signifie-allocation-personnalisee-dautonomie\/#primaryimage"},"thumbnailUrl":"https:\/\/flavi.fr\/wp-content\/uploads\/2024\/03\/aieux-_1_.webp","articleSection":["Articles pour particuliers"],"inLanguage":"fr-FR","potentialAction":[{"@type":"CommentAction","name":"Comment","target":["https:\/\/flavi.fr\/index.php\/2024\/03\/26\/quest-ce-que-lapa-qui-signifie-allocation-personnalisee-dautonomie\/#respond"]}]},{"@type":"WebPage","@id":"https:\/\/flavi.fr\/index.php\/2024\/03\/26\/quest-ce-que-lapa-qui-signifie-allocation-personnalisee-dautonomie\/","url":"https:\/\/flavi.fr\/index.php\/2024\/03\/26\/quest-ce-que-lapa-qui-signifie-allocation-personnalisee-dautonomie\/","name":"Qu'est ce que l'APA (Allocation personnalis\u00e9e d'autonomie) ? - Flavi","isPartOf":{"@id":"https:\/\/flavi.fr\/#website"},"primaryImageOfPage":{"@id":"https:\/\/flavi.fr\/index.php\/2024\/03\/26\/quest-ce-que-lapa-qui-signifie-allocation-personnalisee-dautonomie\/#primaryimage"},"image":{"@id":"https:\/\/flavi.fr\/index.php\/2024\/03\/26\/quest-ce-que-lapa-qui-signifie-allocation-personnalisee-dautonomie\/#primaryimage"},"thumbnailUrl":"https:\/\/flavi.fr\/wp-content\/uploads\/2024\/03\/aieux-_1_.webp","datePublished":"2024-03-26T10:30:00+00:00","dateModified":"2025-12-26T09:00:18+00:00","author":{"@id":"https:\/\/flavi.fr\/#\/schema\/person\/e540732270cd8b3a026a503df4f1ea3d"},"description":"u\u2019est-ce que l\u2019APA (Allocation personnalis\u00e9e d'autonomie ? Qui peut b\u00e9n\u00e9ficier de l'APA ? Quelles sont les conditions pour l'APA ?","breadcrumb":{"@id":"https:\/\/flavi.fr\/index.php\/2024\/03\/26\/quest-ce-que-lapa-qui-signifie-allocation-personnalisee-dautonomie\/#breadcrumb"},"inLanguage":"fr-FR","potentialAction":[{"@type":"ReadAction","target":["https:\/\/flavi.fr\/index.php\/2024\/03\/26\/quest-ce-que-lapa-qui-signifie-allocation-personnalisee-dautonomie\/"]}]},{"@type":"ImageObject","inLanguage":"fr-FR","@id":"https:\/\/flavi.fr\/index.php\/2024\/03\/26\/quest-ce-que-lapa-qui-signifie-allocation-personnalisee-dautonomie\/#primaryimage","url":"https:\/\/flavi.fr\/wp-content\/uploads\/2024\/03\/aieux-_1_.webp","contentUrl":"https:\/\/flavi.fr\/wp-content\/uploads\/2024\/03\/aieux-_1_.webp","width":652,"height":438,"caption":"Une personne \u00e2g\u00e9e b\u00e9n\u00e9ficie de l'APA (Allocation personnalis\u00e9e d'autonomie)."},{"@type":"BreadcrumbList","@id":"https:\/\/flavi.fr\/index.php\/2024\/03\/26\/quest-ce-que-lapa-qui-signifie-allocation-personnalisee-dautonomie\/#breadcrumb","itemListElement":[{"@type":"ListItem","position":1,"name":"Accueil","item":"https:\/\/flavi.fr\/"},{"@type":"ListItem","position":2,"name":"Qu&rsquo;est ce que l&rsquo;APA (Allocation personnalis\u00e9e d&rsquo;autonomie) ?"}]},{"@type":"WebSite","@id":"https:\/\/flavi.fr\/#website","url":"https:\/\/flavi.fr\/","name":"Flavi","description":"auxiliaires de vie ind\u00e9pendantes","potentialAction":[{"@type":"SearchAction","target":{"@type":"EntryPoint","urlTemplate":"https:\/\/flavi.fr\/?s={search_term_string}"},"query-input":{"@type":"PropertyValueSpecification","valueRequired":true,"valueName":"search_term_string"}}],"inLanguage":"fr-FR"},{"@type":"Person","@id":"https:\/\/flavi.fr\/#\/schema\/person\/e540732270cd8b3a026a503df4f1ea3d","name":"Eva Muringer, Fondatrice de Flavi et enseignante","image":{"@type":"ImageObject","inLanguage":"fr-FR","@id":"https:\/\/secure.gravatar.com\/avatar\/c30b4e242c14546872cc63671192d7e6cac888c35741f84be86494a741cfb896?s=96&d=mm&r=g1e593406708024e749a1e9e33b45acc9","url":"https:\/\/secure.gravatar.com\/avatar\/c30b4e242c14546872cc63671192d7e6cac888c35741f84be86494a741cfb896?s=96&d=mm&r=g","contentUrl":"https:\/\/secure.gravatar.com\/avatar\/c30b4e242c14546872cc63671192d7e6cac888c35741f84be86494a741cfb896?s=96&d=mm&r=g","caption":"Eva Muringer, Fondatrice de Flavi et enseignante"},"sameAs":["https:\/\/www.flavi.fr"],"url":"https:\/\/flavi.fr\/index.php\/author\/admin7211\/"}]}},"modified_by":"Eva Muringer, Fondatrice de Flavi et enseignante","authors":[{"term_id":41,"user_id":1,"is_guest":0,"slug":"admin7211","display_name":"Flavie, experte CESU","avatar_url":"https:\/\/secure.gravatar.com\/avatar\/c30b4e242c14546872cc63671192d7e6cac888c35741f84be86494a741cfb896?s=96&d=mm&r=g","1":"","2":"","3":"","4":"","5":"","6":"","7":"","8":""}],"_links":{"self":[{"href":"https:\/\/flavi.fr\/index.php\/wp-json\/wp\/v2\/posts\/6699","targetHints":{"allow":["GET"]}}],"collection":[{"href":"https:\/\/flavi.fr\/index.php\/wp-json\/wp\/v2\/posts"}],"about":[{"href":"https:\/\/flavi.fr\/index.php\/wp-json\/wp\/v2\/types\/post"}],"author":[{"embeddable":true,"href":"https:\/\/flavi.fr\/index.php\/wp-json\/wp\/v2\/users\/1"}],"replies":[{"embeddable":true,"href":"https:\/\/flavi.fr\/index.php\/wp-json\/wp\/v2\/comments?post=6699"}],"version-history":[{"count":1,"href":"https:\/\/flavi.fr\/index.php\/wp-json\/wp\/v2\/posts\/6699\/revisions"}],"predecessor-version":[{"id":10204,"href":"https:\/\/flavi.fr\/index.php\/wp-json\/wp\/v2\/posts\/6699\/revisions\/10204"}],"wp:featuredmedia":[{"embeddable":true,"href":"https:\/\/flavi.fr\/index.php\/wp-json\/wp\/v2\/media\/6723"}],"wp:attachment":[{"href":"https:\/\/flavi.fr\/index.php\/wp-json\/wp\/v2\/media?parent=6699"}],"wp:term":[{"taxonomy":"category","embeddable":true,"href":"https:\/\/flavi.fr\/index.php\/wp-json\/wp\/v2\/categories?post=6699"},{"taxonomy":"post_tag","embeddable":true,"href":"https:\/\/flavi.fr\/index.php\/wp-json\/wp\/v2\/tags?post=6699"},{"taxonomy":"author","embeddable":true,"href":"https:\/\/flavi.fr\/index.php\/wp-json\/wp\/v2\/ppma_author?post=6699"}],"curies":[{"name":"wp","href":"https:\/\/api.w.org\/{rel}","templated":true}]}}