{"id":4515,"date":"2023-06-08T11:13:21","date_gmt":"2023-06-08T09:13:21","guid":{"rendered":"https:\/\/flavi.fr\/?p=4515"},"modified":"2025-06-19T15:41:07","modified_gmt":"2025-06-19T13:41:07","slug":"comment-trouver-laide-a-domicile-faite-pour-vous","status":"publish","type":"post","link":"https:\/\/flavi.fr\/index.php\/2023\/06\/08\/comment-trouver-laide-a-domicile-faite-pour-vous\/","title":{"rendered":"Comment trouver l\u2019aide \u00e0 domicile faite pour vous ?"},"content":{"rendered":"<p>[et_pb_section fb_built=\u00a0\u00bb1&Prime; _builder_version=\u00a0\u00bb4.17.4&Prime; _module_preset=\u00a0\u00bbdefault\u00a0\u00bb custom_padding=\u00a0\u00bb25px|||||\u00a0\u00bb global_colors_info=\u00a0\u00bb{}\u00a0\u00bb][et_pb_row _builder_version=\u00a0\u00bb4.17.4&Prime; _module_preset=\u00a0\u00bbdefault\u00a0\u00bb custom_margin=\u00a0\u00bb1px||||false|false\u00a0\u00bb global_colors_info=\u00a0\u00bb{}\u00a0\u00bb][et_pb_column type=\u00a0\u00bb4_4&Prime; _builder_version=\u00a0\u00bb4.17.4&Prime; _module_preset=\u00a0\u00bbdefault\u00a0\u00bb global_colors_info=\u00a0\u00bb{}\u00a0\u00bb][et_pb_text _builder_version=\u00a0\u00bb4.27.4&Prime; _module_preset=\u00a0\u00bbdefault\u00a0\u00bb text_font=\u00a0\u00bbLato||||||||\u00a0\u00bb text_font_size=\u00a0\u00bb18px\u00a0\u00bb text_line_height=\u00a0\u00bb1.5em\u00a0\u00bb hover_enabled=\u00a0\u00bb0&Prime; text_font_size_tablet=\u00a0\u00bb18px\u00a0\u00bb text_font_size_phone=\u00a0\u00bb18px\u00a0\u00bb text_font_size_last_edited=\u00a0\u00bbon|desktop\u00a0\u00bb global_colors_info=\u00a0\u00bb{}\u00a0\u00bb sticky_enabled=\u00a0\u00bb0&Prime;]<\/p>\n<p style=\"text-align: justify;\"><span style=\"font-weight: 400;\">Vous devez vous <\/span><b>occuper de l\u2019un de vos proches \u00e2g\u00e9s, <\/b><span style=\"font-weight: 400;\">habitant \u00e0 son domicile, mais cela devient trop <\/span><b>compliqu\u00e9 <\/b><span style=\"font-weight: 400;\">pour vous ? Voici nos conseils pour trouver une aide \u00e0 domicile adapt\u00e9e \u00e0 vos besoins !\u00a0<\/span><\/p>\n<p style=\"text-align: justify;\"><span style=\"font-weight: 400;\">Si vous avez dans votre entourage une personne en perte d\u2019autonomie, qui a besoin de votre aide, que vous \u00eates <\/span><b>d\u00e9pass\u00e9s <\/b><span style=\"font-weight: 400;\">par la situation et que vous voulez trouver une solution pour combler ses besoins<\/span><b>, <\/b><span style=\"font-weight: 400;\">alors faites appel \u00e0 une <\/span><b>aide \u00e0 domicile<\/b><i><span style=\"font-weight: 400;\">.\u00a0<\/span><\/i><\/p>\n<p>[\/et_pb_text][et_pb_text _builder_version=\u00a0\u00bb4.27.4&Prime; _module_preset=\u00a0\u00bbdefault\u00a0\u00bb text_font=\u00a0\u00bbLato||||||||\u00a0\u00bb text_font_size=\u00a0\u00bb18px\u00a0\u00bb text_line_height=\u00a0\u00bb1.5em\u00a0\u00bb text_orientation=\u00a0\u00bbjustified\u00a0\u00bb text_font_size_tablet=\u00a0\u00bb18px\u00a0\u00bb text_font_size_phone=\u00a0\u00bb18px\u00a0\u00bb text_font_size_last_edited=\u00a0\u00bbon|desktop\u00a0\u00bb global_colors_info=\u00a0\u00bb{}\u00a0\u00bb]<\/p>\n<p style=\"text-align: justify;\"><span style=\"font-weight: 400;\">Embaucher une aide \u00e0 domicile vous permettra en effet de recevoir l\u2019aide d\u2019une personne <\/span><b>qualifi\u00e9e, comp\u00e9tente<\/b><span style=\"font-weight: 400;\">, et en mesure de prendre soin de vos proches, tout cela en <\/span><b>r\u00e9duisant votre charge de travail<\/b><span style=\"font-weight: 400;\">.\u00a0<\/span><\/p>\n<p style=\"text-align: justify;\"><span style=\"font-weight: 400;\">Si vous voulez en savoir plus sur les aides \u00e0 domicile, voici <\/span><b>nos conseils <\/b><span style=\"font-weight: 400;\">pour en trouver une qui soit <\/span><b>adapt\u00e9e <\/b><span style=\"font-weight: 400;\">\u00e0 vos besoins et qui saura prendre soin de votre proche \u00e2g\u00e9!<\/span><\/p>\n<p style=\"text-align: justify;\"><span style=\"font-weight: 400;\"><span>Vous \u00eates (ou allez devenir) particulier employeur et vous vous sentez un peu perdu avec le CESU, les d\u00e9marches, ou les obligations l\u00e9gales ?<\/span><br \/><span>On a pr\u00e9par\u00e9 un <\/span><strong data-renderer-mark=\"true\">guide complet, simple et gratuit<\/strong><span>, pour vous aider \u00e0 tout comprendre et d\u00e9marrer sereinement.<\/span><\/span><\/p>\n<p>[\/et_pb_text][et_pb_button button_url=\u00a0\u00bbhttps:\/\/forms.gle\/GjMWbpTAENkiK3JM8&Prime; button_text=\u00a0\u00bbR\u00e9cup\u00e9rer mon guide CESU\u00a0\u00bb button_alignment=\u00a0\u00bbcenter\u00a0\u00bb _builder_version=\u00a0\u00bb4.27.4&Prime; _module_preset=\u00a0\u00bbdefault\u00a0\u00bb custom_button=\u00a0\u00bbon\u00a0\u00bb button_text_color=\u00a0\u00bb#2E5C9F\u00a0\u00bb button_bg_color=\u00a0\u00bb#FFC600&Prime; button_border_width=\u00a0\u00bb0px\u00a0\u00bb button_font=\u00a0\u00bb|800|||||||\u00a0\u00bb global_colors_info=\u00a0\u00bb{}\u00a0\u00bb][\/et_pb_button][\/et_pb_column][\/et_pb_row][et_pb_row _builder_version=\u00a0\u00bb4.17.4&Prime; _module_preset=\u00a0\u00bbdefault\u00a0\u00bb global_colors_info=\u00a0\u00bb{}\u00a0\u00bb][et_pb_column type=\u00a0\u00bb4_4&Prime; _builder_version=\u00a0\u00bb4.17.4&Prime; _module_preset=\u00a0\u00bbdefault\u00a0\u00bb global_colors_info=\u00a0\u00bb{}\u00a0\u00bb][et_pb_text _builder_version=\u00a0\u00bb4.27.4&Prime; _module_preset=\u00a0\u00bbdefault\u00a0\u00bb header_2_font=\u00a0\u00bbLato|900|||||||\u00a0\u00bb header_2_text_color=\u00a0\u00bb#5800A6&Prime; header_2_font_size=\u00a0\u00bb35px\u00a0\u00bb hover_enabled=\u00a0\u00bb0&Prime; header_font_tablet=\u00a0\u00bb\u00a0\u00bb header_font_phone=\u00a0\u00bbABeeZee||||||||\u00a0\u00bb header_font_last_edited=\u00a0\u00bbon|phone\u00a0\u00bb header_font_size_tablet=\u00a0\u00bb\u00a0\u00bb header_font_size_phone=\u00a0\u00bb\u00a0\u00bb header_font_size_last_edited=\u00a0\u00bbon|phone\u00a0\u00bb header_2_text_align_tablet=\u00a0\u00bb\u00a0\u00bb header_2_text_align_phone=\u00a0\u00bbcenter\u00a0\u00bb header_2_text_align_last_edited=\u00a0\u00bbon|phone\u00a0\u00bb header_2_font_size_tablet=\u00a0\u00bb\u00a0\u00bb header_2_font_size_phone=\u00a0\u00bb30px\u00a0\u00bb header_2_font_size_last_edited=\u00a0\u00bbon|phone\u00a0\u00bb header_2_line_height_tablet=\u00a0\u00bb\u00a0\u00bb header_2_line_height_phone=\u00a0\u00bb1.5em\u00a0\u00bb header_2_line_height_last_edited=\u00a0\u00bbon|phone\u00a0\u00bb global_colors_info=\u00a0\u00bb{}\u00a0\u00bb sticky_enabled=\u00a0\u00bb0&Prime;]<\/p>\n<div id=\"ez-toc-container\" class=\"ez-toc-v2_0_82_2 ez-toc-wrap-center counter-hierarchy ez-toc-counter ez-toc-custom ez-toc-container-direction\">\n<div class=\"ez-toc-title-container\">\n<p class=\"ez-toc-title\" style=\"cursor:inherit\">Sommaire<\/p>\n<span class=\"ez-toc-title-toggle\"><a href=\"#\" class=\"ez-toc-pull-right ez-toc-btn ez-toc-btn-xs ez-toc-btn-default ez-toc-toggle\" aria-label=\"Toggle Table of Content\"><span class=\"ez-toc-js-icon-con\"><span class=\"\"><span class=\"eztoc-hide\" style=\"display:none;\">Toggle<\/span><span class=\"ez-toc-icon-toggle-span\"><svg style=\"fill: #000000;color:#000000\" xmlns=\"http:\/\/www.w3.org\/2000\/svg\" class=\"list-377408\" width=\"20px\" height=\"20px\" viewBox=\"0 0 24 24\" fill=\"none\"><path d=\"M6 6H4v2h2V6zm14 0H8v2h12V6zM4 11h2v2H4v-2zm16 0H8v2h12v-2zM4 16h2v2H4v-2zm16 0H8v2h12v-2z\" fill=\"currentColor\"><\/path><\/svg><svg style=\"fill: #000000;color:#000000\" class=\"arrow-unsorted-368013\" xmlns=\"http:\/\/www.w3.org\/2000\/svg\" width=\"10px\" height=\"10px\" viewBox=\"0 0 24 24\" version=\"1.2\" baseProfile=\"tiny\"><path d=\"M18.2 9.3l-6.2-6.3-6.2 6.3c-.2.2-.3.4-.3.7s.1.5.3.7c.2.2.4.3.7.3h11c.3 0 .5-.1.7-.3.2-.2.3-.5.3-.7s-.1-.5-.3-.7zM5.8 14.7l6.2 6.3 6.2-6.3c.2-.2.3-.5.3-.7s-.1-.5-.3-.7c-.2-.2-.4-.3-.7-.3h-11c-.3 0-.5.1-.7.3-.2.2-.3.5-.3.7s.1.5.3.7z\"\/><\/svg><\/span><\/span><\/span><\/a><\/span><\/div>\n<nav><ul class='ez-toc-list ez-toc-list-level-1 ' ><li class='ez-toc-page-1 ez-toc-heading-level-2'><a class=\"ez-toc-link ez-toc-heading-1\" href=\"https:\/\/flavi.fr\/index.php\/2023\/06\/08\/comment-trouver-laide-a-domicile-faite-pour-vous\/#Quest_ce_quune_aide_a_domicile\" >Qu\u2019est ce qu\u2019une aide \u00e0 domicile ?<\/a><\/li><li class='ez-toc-page-1 ez-toc-heading-level-2'><a class=\"ez-toc-link ez-toc-heading-2\" href=\"https:\/\/flavi.fr\/index.php\/2023\/06\/08\/comment-trouver-laide-a-domicile-faite-pour-vous\/#Une_aide_a_domicile_qui_sadapte_a_vos_besoins\" >Une aide \u00e0 domicile qui s\u2019adapte \u00e0 vos besoins<\/a><\/li><li class='ez-toc-page-1 ez-toc-heading-level-2'><a class=\"ez-toc-link ez-toc-heading-3\" href=\"https:\/\/flavi.fr\/index.php\/2023\/06\/08\/comment-trouver-laide-a-domicile-faite-pour-vous\/#Les_formations\" >Les formations<\/a><\/li><li class='ez-toc-page-1 ez-toc-heading-level-2'><a class=\"ez-toc-link ez-toc-heading-4\" href=\"https:\/\/flavi.fr\/index.php\/2023\/06\/08\/comment-trouver-laide-a-domicile-faite-pour-vous\/#Une_aide_a_domicile_a_prix_accessible\" >Une aide \u00e0 domicile \u00e0 prix accessible<\/a><\/li><li class='ez-toc-page-1 ez-toc-heading-level-2'><a class=\"ez-toc-link ez-toc-heading-5\" href=\"https:\/\/flavi.fr\/index.php\/2023\/06\/08\/comment-trouver-laide-a-domicile-faite-pour-vous\/#Un_lien_de_confiance_entre_vous_et_votre_auxiliaire_de_vie\" >Un lien de confiance entre vous et votre auxiliaire de vie<\/a><\/li><li class='ez-toc-page-1 ez-toc-heading-level-2'><a class=\"ez-toc-link ez-toc-heading-6\" href=\"https:\/\/flavi.fr\/index.php\/2023\/06\/08\/comment-trouver-laide-a-domicile-faite-pour-vous\/#Une_demarche_novatrice_pour_les_auxiliaires_de_vie\" >Une d\u00e9marche novatrice pour les auxiliaires de vie<\/a><\/li><\/ul><\/nav><\/div>\n<h2><span class=\"ez-toc-section\" id=\"Quest_ce_quune_aide_a_domicile\"><\/span>Qu\u2019est ce qu\u2019une aide \u00e0 domicile ?<span class=\"ez-toc-section-end\"><\/span><\/h2>\n<p>[\/et_pb_text][et_pb_text _builder_version=\u00a0\u00bb4.27.4&Prime; _module_preset=\u00a0\u00bbdefault\u00a0\u00bb text_font=\u00a0\u00bbLato||||||||\u00a0\u00bb text_font_size=\u00a0\u00bb18px\u00a0\u00bb text_line_height=\u00a0\u00bb1.5em\u00a0\u00bb hover_enabled=\u00a0\u00bb0&Prime; text_font_size_tablet=\u00a0\u00bb18px\u00a0\u00bb text_font_size_phone=\u00a0\u00bb18px\u00a0\u00bb text_font_size_last_edited=\u00a0\u00bbon|desktop\u00a0\u00bb global_colors_info=\u00a0\u00bb{}\u00a0\u00bb sticky_enabled=\u00a0\u00bb0&Prime;]<\/p>\n<p data-start=\"66\" data-end=\"167\" class=\"\" style=\"text-align: justify;\">Quand on cherche une aide \u00e0 domicile, il faut d\u2019abord d\u00e9finir son r\u00f4le aupr\u00e8s de la personne aid\u00e9e.<\/p>\n<p data-start=\"66\" data-end=\"167\" class=\"\" style=\"text-align: justify;\">Les services d\u2019aide \u00e0 domicile s\u2019adaptent aux besoins des personnes \u00e2g\u00e9es ou \u00e0 autonomie r\u00e9duite.<br data-start=\"268\" data-end=\"271\" \/>Ainsi, vous pouvez \u00eatre serein quant au bien-\u00eatre de vos proches.<\/p>\n<p data-start=\"345\" data-end=\"447\" class=\"\" style=\"text-align: justify;\">L\u2019aide \u00e0 domicile consiste \u00e0 assister une personne \u00e0 autonomie limit\u00e9e dans ses t\u00e2ches quotidiennes.<\/p>\n<ul style=\"text-align: justify;\">\n<li data-start=\"448\" data-end=\"666\" class=\"\">\n<p data-start=\"451\" data-end=\"490\" class=\"\">Ces t\u00e2ches comprennent, par exemple :<\/p>\n<ul data-start=\"494\" data-end=\"666\">\n<li data-start=\"494\" data-end=\"522\" class=\"\">\n<p data-start=\"496\" data-end=\"522\" class=\"\">la pr\u00e9paration des repas<\/p>\n<\/li>\n<li data-start=\"526\" data-end=\"557\" class=\"\">\n<p data-start=\"528\" data-end=\"557\" class=\"\">le transport de la personne<\/p>\n<\/li>\n<li data-start=\"561\" data-end=\"574\" class=\"\">\n<p data-start=\"563\" data-end=\"574\" class=\"\">le m\u00e9nage<\/p>\n<\/li>\n<li data-start=\"578\" data-end=\"629\" class=\"\">\n<p data-start=\"580\" data-end=\"629\" class=\"\">l\u2019aide \u00e0 la gestion de documents administratifs<\/p>\n<\/li>\n<li data-start=\"633\" data-end=\"666\" class=\"\">\n<p data-start=\"635\" data-end=\"666\" class=\"\">l\u2019aide au lever et au coucher<\/p>\n<\/li>\n<\/ul>\n<\/li>\n<\/ul>\n<p style=\"text-align: justify;\">\n<ul>\n<li data-start=\"667\" data-end=\"752\" class=\"\">\n<p data-start=\"670\" data-end=\"752\" class=\"\" style=\"text-align: justify;\">Pour bien choisir une aide \u00e0 domicile, listez clairement les t\u00e2ches \u00e0 lui confier.<\/p>\n<\/li>\n<\/ul>\n<p>[\/et_pb_text][\/et_pb_column][\/et_pb_row][et_pb_row _builder_version=\u00a0\u00bb4.17.4&Prime; _module_preset=\u00a0\u00bbdefault\u00a0\u00bb global_colors_info=\u00a0\u00bb{}\u00a0\u00bb][et_pb_column type=\u00a0\u00bb4_4&Prime; _builder_version=\u00a0\u00bb4.17.4&Prime; _module_preset=\u00a0\u00bbdefault\u00a0\u00bb global_colors_info=\u00a0\u00bb{}\u00a0\u00bb][et_pb_text _builder_version=\u00a0\u00bb4.27.4&Prime; _module_preset=\u00a0\u00bbdefault\u00a0\u00bb header_2_font=\u00a0\u00bbLato|900|||||||\u00a0\u00bb header_2_text_color=\u00a0\u00bb#5800A6&Prime; header_2_font_size=\u00a0\u00bb35px\u00a0\u00bb hover_enabled=\u00a0\u00bb0&Prime; header_font_size_tablet=\u00a0\u00bb\u00a0\u00bb header_font_size_phone=\u00a0\u00bb\u00a0\u00bb header_font_size_last_edited=\u00a0\u00bbon|phone\u00a0\u00bb header_2_text_align_tablet=\u00a0\u00bb\u00a0\u00bb header_2_text_align_phone=\u00a0\u00bbcenter\u00a0\u00bb header_2_text_align_last_edited=\u00a0\u00bbon|phone\u00a0\u00bb header_2_font_size_tablet=\u00a0\u00bb\u00a0\u00bb header_2_font_size_phone=\u00a0\u00bb30px\u00a0\u00bb header_2_font_size_last_edited=\u00a0\u00bbon|phone\u00a0\u00bb header_2_line_height_tablet=\u00a0\u00bb\u00a0\u00bb header_2_line_height_phone=\u00a0\u00bb1.5em\u00a0\u00bb header_2_line_height_last_edited=\u00a0\u00bbon|phone\u00a0\u00bb global_colors_info=\u00a0\u00bb{}\u00a0\u00bb sticky_enabled=\u00a0\u00bb0&Prime;]<\/p>\n<h2><span class=\"ez-toc-section\" id=\"Une_aide_a_domicile_qui_sadapte_a_vos_besoins\"><\/span>Une aide \u00e0 domicile qui s\u2019adapte \u00e0 vos besoins<span class=\"ez-toc-section-end\"><\/span><\/h2>\n<p>[\/et_pb_text][et_pb_text _builder_version=\u00a0\u00bb4.27.4&Prime; _module_preset=\u00a0\u00bbdefault\u00a0\u00bb text_font=\u00a0\u00bbLato||||||||\u00a0\u00bb text_font_size=\u00a0\u00bb18px\u00a0\u00bb text_line_height=\u00a0\u00bb1.5em\u00a0\u00bb hover_enabled=\u00a0\u00bb0&Prime; text_font_size_tablet=\u00a0\u00bb18px\u00a0\u00bb text_font_size_phone=\u00a0\u00bb18px\u00a0\u00bb text_font_size_last_edited=\u00a0\u00bbon|desktop\u00a0\u00bb global_colors_info=\u00a0\u00bb{}\u00a0\u00bb sticky_enabled=\u00a0\u00bb0&Prime;]<\/p>\n<p style=\"text-align: justify;\"><span style=\"font-weight: 400;\">Les auxiliaires de vie peuvent se <\/span><b>sp\u00e9cialiser <\/b><span style=\"font-weight: 400;\">dans diff\u00e9rentes t\u00e2ches.\u00a0<\/span><\/p>\n<p style=\"text-align: justify;\"><span style=\"font-weight: 400;\">Gr\u00e2ce \u00e0 ces sp\u00e9cialisations, vous pourrez s\u00e9lectionner une aide \u00e0 domicile totalement adapt\u00e9e \u00e0 votre demande !\u00a0<\/span><\/p>\n<ul style=\"text-align: justify;\">\n<li><span style=\"font-weight: 400;\"> <\/span><span style=\"font-weight: 400;\">Que vous ayez besoin d\u2019aide aux transports, d\u2019aide administrative, ou encore d\u2019une aide sp\u00e9cialis\u00e9e dans les ateliers cr\u00e9atifs, vous pouvez faire appel \u00e0 une auxiliaire qui cumule <\/span><b>les sp\u00e9cialit\u00e9s qui vous int\u00e9ressent.\u00a0<\/b><\/li>\n<\/ul>\n<p style=\"text-align: justify;\"><span style=\"font-weight: 400;\">Mais les <\/span><b>sp\u00e9cialisations professionnelles <\/b><span style=\"font-weight: 400;\">accrues ne sont pas les seules garanties de l\u2019adaptation des services aux besoins de vos proches :\u00a0<\/span><\/p>\n<p style=\"text-align: justify;\"><span style=\"font-weight: 400;\">Certaines plateformes, comme<\/span> <a href=\"https:\/\/flavi.fr\/\"><span style=\"font-weight: 400;\">flavi.fr<\/span><\/a> <span style=\"font-weight: 400;\">, vous permettent de trouver gratuitement une <\/span><b>liste d\u2019auxiliaires de vie qualifi\u00e9es, <\/b><span style=\"font-weight: 400;\">que vous pouvez choisir en fonction de vos besoins personnels et \u00e0 proximit\u00e9.<\/span><\/p>\n<p style=\"text-align: justify;\">Il peut \u00eatre difficile de trouver la perle rare qui saura r\u00e9pondre \u00e0 tous vos besoins. C&rsquo;est pour cela que vous avez aussi la possibilit\u00e9 de solliciter Flavi, qui contactera pour vous les meilleures aides \u00e0 domicile de votre secteur, moyennant un tarif de 49\u20ac.\u00a0<span style=\"font-weight: 400;\"><\/span><\/p>\n<p style=\"text-align: justify;\"><span style=\"font-weight: 400;\"><\/span><\/p>\n<p>[\/et_pb_text][et_pb_button button_url=\u00a0\u00bbhttps:\/\/app.flavi.fr\/recherche-non-connecte\/\u00a0\u00bb button_text=\u00a0\u00bbJE TROUVE UNE AIDE A DOMICILE\u00a0\u00bb button_alignment=\u00a0\u00bbcenter\u00a0\u00bb _builder_version=\u00a0\u00bb4.24.2&Prime; _module_preset=\u00a0\u00bbdefault\u00a0\u00bb custom_button=\u00a0\u00bbon\u00a0\u00bb button_text_color=\u00a0\u00bb#2E5C9F\u00a0\u00bb button_bg_color=\u00a0\u00bb#FFC600&Prime; button_border_width=\u00a0\u00bb0px\u00a0\u00bb button_font=\u00a0\u00bb|800|||||||\u00a0\u00bb global_colors_info=\u00a0\u00bb{}\u00a0\u00bb theme_builder_area=\u00a0\u00bbpost_content\u00a0\u00bb][\/et_pb_button][et_pb_image src=\u00a0\u00bbhttps:\/\/flavi.fr\/wp-content\/uploads\/2023\/06\/nouveau-site-fond-1280-\u00d7-720-px-9.png\u00a0\u00bb title_text=\u00a0\u00bbnouveau site fond (1280 \u00d7 720 px) (9)\u00a0\u00bb align=\u00a0\u00bbcenter\u00a0\u00bb _builder_version=\u00a0\u00bb4.17.4&Prime; _module_preset=\u00a0\u00bbdefault\u00a0\u00bb width=\u00a0\u00bb100%\u00a0\u00bb max_width=\u00a0\u00bb55%\u00a0\u00bb max_width_tablet=\u00a0\u00bb55%\u00a0\u00bb max_width_phone=\u00a0\u00bb100%\u00a0\u00bb max_width_last_edited=\u00a0\u00bbon|phone\u00a0\u00bb border_radii=\u00a0\u00bbon|22px|22px|22px|22px\u00a0\u00bb box_shadow_style=\u00a0\u00bbpreset1&Prime; global_colors_info=\u00a0\u00bb{}\u00a0\u00bb][\/et_pb_image][et_pb_text _builder_version=\u00a0\u00bb4.27.4&Prime; _module_preset=\u00a0\u00bbdefault\u00a0\u00bb header_2_font=\u00a0\u00bbLato|900|||||||\u00a0\u00bb header_2_text_color=\u00a0\u00bb#5800A6&Prime; header_2_font_size=\u00a0\u00bb35px\u00a0\u00bb hover_enabled=\u00a0\u00bb0&Prime; header_font_size_tablet=\u00a0\u00bb\u00a0\u00bb header_font_size_phone=\u00a0\u00bb\u00a0\u00bb header_font_size_last_edited=\u00a0\u00bbon|phone\u00a0\u00bb header_2_text_align_tablet=\u00a0\u00bb\u00a0\u00bb header_2_text_align_phone=\u00a0\u00bbcenter\u00a0\u00bb header_2_text_align_last_edited=\u00a0\u00bbon|phone\u00a0\u00bb header_2_font_size_tablet=\u00a0\u00bb\u00a0\u00bb header_2_font_size_phone=\u00a0\u00bb30px\u00a0\u00bb header_2_font_size_last_edited=\u00a0\u00bbon|phone\u00a0\u00bb header_2_line_height_tablet=\u00a0\u00bb\u00a0\u00bb header_2_line_height_phone=\u00a0\u00bb1.5em\u00a0\u00bb header_2_line_height_last_edited=\u00a0\u00bbon|phone\u00a0\u00bb global_colors_info=\u00a0\u00bb{}\u00a0\u00bb sticky_enabled=\u00a0\u00bb0&Prime;]<\/p>\n<h2><span class=\"ez-toc-section\" id=\"Les_formations\"><\/span>Les formations<span class=\"ez-toc-section-end\"><\/span><\/h2>\n<p>[\/et_pb_text][et_pb_text _builder_version=\u00a0\u00bb4.17.4&Prime; _module_preset=\u00a0\u00bbdefault\u00a0\u00bb text_font=\u00a0\u00bbLato||||||||\u00a0\u00bb text_font_size=\u00a0\u00bb18px\u00a0\u00bb text_line_height=\u00a0\u00bb1.5em\u00a0\u00bb text_font_size_tablet=\u00a0\u00bb18px\u00a0\u00bb text_font_size_phone=\u00a0\u00bb18px\u00a0\u00bb text_font_size_last_edited=\u00a0\u00bbon|phone\u00a0\u00bb global_colors_info=\u00a0\u00bb{}\u00a0\u00bb]<\/p>\n<p style=\"text-align: justify;\"><span style=\"font-weight: 400;\">Ces aides \u00e0 domicile ont la possibilit\u00e9 de recevoir, <span style=\"color: #000000;\">gr\u00e2ce \u00e0 <a href=\"https:\/\/flavi.fr\/\" style=\"color: #000000;\">Flavi<\/a>,<\/span> un grand nombre de <\/span><a href=\"https:\/\/flavi.fr\/index.php\/formations\/\"><b>formations <\/b><\/a><span style=\"font-weight: 400;\"><a href=\"https:\/\/flavi.fr\/index.php\/formations\/\">certifiantes<\/a>, les rendant d\u2019autant plus aptes \u00e0 s\u2019occuper de vos proches de la meilleure mani\u00e8re possible.\u00a0<\/span><\/p>\n<ul style=\"text-align: justify;\">\n<li><span style=\"font-weight: 400;\"> <\/span><span style=\"font-weight: 400;\">Gr\u00e2ce \u00e0 ces formations et \u00e0 leur propre exp\u00e9riences professionnelles, ces auxiliaires de vie sont donc tr\u00e8s <\/span><b>comp\u00e9tentes <\/b><span style=\"font-weight: 400;\">et savent prendre soin des personnes en perte d\u2019autonomie \u00e0 domicile.<\/span><\/li>\n<li><span style=\"font-weight: 400;\"> <\/span><span style=\"font-weight: 400;\">Vous pouvez \u00e9galement s\u00e9lectionner les profils qui vous paraissent les plus adapt\u00e9s en <\/span><b>personnalisant <\/b><span style=\"font-weight: 400;\">votre recherche d\u2019auxiliaire en tout point. <\/span><span style=\"font-weight: 400;\"><\/span><span style=\"font-weight: 400;\"><\/span><span style=\"font-weight: 400;\"><\/span><span style=\"font-weight: 400;\"><\/span><\/li>\n<\/ul>\n<p><span style=\"font-weight: 400;\">Vous pouvez notamment :\u00a0<\/span><\/p>\n<ul>\n<li style=\"text-align: justify;\"><span style=\"font-weight: 400;\">Choisir une aide <\/span><b>pr\u00e8s de chez vous <\/b><span style=\"font-weight: 400;\">en d\u00e9finissant un rayon de proximit\u00e9 autour d\u2019un endroit donn\u00e9 <\/span><span style=\"font-weight: 400;\">(par exemple : \u00e0 moins de 15 kilom\u00e8tres de Lyon),\u00a0<\/span><\/li>\n<\/ul>\n<p><span style=\"font-weight: 400;\"><\/span><\/p>\n<ul>\n<li style=\"text-align: justify;\"><span style=\"font-weight: 400;\">T<\/span><span style=\"font-weight: 400;\">rier votre recherche par <\/span><b>sp\u00e9cialit\u00e9<\/b><span style=\"font-weight: 400;\">(s) recherch\u00e9e(s),\u00a0<\/span><\/li>\n<\/ul>\n<p><span style=\"font-weight: 400;\"><\/span><\/p>\n<ul>\n<li style=\"text-align: justify;\"><span style=\"font-weight: 400;\">Choisir les qualit\u00e9s humaines les plus importantes pour vous.\u00a0<\/span><\/li>\n<\/ul>\n<p style=\"text-align: justify;\"><span style=\"font-weight: 400;\"><\/span><\/p>\n<p><span style=\"font-weight: 400;\">Les profils sont hautement personnalis\u00e9s et vous montrent <\/span><b>en toute transparence <\/b><span style=\"font-weight: 400;\">quels services pourront \u00eatre rendus.\u00a0<\/span><\/p>\n<p>[\/et_pb_text][\/et_pb_column][\/et_pb_row][et_pb_row _builder_version=\u00a0\u00bb4.17.4&Prime; _module_preset=\u00a0\u00bbdefault\u00a0\u00bb global_colors_info=\u00a0\u00bb{}\u00a0\u00bb][et_pb_column type=\u00a0\u00bb4_4&Prime; _builder_version=\u00a0\u00bb4.17.4&Prime; _module_preset=\u00a0\u00bbdefault\u00a0\u00bb global_colors_info=\u00a0\u00bb{}\u00a0\u00bb][et_pb_text _builder_version=\u00a0\u00bb4.27.4&Prime; _module_preset=\u00a0\u00bbdefault\u00a0\u00bb header_2_font=\u00a0\u00bbLato|900|||||||\u00a0\u00bb header_2_text_color=\u00a0\u00bb#5800A6&Prime; header_2_font_size=\u00a0\u00bb35px\u00a0\u00bb hover_enabled=\u00a0\u00bb0&Prime; header_font_size_tablet=\u00a0\u00bb\u00a0\u00bb header_font_size_phone=\u00a0\u00bb\u00a0\u00bb header_font_size_last_edited=\u00a0\u00bbon|phone\u00a0\u00bb header_2_text_align_tablet=\u00a0\u00bb\u00a0\u00bb header_2_text_align_phone=\u00a0\u00bbcenter\u00a0\u00bb header_2_text_align_last_edited=\u00a0\u00bbon|phone\u00a0\u00bb header_2_font_size_tablet=\u00a0\u00bb\u00a0\u00bb header_2_font_size_phone=\u00a0\u00bb30px\u00a0\u00bb header_2_font_size_last_edited=\u00a0\u00bbon|phone\u00a0\u00bb header_2_line_height_tablet=\u00a0\u00bb\u00a0\u00bb header_2_line_height_phone=\u00a0\u00bb1.5em\u00a0\u00bb header_2_line_height_last_edited=\u00a0\u00bbon|phone\u00a0\u00bb global_colors_info=\u00a0\u00bb{}\u00a0\u00bb sticky_enabled=\u00a0\u00bb0&Prime;]<\/p>\n<h2><span class=\"ez-toc-section\" id=\"Une_aide_a_domicile_a_prix_accessible\"><\/span>Une aide \u00e0 domicile \u00e0 prix accessible<span class=\"ez-toc-section-end\"><\/span><\/h2>\n<p>[\/et_pb_text][et_pb_text _builder_version=\u00a0\u00bb4.24.2&Prime; _module_preset=\u00a0\u00bbdefault\u00a0\u00bb text_font=\u00a0\u00bbLato||||||||\u00a0\u00bb text_font_size=\u00a0\u00bb18px\u00a0\u00bb text_line_height=\u00a0\u00bb1.5em\u00a0\u00bb text_orientation=\u00a0\u00bbjustified\u00a0\u00bb text_font_size_tablet=\u00a0\u00bb18px\u00a0\u00bb text_font_size_phone=\u00a0\u00bb18px\u00a0\u00bb text_font_size_last_edited=\u00a0\u00bbon|desktop\u00a0\u00bb global_colors_info=\u00a0\u00bb{}\u00a0\u00bb]<\/p>\n<p data-start=\"3\" data-end=\"110\" class=\"\">Embaucher une aide \u00e0 domicile peut sembler co\u00fbteux. Pourtant, le co\u00fbt peut \u00eatre inf\u00e9rieur \u00e0 vos attentes.<\/p>\n<p data-start=\"3\" data-end=\"110\" class=\"\">Voici pourquoi votre facture peut diminuer :<\/p>\n<p data-start=\"3\" data-end=\"110\" class=\"\">\n<ul>\n<li style=\"list-style-type: none;\">\n<ul data-start=\"165\" data-end=\"595\">\n<li data-start=\"165\" data-end=\"318\" class=\"\">\n<p data-start=\"167\" data-end=\"318\" class=\"\">Vous pouvez b\u00e9n\u00e9ficier d\u2019un cr\u00e9dit d\u2019imp\u00f4t de 50 % sur le salaire annuel de l\u2019aide. Ce cr\u00e9dit s\u2019applique \u00e0 toute embauche pour service \u00e0 la personne.<\/p>\n<\/li>\n<li data-start=\"322\" data-end=\"441\" class=\"\">\n<p data-start=\"324\" data-end=\"441\" class=\"\">Qu\u2019elle soit en CESU ou en micro-entreprise, les experts de flavi.fr vous accompagnent dans vos d\u00e9marches fiscales.<\/p>\n<\/li>\n<li data-start=\"445\" data-end=\"595\" class=\"\">\n<p data-start=\"447\" data-end=\"595\" class=\"\">Sur le site, le tarif de chaque auxiliaire appara\u00eet clairement sur son profil. Flavi mise sur la transparence pour \u00e9viter les mauvaises surprises<\/p>\n<\/li>\n<\/ul>\n<\/li>\n<\/ul>\n<ul>\n<li style=\"list-style-type: none;\">\u00a0D\u2019autres aides financi\u00e8res existent :\n<ul data-start=\"643\" data-end=\"960\" data-is-last-node=\"\">\n<li data-start=\"643\" data-end=\"739\" class=\"\">\n<p data-start=\"645\" data-end=\"739\" class=\"\">L\u2019Allocation personnalis\u00e9e d\u2019autonomie (APA), sous conditions d\u2019\u00e2ge et de perte d\u2019autonomie.<\/p>\n<\/li>\n<li data-start=\"743\" data-end=\"837\" class=\"\">\n<p data-start=\"745\" data-end=\"837\" class=\"\">La Prestation de compensation du handicap (PCH), attribu\u00e9e selon des crit\u00e8res sp\u00e9cifiques.<\/p>\n<\/li>\n<li data-start=\"841\" data-end=\"960\" class=\"\">\n<p data-start=\"843\" data-end=\"960\" class=\"\">Ces aides peuvent se cumuler avec le cr\u00e9dit d\u2019imp\u00f4t et all\u00e9ger encore davantage le co\u00fbt de l\u2019emploi d\u2019une auxiliaire.<\/p>\n<\/li>\n<\/ul>\n<\/li>\n<\/ul>\n<p>[\/et_pb_text][\/et_pb_column][\/et_pb_row][et_pb_row _builder_version=\u00a0\u00bb4.17.4&Prime; _module_preset=\u00a0\u00bbdefault\u00a0\u00bb global_colors_info=\u00a0\u00bb{}\u00a0\u00bb][et_pb_column type=\u00a0\u00bb4_4&Prime; _builder_version=\u00a0\u00bb4.17.4&Prime; _module_preset=\u00a0\u00bbdefault\u00a0\u00bb global_colors_info=\u00a0\u00bb{}\u00a0\u00bb][et_pb_text _builder_version=\u00a0\u00bb4.27.4&Prime; _module_preset=\u00a0\u00bbdefault\u00a0\u00bb header_2_font=\u00a0\u00bbLato|900|||||||\u00a0\u00bb header_2_text_color=\u00a0\u00bb#5800A6&Prime; header_2_font_size=\u00a0\u00bb35px\u00a0\u00bb hover_enabled=\u00a0\u00bb0&Prime; header_font_size_tablet=\u00a0\u00bb\u00a0\u00bb header_font_size_phone=\u00a0\u00bb\u00a0\u00bb header_font_size_last_edited=\u00a0\u00bbon|phone\u00a0\u00bb header_2_text_align_tablet=\u00a0\u00bb\u00a0\u00bb header_2_text_align_phone=\u00a0\u00bbcenter\u00a0\u00bb header_2_text_align_last_edited=\u00a0\u00bbon|phone\u00a0\u00bb header_2_font_size_tablet=\u00a0\u00bb\u00a0\u00bb header_2_font_size_phone=\u00a0\u00bb30px\u00a0\u00bb header_2_font_size_last_edited=\u00a0\u00bbon|phone\u00a0\u00bb header_2_line_height_tablet=\u00a0\u00bb\u00a0\u00bb header_2_line_height_phone=\u00a0\u00bb1.5em\u00a0\u00bb header_2_line_height_last_edited=\u00a0\u00bbon|phone\u00a0\u00bb global_colors_info=\u00a0\u00bb{}\u00a0\u00bb sticky_enabled=\u00a0\u00bb0&Prime;]<\/p>\n<h2><span class=\"ez-toc-section\" id=\"Un_lien_de_confiance_entre_vous_et_votre_auxiliaire_de_vie\"><\/span>Un lien de confiance entre vous et votre auxiliaire de vie<span class=\"ez-toc-section-end\"><\/span><\/h2>\n<p>[\/et_pb_text][et_pb_image src=\u00a0\u00bbhttps:\/\/flavi.fr\/wp-content\/uploads\/2023\/06\/blogimage2.png\u00a0\u00bb alt=\u00a0\u00bb Aide \u00e0 domicile, le sourire aux l\u00e8vres tenant les mains d\u2019une dame \u00e2g\u00e9e\u00a0\u00bb title_text=\u00a0\u00bbblogimage2&Prime; align=\u00a0\u00bbcenter\u00a0\u00bb _builder_version=\u00a0\u00bb4.17.4&Prime; _module_preset=\u00a0\u00bbdefault\u00a0\u00bb border_radii=\u00a0\u00bbon|22px|22px|22px|22px\u00a0\u00bb box_shadow_style=\u00a0\u00bbpreset1&Prime; global_colors_info=\u00a0\u00bb{}\u00a0\u00bb][\/et_pb_image][et_pb_text _builder_version=\u00a0\u00bb4.17.4&Prime; _module_preset=\u00a0\u00bbdefault\u00a0\u00bb text_font=\u00a0\u00bbLato||||||||\u00a0\u00bb text_font_size=\u00a0\u00bb18px\u00a0\u00bb text_line_height=\u00a0\u00bb1.5em\u00a0\u00bb text_font_size_tablet=\u00a0\u00bb18px\u00a0\u00bb text_font_size_phone=\u00a0\u00bb18px\u00a0\u00bb text_font_size_last_edited=\u00a0\u00bbon|desktop\u00a0\u00bb global_colors_info=\u00a0\u00bb{}\u00a0\u00bb]<\/p>\n<p style=\"text-align: justify;\"><span style=\"font-weight: 400;\">Les aides \u00e0 domicile sont bien plus que des personnes s&rsquo;occupant de faire le m\u00e9nage, \u00e0 manger et de transporter des personnes en perte d\u2019autonomie. Elles sont en r\u00e9alit\u00e9 une vraie <\/span><b>pr\u00e9sence <\/b><span style=\"font-weight: 400;\">pour vos proches.\u00a0<\/span><\/p>\n<p style=\"text-align: justify;\"><span style=\"font-weight: 400;\">En voyant et en s\u2019occupant de leurs patients tr\u00e8s r\u00e9guli\u00e8rement, <\/span><b>un vrai lien <\/b><span style=\"font-weight: 400;\">se tisse. C\u2019est pourquoi les auxiliaires de vie doivent poss\u00e9der de tr\u00e8s bonnes qualit\u00e9s relationnelles. Ces qualit\u00e9s leurs permettent de cr\u00e9er une <\/span><b>relation de confiance et de proximit\u00e9 <\/b><span style=\"font-weight: 400;\">avec la personne \u00e0 qui elles apportent leur aide.\u00a0<\/span><\/p>\n<p style=\"text-align: justify;\"><span style=\"font-weight: 400;\">Pour vous assurer que cette relation se passe bien et que les besoins de votre proche soient combl\u00e9s, chacune des aides \u00e0 domicile a pour devoir de r\u00e9sumer dans un carnet de liaison le travail qu\u2019elle a effectu\u00e9 lors de chaque visite. Cela facilite la <\/span><b>communication <\/b><span style=\"font-weight: 400;\">entre tous les partis et vous permet d\u2019\u00eatre s\u00fbr de votre choix d\u2019engager une aide \u00e0 domicile.\u00a0<\/span><\/p>\n<p>[\/et_pb_text][\/et_pb_column][\/et_pb_row][et_pb_row _builder_version=\u00a0\u00bb4.17.4&Prime; _module_preset=\u00a0\u00bbdefault\u00a0\u00bb global_colors_info=\u00a0\u00bb{}\u00a0\u00bb][et_pb_column type=\u00a0\u00bb4_4&Prime; _builder_version=\u00a0\u00bb4.17.4&Prime; _module_preset=\u00a0\u00bbdefault\u00a0\u00bb global_colors_info=\u00a0\u00bb{}\u00a0\u00bb][et_pb_text _builder_version=\u00a0\u00bb4.27.4&Prime; _module_preset=\u00a0\u00bbdefault\u00a0\u00bb header_2_font=\u00a0\u00bbLato|900|||||||\u00a0\u00bb header_2_text_color=\u00a0\u00bb#5800A6&Prime; header_2_font_size=\u00a0\u00bb35px\u00a0\u00bb hover_enabled=\u00a0\u00bb0&Prime; header_font_size_tablet=\u00a0\u00bb\u00a0\u00bb header_font_size_phone=\u00a0\u00bb\u00a0\u00bb header_font_size_last_edited=\u00a0\u00bbon|phone\u00a0\u00bb header_2_text_align_tablet=\u00a0\u00bb\u00a0\u00bb header_2_text_align_phone=\u00a0\u00bbcenter\u00a0\u00bb header_2_text_align_last_edited=\u00a0\u00bbon|phone\u00a0\u00bb header_2_font_size_tablet=\u00a0\u00bb\u00a0\u00bb header_2_font_size_phone=\u00a0\u00bb30px\u00a0\u00bb header_2_font_size_last_edited=\u00a0\u00bbon|phone\u00a0\u00bb header_2_line_height_tablet=\u00a0\u00bb\u00a0\u00bb header_2_line_height_phone=\u00a0\u00bb1.5em\u00a0\u00bb header_2_line_height_last_edited=\u00a0\u00bbon|phone\u00a0\u00bb global_colors_info=\u00a0\u00bb{}\u00a0\u00bb sticky_enabled=\u00a0\u00bb0&Prime;]<\/p>\n<h2><span class=\"ez-toc-section\" id=\"Une_demarche_novatrice_pour_les_auxiliaires_de_vie\"><\/span>Une d\u00e9marche novatrice pour les auxiliaires de vie<span class=\"ez-toc-section-end\"><\/span><\/h2>\n<p>[\/et_pb_text][et_pb_text _builder_version=\u00a0\u00bb4.17.4&Prime; _module_preset=\u00a0\u00bbdefault\u00a0\u00bb text_font=\u00a0\u00bbLato||||||||\u00a0\u00bb text_font_size=\u00a0\u00bb18px\u00a0\u00bb text_line_height=\u00a0\u00bb1.5em\u00a0\u00bb text_font_size_tablet=\u00a0\u00bb18px\u00a0\u00bb text_font_size_phone=\u00a0\u00bb18px\u00a0\u00bb text_font_size_last_edited=\u00a0\u00bbon|phone\u00a0\u00bb global_colors_info=\u00a0\u00bb{}\u00a0\u00bb]<\/p>\n<p style=\"text-align: justify;\"><span style=\"font-weight: 400;\">Lorsque les auxiliaires de vie sont<\/span><span style=\"font-weight: 400;\">\u00a0<\/span><b>ind\u00e9pendantes <\/b><span style=\"font-weight: 400;\">et qu\u2019elles sont conscientes de leur <\/span><b>valeur<\/b><span style=\"font-weight: 400;\">, de leurs <\/span><b>droits <\/b><span style=\"font-weight: 400;\">mais aussi de leurs <\/span><b>devoirs<\/b><span style=\"font-weight: 400;\">, elles peuvent d\u2019autant plus satisfaire le besoin d\u2019assistance de vos proches. C\u2019est pourquoi, pour <a href=\"https:\/\/flavi.fr\/\">Flavi<\/a>, <\/span><b>l\u2019autonomie des auxiliaires <\/b><span style=\"font-weight: 400;\">est un objectif fondamental. En passant par<\/span> <span style=\"font-weight: 400;\">flavi.fr<\/span><span style=\"font-weight: 400;\">,<\/span><span style=\"font-weight: 400;\"> les aides \u00e0 domiciles ind\u00e9pendantes per\u00e7oivent un <\/span><b>meilleur salaire<\/b><span style=\"font-weight: 400;\">, notamment gr\u00e2ce \u00e0 l\u2019absence d\u2019interm\u00e9diaires, alors que <\/span><b>vous payez moins cher <\/b><span style=\"font-weight: 400;\">en moyenne.<\/span><\/p>\n<p style=\"text-align: justify;\"><span style=\"font-weight: 400;\">Cet avantage de salaire, avec l\u2019accompagnement approfondi que l\u2019entreprise apporte \u00e0 ses aides de vie et leur haute professionnalisation, donne lieu \u00e0 <\/span><b>un cercle vertueux <\/b><span style=\"font-weight: 400;\">o\u00f9 tout le monde tire des avantages de la plateforme. <\/span><\/p>\n<p style=\"text-align: justify;\"><span style=\"font-weight: 400;\">Les particuliers employeurs <\/span><span style=\"font-weight: 400;\">ont acc\u00e8s \u00e0 un <\/span><b>service d\u2019excellence <\/b><span style=\"font-weight: 400;\">o\u00f9 les aides \u00e0 domicile sont hautement professionnelles et profitent de <\/span><b>meilleures conditions de travail. <\/b><span style=\"font-weight: 400;\">\u00a0<\/span><\/p>\n<p style=\"text-align: justify;\"><span style=\"font-weight: 400;\">Alors, si vous pensez qu\u2019embaucher une aide \u00e0 domicile pourrait vous permettre de reprendre la situation en mains tout en s\u2019assurant que votre proche soit bien accompagn\u00e9, <\/span><b>n\u2019attendez plus <\/b><span style=\"font-weight: 400;\">! Flavi est <\/span><span style=\"color: #000000;\"><a href=\"https:\/\/flavi.fr\/index.php\/4369-2\/\" style=\"color: #000000;\"><b>LA <\/b><\/a><\/span><span style=\"font-weight: 400;\"><span style=\"color: #000000;\"><a href=\"https:\/\/flavi.fr\/index.php\/4369-2\/\" style=\"color: #000000;\">plateforme<\/a> <\/span>qu\u2019il vous faut pour trouver une auxiliaire de vie qui vous correspond <\/span><i><span style=\"font-weight: 400;\">v\u00e9ritablement<\/span><\/i><span style=\"font-weight: 400;\">. Rendez-vous sur <\/span><span style=\"color: #000000;\"><a href=\"https:\/\/flavi.fr\/\" style=\"color: #000000;\"><span style=\"font-weight: 400;\">flavi.fr<\/span><\/a><\/span> <span style=\"font-weight: 400;\">pour satisfaire en tout point vos besoins !\u00a0<\/span><\/p>\n<p style=\"text-align: justify;\"><span style=\"font-weight: 400;\"><\/span><\/p>\n<p style=\"text-align: justify;\"><span style=\"font-weight: 400;\"><\/span><\/p>\n<p>[\/et_pb_text][et_pb_image src=\u00a0\u00bbhttps:\/\/flavi.fr\/wp-content\/uploads\/2023\/06\/Capture-decran-2023-06-05-124133.png\u00a0\u00bb alt=\u00a0\u00bbMoment de convivialit\u00e9 entre personnes \u00e2g\u00e9es et aidant<br \/>\n\u00a0\u00bb title_text=\u00a0\u00bbCapture d&rsquo;\u00e9cran 2023-06-05 124133&Prime; align=\u00a0\u00bbcenter\u00a0\u00bb _builder_version=\u00a0\u00bb4.17.4&Prime; _module_preset=\u00a0\u00bbdefault\u00a0\u00bb width=\u00a0\u00bb100%\u00a0\u00bb width_tablet=\u00a0\u00bb100%\u00a0\u00bb width_phone=\u00a0\u00bb100%\u00a0\u00bb width_last_edited=\u00a0\u00bbon|phone\u00a0\u00bb max_width=\u00a0\u00bb100%\u00a0\u00bb border_radii=\u00a0\u00bbon|28px|28px|28px|28px\u00a0\u00bb box_shadow_style=\u00a0\u00bbpreset1&Prime; global_colors_info=\u00a0\u00bb{}\u00a0\u00bb][\/et_pb_image][\/et_pb_column][\/et_pb_row][\/et_pb_section]<\/p>\n","protected":false},"excerpt":{"rendered":"<p>Vous devez vous occuper de l\u2019un de vos proches \u00e2g\u00e9s, habitant \u00e0 son domicile, mais cela devient trop compliqu\u00e9 pour vous ? Voici nos conseils pour trouver une aide \u00e0 domicile adapt\u00e9e \u00e0 vos besoins !\u00a0 Si vous avez dans votre entourage une personne en perte d\u2019autonomie, qui a besoin de votre aide, que vous [&hellip;]<\/p>\n","protected":false},"author":1,"featured_media":4540,"comment_status":"open","ping_status":"open","sticky":false,"template":"","format":"aside","meta":{"_et_pb_use_builder":"on","_et_pb_old_content":"","_et_gb_content_width":"1080","_lmt_disableupdate":"","_lmt_disable":"","_monsterinsights_skip_tracking":false,"_monsterinsights_sitenote_active":false,"_monsterinsights_sitenote_note":"","_monsterinsights_sitenote_category":0,"footnotes":""},"categories":[1],"tags":[],"ppma_author":[41],"class_list":["post-4515","post","type-post","status-publish","format-aside","has-post-thumbnail","hentry","category-articles-pour-particuliers","post_format-post-format-aside"],"yoast_head":"<!-- This site is optimized with the Yoast SEO plugin v27.5 - https:\/\/yoast.com\/product\/yoast-seo-wordpress\/ -->\n<title>Comment trouver l\u2019aide \u00e0 domicile faite pour vous ? - Flavi<\/title>\n<meta name=\"description\" content=\"\u00a0Vous devez vous occuper de l\u2019un de vos proches \u00e2g\u00e9s, mais cela devient trop compliqu\u00e9 pour vous ? Tout savoir sur l&#039;aide \u00e0 domicile...\" \/>\n<meta name=\"robots\" content=\"index, follow, max-snippet:-1, max-image-preview:large, max-video-preview:-1\" \/>\n<link rel=\"canonical\" href=\"https:\/\/flavi.fr\/index.php\/2023\/06\/08\/comment-trouver-laide-a-domicile-faite-pour-vous\/\" \/>\n<meta property=\"og:locale\" content=\"fr_FR\" \/>\n<meta property=\"og:type\" content=\"article\" \/>\n<meta property=\"og:title\" content=\"Comment trouver l\u2019aide \u00e0 domicile faite pour vous ? - Flavi\" \/>\n<meta property=\"og:description\" content=\"\u00a0Vous devez vous occuper de l\u2019un de vos proches \u00e2g\u00e9s, mais cela devient trop compliqu\u00e9 pour vous ? Tout savoir sur l&#039;aide \u00e0 domicile...\" \/>\n<meta property=\"og:url\" content=\"https:\/\/flavi.fr\/index.php\/2023\/06\/08\/comment-trouver-laide-a-domicile-faite-pour-vous\/\" \/>\n<meta property=\"og:site_name\" content=\"Flavi\" \/>\n<meta property=\"article:published_time\" content=\"2023-06-08T09:13:21+00:00\" \/>\n<meta property=\"article:modified_time\" content=\"2025-06-19T13:41:07+00:00\" \/>\n<meta property=\"og:image\" content=\"https:\/\/flavi.fr\/wp-content\/uploads\/2023\/06\/Depositphotos_101390240_S.jpg\" \/>\n\t<meta property=\"og:image:width\" content=\"999\" \/>\n\t<meta property=\"og:image:height\" content=\"667\" \/>\n\t<meta property=\"og:image:type\" content=\"image\/jpeg\" \/>\n<meta name=\"author\" content=\"Flavie, experte CESU\" \/>\n<meta name=\"twitter:card\" content=\"summary_large_image\" \/>\n<meta name=\"twitter:label1\" content=\"\u00c9crit par\" \/>\n\t<meta name=\"twitter:data1\" content=\"Flavie, experte CESU\" \/>\n\t<meta name=\"twitter:label2\" content=\"Dur\u00e9e de lecture estim\u00e9e\" \/>\n\t<meta name=\"twitter:data2\" content=\"7 minutes\" \/>\n<script type=\"application\/ld+json\" class=\"yoast-schema-graph\">{\"@context\":\"https:\\\/\\\/schema.org\",\"@graph\":[{\"@type\":\"Article\",\"@id\":\"https:\\\/\\\/flavi.fr\\\/index.php\\\/2023\\\/06\\\/08\\\/comment-trouver-laide-a-domicile-faite-pour-vous\\\/#article\",\"isPartOf\":{\"@id\":\"https:\\\/\\\/flavi.fr\\\/index.php\\\/2023\\\/06\\\/08\\\/comment-trouver-laide-a-domicile-faite-pour-vous\\\/\"},\"author\":{\"name\":\"Eva Muringer, Fondatrice de Flavi et enseignante\",\"@id\":\"https:\\\/\\\/flavi.fr\\\/#\\\/schema\\\/person\\\/e540732270cd8b3a026a503df4f1ea3d\"},\"headline\":\"Comment trouver l\u2019aide \u00e0 domicile faite pour vous ?\",\"datePublished\":\"2023-06-08T09:13:21+00:00\",\"dateModified\":\"2025-06-19T13:41:07+00:00\",\"mainEntityOfPage\":{\"@id\":\"https:\\\/\\\/flavi.fr\\\/index.php\\\/2023\\\/06\\\/08\\\/comment-trouver-laide-a-domicile-faite-pour-vous\\\/\"},\"wordCount\":2605,\"commentCount\":2,\"image\":{\"@id\":\"https:\\\/\\\/flavi.fr\\\/index.php\\\/2023\\\/06\\\/08\\\/comment-trouver-laide-a-domicile-faite-pour-vous\\\/#primaryimage\"},\"thumbnailUrl\":\"https:\\\/\\\/flavi.fr\\\/wp-content\\\/uploads\\\/2023\\\/06\\\/Depositphotos_101390240_S.jpg\",\"articleSection\":[\"Articles pour particuliers\"],\"inLanguage\":\"fr-FR\",\"potentialAction\":[{\"@type\":\"CommentAction\",\"name\":\"Comment\",\"target\":[\"https:\\\/\\\/flavi.fr\\\/index.php\\\/2023\\\/06\\\/08\\\/comment-trouver-laide-a-domicile-faite-pour-vous\\\/#respond\"]}]},{\"@type\":\"WebPage\",\"@id\":\"https:\\\/\\\/flavi.fr\\\/index.php\\\/2023\\\/06\\\/08\\\/comment-trouver-laide-a-domicile-faite-pour-vous\\\/\",\"url\":\"https:\\\/\\\/flavi.fr\\\/index.php\\\/2023\\\/06\\\/08\\\/comment-trouver-laide-a-domicile-faite-pour-vous\\\/\",\"name\":\"Comment trouver l\u2019aide \u00e0 domicile faite pour vous ? - Flavi\",\"isPartOf\":{\"@id\":\"https:\\\/\\\/flavi.fr\\\/#website\"},\"primaryImageOfPage\":{\"@id\":\"https:\\\/\\\/flavi.fr\\\/index.php\\\/2023\\\/06\\\/08\\\/comment-trouver-laide-a-domicile-faite-pour-vous\\\/#primaryimage\"},\"image\":{\"@id\":\"https:\\\/\\\/flavi.fr\\\/index.php\\\/2023\\\/06\\\/08\\\/comment-trouver-laide-a-domicile-faite-pour-vous\\\/#primaryimage\"},\"thumbnailUrl\":\"https:\\\/\\\/flavi.fr\\\/wp-content\\\/uploads\\\/2023\\\/06\\\/Depositphotos_101390240_S.jpg\",\"datePublished\":\"2023-06-08T09:13:21+00:00\",\"dateModified\":\"2025-06-19T13:41:07+00:00\",\"author\":{\"@id\":\"https:\\\/\\\/flavi.fr\\\/#\\\/schema\\\/person\\\/e540732270cd8b3a026a503df4f1ea3d\"},\"description\":\"\u00a0Vous devez vous occuper de l\u2019un de vos proches \u00e2g\u00e9s, mais cela devient trop compliqu\u00e9 pour vous ? Tout savoir sur l'aide \u00e0 domicile...\",\"breadcrumb\":{\"@id\":\"https:\\\/\\\/flavi.fr\\\/index.php\\\/2023\\\/06\\\/08\\\/comment-trouver-laide-a-domicile-faite-pour-vous\\\/#breadcrumb\"},\"inLanguage\":\"fr-FR\",\"potentialAction\":[{\"@type\":\"ReadAction\",\"target\":[\"https:\\\/\\\/flavi.fr\\\/index.php\\\/2023\\\/06\\\/08\\\/comment-trouver-laide-a-domicile-faite-pour-vous\\\/\"]}]},{\"@type\":\"ImageObject\",\"inLanguage\":\"fr-FR\",\"@id\":\"https:\\\/\\\/flavi.fr\\\/index.php\\\/2023\\\/06\\\/08\\\/comment-trouver-laide-a-domicile-faite-pour-vous\\\/#primaryimage\",\"url\":\"https:\\\/\\\/flavi.fr\\\/wp-content\\\/uploads\\\/2023\\\/06\\\/Depositphotos_101390240_S.jpg\",\"contentUrl\":\"https:\\\/\\\/flavi.fr\\\/wp-content\\\/uploads\\\/2023\\\/06\\\/Depositphotos_101390240_S.jpg\",\"width\":999,\"height\":667,\"caption\":\"Elderly woman with young woman at the grocery store\"},{\"@type\":\"BreadcrumbList\",\"@id\":\"https:\\\/\\\/flavi.fr\\\/index.php\\\/2023\\\/06\\\/08\\\/comment-trouver-laide-a-domicile-faite-pour-vous\\\/#breadcrumb\",\"itemListElement\":[{\"@type\":\"ListItem\",\"position\":1,\"name\":\"Accueil\",\"item\":\"https:\\\/\\\/flavi.fr\\\/\"},{\"@type\":\"ListItem\",\"position\":2,\"name\":\"Comment trouver l\u2019aide \u00e0 domicile faite pour vous ?\"}]},{\"@type\":\"WebSite\",\"@id\":\"https:\\\/\\\/flavi.fr\\\/#website\",\"url\":\"https:\\\/\\\/flavi.fr\\\/\",\"name\":\"Flavi\",\"description\":\"auxiliaires de vie ind\u00e9pendantes\",\"potentialAction\":[{\"@type\":\"SearchAction\",\"target\":{\"@type\":\"EntryPoint\",\"urlTemplate\":\"https:\\\/\\\/flavi.fr\\\/?s={search_term_string}\"},\"query-input\":{\"@type\":\"PropertyValueSpecification\",\"valueRequired\":true,\"valueName\":\"search_term_string\"}}],\"inLanguage\":\"fr-FR\"},{\"@type\":\"Person\",\"@id\":\"https:\\\/\\\/flavi.fr\\\/#\\\/schema\\\/person\\\/e540732270cd8b3a026a503df4f1ea3d\",\"name\":\"Eva Muringer, Fondatrice de Flavi et enseignante\",\"image\":{\"@type\":\"ImageObject\",\"inLanguage\":\"fr-FR\",\"@id\":\"https:\\\/\\\/secure.gravatar.com\\\/avatar\\\/c30b4e242c14546872cc63671192d7e6cac888c35741f84be86494a741cfb896?s=96&d=mm&r=g1e593406708024e749a1e9e33b45acc9\",\"url\":\"https:\\\/\\\/secure.gravatar.com\\\/avatar\\\/c30b4e242c14546872cc63671192d7e6cac888c35741f84be86494a741cfb896?s=96&d=mm&r=g\",\"contentUrl\":\"https:\\\/\\\/secure.gravatar.com\\\/avatar\\\/c30b4e242c14546872cc63671192d7e6cac888c35741f84be86494a741cfb896?s=96&d=mm&r=g\",\"caption\":\"Eva Muringer, Fondatrice de Flavi et enseignante\"},\"sameAs\":[\"https:\\\/\\\/www.flavi.fr\"],\"url\":\"https:\\\/\\\/flavi.fr\\\/index.php\\\/author\\\/admin7211\\\/\"}]}<\/script>\n<!-- \/ Yoast SEO plugin. -->","yoast_head_json":{"title":"Comment trouver l\u2019aide \u00e0 domicile faite pour vous ? - Flavi","description":"\u00a0Vous devez vous occuper de l\u2019un de vos proches \u00e2g\u00e9s, mais cela devient trop compliqu\u00e9 pour vous ? Tout savoir sur l'aide \u00e0 domicile...","robots":{"index":"index","follow":"follow","max-snippet":"max-snippet:-1","max-image-preview":"max-image-preview:large","max-video-preview":"max-video-preview:-1"},"canonical":"https:\/\/flavi.fr\/index.php\/2023\/06\/08\/comment-trouver-laide-a-domicile-faite-pour-vous\/","og_locale":"fr_FR","og_type":"article","og_title":"Comment trouver l\u2019aide \u00e0 domicile faite pour vous ? - Flavi","og_description":"\u00a0Vous devez vous occuper de l\u2019un de vos proches \u00e2g\u00e9s, mais cela devient trop compliqu\u00e9 pour vous ? Tout savoir sur l'aide \u00e0 domicile...","og_url":"https:\/\/flavi.fr\/index.php\/2023\/06\/08\/comment-trouver-laide-a-domicile-faite-pour-vous\/","og_site_name":"Flavi","article_published_time":"2023-06-08T09:13:21+00:00","article_modified_time":"2025-06-19T13:41:07+00:00","og_image":[{"width":999,"height":667,"url":"https:\/\/flavi.fr\/wp-content\/uploads\/2023\/06\/Depositphotos_101390240_S.jpg","type":"image\/jpeg"}],"author":"Flavie, experte CESU","twitter_card":"summary_large_image","twitter_misc":{"\u00c9crit par":"Flavie, experte CESU","Dur\u00e9e de lecture estim\u00e9e":"7 minutes"},"schema":{"@context":"https:\/\/schema.org","@graph":[{"@type":"Article","@id":"https:\/\/flavi.fr\/index.php\/2023\/06\/08\/comment-trouver-laide-a-domicile-faite-pour-vous\/#article","isPartOf":{"@id":"https:\/\/flavi.fr\/index.php\/2023\/06\/08\/comment-trouver-laide-a-domicile-faite-pour-vous\/"},"author":{"name":"Eva Muringer, Fondatrice de Flavi et enseignante","@id":"https:\/\/flavi.fr\/#\/schema\/person\/e540732270cd8b3a026a503df4f1ea3d"},"headline":"Comment trouver l\u2019aide \u00e0 domicile faite pour vous ?","datePublished":"2023-06-08T09:13:21+00:00","dateModified":"2025-06-19T13:41:07+00:00","mainEntityOfPage":{"@id":"https:\/\/flavi.fr\/index.php\/2023\/06\/08\/comment-trouver-laide-a-domicile-faite-pour-vous\/"},"wordCount":2605,"commentCount":2,"image":{"@id":"https:\/\/flavi.fr\/index.php\/2023\/06\/08\/comment-trouver-laide-a-domicile-faite-pour-vous\/#primaryimage"},"thumbnailUrl":"https:\/\/flavi.fr\/wp-content\/uploads\/2023\/06\/Depositphotos_101390240_S.jpg","articleSection":["Articles pour particuliers"],"inLanguage":"fr-FR","potentialAction":[{"@type":"CommentAction","name":"Comment","target":["https:\/\/flavi.fr\/index.php\/2023\/06\/08\/comment-trouver-laide-a-domicile-faite-pour-vous\/#respond"]}]},{"@type":"WebPage","@id":"https:\/\/flavi.fr\/index.php\/2023\/06\/08\/comment-trouver-laide-a-domicile-faite-pour-vous\/","url":"https:\/\/flavi.fr\/index.php\/2023\/06\/08\/comment-trouver-laide-a-domicile-faite-pour-vous\/","name":"Comment trouver l\u2019aide \u00e0 domicile faite pour vous ? - Flavi","isPartOf":{"@id":"https:\/\/flavi.fr\/#website"},"primaryImageOfPage":{"@id":"https:\/\/flavi.fr\/index.php\/2023\/06\/08\/comment-trouver-laide-a-domicile-faite-pour-vous\/#primaryimage"},"image":{"@id":"https:\/\/flavi.fr\/index.php\/2023\/06\/08\/comment-trouver-laide-a-domicile-faite-pour-vous\/#primaryimage"},"thumbnailUrl":"https:\/\/flavi.fr\/wp-content\/uploads\/2023\/06\/Depositphotos_101390240_S.jpg","datePublished":"2023-06-08T09:13:21+00:00","dateModified":"2025-06-19T13:41:07+00:00","author":{"@id":"https:\/\/flavi.fr\/#\/schema\/person\/e540732270cd8b3a026a503df4f1ea3d"},"description":"\u00a0Vous devez vous occuper de l\u2019un de vos proches \u00e2g\u00e9s, mais cela devient trop compliqu\u00e9 pour vous ? Tout savoir sur l'aide \u00e0 domicile...","breadcrumb":{"@id":"https:\/\/flavi.fr\/index.php\/2023\/06\/08\/comment-trouver-laide-a-domicile-faite-pour-vous\/#breadcrumb"},"inLanguage":"fr-FR","potentialAction":[{"@type":"ReadAction","target":["https:\/\/flavi.fr\/index.php\/2023\/06\/08\/comment-trouver-laide-a-domicile-faite-pour-vous\/"]}]},{"@type":"ImageObject","inLanguage":"fr-FR","@id":"https:\/\/flavi.fr\/index.php\/2023\/06\/08\/comment-trouver-laide-a-domicile-faite-pour-vous\/#primaryimage","url":"https:\/\/flavi.fr\/wp-content\/uploads\/2023\/06\/Depositphotos_101390240_S.jpg","contentUrl":"https:\/\/flavi.fr\/wp-content\/uploads\/2023\/06\/Depositphotos_101390240_S.jpg","width":999,"height":667,"caption":"Elderly woman with young woman at the grocery store"},{"@type":"BreadcrumbList","@id":"https:\/\/flavi.fr\/index.php\/2023\/06\/08\/comment-trouver-laide-a-domicile-faite-pour-vous\/#breadcrumb","itemListElement":[{"@type":"ListItem","position":1,"name":"Accueil","item":"https:\/\/flavi.fr\/"},{"@type":"ListItem","position":2,"name":"Comment trouver l\u2019aide \u00e0 domicile faite pour vous ?"}]},{"@type":"WebSite","@id":"https:\/\/flavi.fr\/#website","url":"https:\/\/flavi.fr\/","name":"Flavi","description":"auxiliaires de vie ind\u00e9pendantes","potentialAction":[{"@type":"SearchAction","target":{"@type":"EntryPoint","urlTemplate":"https:\/\/flavi.fr\/?s={search_term_string}"},"query-input":{"@type":"PropertyValueSpecification","valueRequired":true,"valueName":"search_term_string"}}],"inLanguage":"fr-FR"},{"@type":"Person","@id":"https:\/\/flavi.fr\/#\/schema\/person\/e540732270cd8b3a026a503df4f1ea3d","name":"Eva Muringer, Fondatrice de Flavi et enseignante","image":{"@type":"ImageObject","inLanguage":"fr-FR","@id":"https:\/\/secure.gravatar.com\/avatar\/c30b4e242c14546872cc63671192d7e6cac888c35741f84be86494a741cfb896?s=96&d=mm&r=g1e593406708024e749a1e9e33b45acc9","url":"https:\/\/secure.gravatar.com\/avatar\/c30b4e242c14546872cc63671192d7e6cac888c35741f84be86494a741cfb896?s=96&d=mm&r=g","contentUrl":"https:\/\/secure.gravatar.com\/avatar\/c30b4e242c14546872cc63671192d7e6cac888c35741f84be86494a741cfb896?s=96&d=mm&r=g","caption":"Eva Muringer, Fondatrice de Flavi et enseignante"},"sameAs":["https:\/\/www.flavi.fr"],"url":"https:\/\/flavi.fr\/index.php\/author\/admin7211\/"}]}},"modified_by":"Eva Muringer, Fondatrice de Flavi et enseignante","authors":[{"term_id":41,"user_id":1,"is_guest":0,"slug":"admin7211","display_name":"Flavie, experte CESU","avatar_url":"https:\/\/secure.gravatar.com\/avatar\/c30b4e242c14546872cc63671192d7e6cac888c35741f84be86494a741cfb896?s=96&d=mm&r=g","1":"","2":"","3":"","4":"","5":"","6":"","7":"","8":""}],"_links":{"self":[{"href":"https:\/\/flavi.fr\/index.php\/wp-json\/wp\/v2\/posts\/4515","targetHints":{"allow":["GET"]}}],"collection":[{"href":"https:\/\/flavi.fr\/index.php\/wp-json\/wp\/v2\/posts"}],"about":[{"href":"https:\/\/flavi.fr\/index.php\/wp-json\/wp\/v2\/types\/post"}],"author":[{"embeddable":true,"href":"https:\/\/flavi.fr\/index.php\/wp-json\/wp\/v2\/users\/1"}],"replies":[{"embeddable":true,"href":"https:\/\/flavi.fr\/index.php\/wp-json\/wp\/v2\/comments?post=4515"}],"version-history":[{"count":0,"href":"https:\/\/flavi.fr\/index.php\/wp-json\/wp\/v2\/posts\/4515\/revisions"}],"wp:featuredmedia":[{"embeddable":true,"href":"https:\/\/flavi.fr\/index.php\/wp-json\/wp\/v2\/media\/4540"}],"wp:attachment":[{"href":"https:\/\/flavi.fr\/index.php\/wp-json\/wp\/v2\/media?parent=4515"}],"wp:term":[{"taxonomy":"category","embeddable":true,"href":"https:\/\/flavi.fr\/index.php\/wp-json\/wp\/v2\/categories?post=4515"},{"taxonomy":"post_tag","embeddable":true,"href":"https:\/\/flavi.fr\/index.php\/wp-json\/wp\/v2\/tags?post=4515"},{"taxonomy":"author","embeddable":true,"href":"https:\/\/flavi.fr\/index.php\/wp-json\/wp\/v2\/ppma_author?post=4515"}],"curies":[{"name":"wp","href":"https:\/\/api.w.org\/{rel}","templated":true}]}}