{"id":4292,"date":"2023-05-22T16:31:21","date_gmt":"2023-05-22T14:31:21","guid":{"rendered":"https:\/\/flavi.fr\/?p=4292"},"modified":"2025-10-29T09:19:58","modified_gmt":"2025-10-29T08:19:58","slug":"comment-calculer-et-declarer-ses-frais-reels-en-cesu","status":"publish","type":"post","link":"https:\/\/flavi.fr\/index.php\/2023\/05\/22\/comment-calculer-et-declarer-ses-frais-reels-en-cesu\/","title":{"rendered":"Comment calculer et d\u00e9clarer ses frais r\u00e9els en CESU ?"},"content":{"rendered":"<p>[et_pb_section fb_built=\u00a0\u00bb1&Prime; _builder_version=\u00a0\u00bb4.17.4&Prime; _module_preset=\u00a0\u00bbdefault\u00a0\u00bb global_colors_info=\u00a0\u00bb{}\u00a0\u00bb][et_pb_row _builder_version=\u00a0\u00bb4.17.4&Prime; _module_preset=\u00a0\u00bbdefault\u00a0\u00bb global_colors_info=\u00a0\u00bb{}\u00a0\u00bb][et_pb_column type=\u00a0\u00bb4_4&Prime; _builder_version=\u00a0\u00bb4.17.4&Prime; _module_preset=\u00a0\u00bbdefault\u00a0\u00bb global_colors_info=\u00a0\u00bb{}\u00a0\u00bb][et_pb_text _builder_version=\u00a0\u00bb4.17.4&Prime; _module_preset=\u00a0\u00bbdefault\u00a0\u00bb text_font=\u00a0\u00bbLato||||||||\u00a0\u00bb text_font_size=\u00a0\u00bb18px\u00a0\u00bb text_line_height=\u00a0\u00bb1.5em\u00a0\u00bb text_font_size_tablet=\u00a0\u00bb18px\u00a0\u00bb text_font_size_phone=\u00a0\u00bb18px\u00a0\u00bb text_font_size_last_edited=\u00a0\u00bbon|desktop\u00a0\u00bb global_colors_info=\u00a0\u00bb{}\u00a0\u00bb]<\/p>\n<p style=\"text-align: justify;\"><span style=\"color: #000000;\"><span style=\"font-weight: 400;\">En tant qu&rsquo;aide \u00e0 domicile travaillant en CESU, comprendre<\/span><b> comment calculer vos frais r\u00e9els<\/b><span style=\"font-weight: 400;\"> est essentiel pour optimiser vos revenus. Aujourd\u2019hui, <\/span><a href=\"https:\/\/flavi.fr\/\" style=\"color: #000000;\"><span style=\"font-weight: 400;\">Flavi<\/span><\/a><span style=\"font-weight: 400;\"> vous explique \u00e0 travers ce guide complet, comment calculer vos frais r\u00e9els \u00e9tape par \u00e9tape, en \u00e9vitant les erreurs courantes. De cette fa\u00e7on, vous pourrez optimiser votre d\u00e9claration et <\/span><b>maximiser les d\u00e9ductions fiscales auxquelles vous avez droi<\/b><span style=\"font-weight: 400;\">t.<\/span><\/span><\/p>\n<p>[\/et_pb_text][\/et_pb_column][\/et_pb_row][et_pb_row column_structure=\u00a0\u00bb1_4,3_4&Prime; _builder_version=\u00a0\u00bb4.17.4&Prime; _module_preset=\u00a0\u00bbdefault\u00a0\u00bb global_colors_info=\u00a0\u00bb{}\u00a0\u00bb][et_pb_column type=\u00a0\u00bb1_4&Prime; _builder_version=\u00a0\u00bb4.17.4&Prime; _module_preset=\u00a0\u00bbdefault\u00a0\u00bb global_colors_info=\u00a0\u00bb{}\u00a0\u00bb][et_pb_icon font_icon=\u00a0\u00bb&#xf071;||fa||900&Prime; icon_color=\u00a0\u00bb#ffc600&Prime; icon_width=\u00a0\u00bb61px\u00a0\u00bb _builder_version=\u00a0\u00bb4.24.2&Prime; _module_preset=\u00a0\u00bbdefault\u00a0\u00bb global_colors_info=\u00a0\u00bb{}\u00a0\u00bb][\/et_pb_icon][\/et_pb_column][et_pb_column type=\u00a0\u00bb3_4&Prime; _builder_version=\u00a0\u00bb4.17.4&Prime; _module_preset=\u00a0\u00bbdefault\u00a0\u00bb global_colors_info=\u00a0\u00bb{}\u00a0\u00bb][et_pb_text _builder_version=\u00a0\u00bb4.24.2&Prime; _module_preset=\u00a0\u00bbdefault\u00a0\u00bb text_font=\u00a0\u00bbLato||||||||\u00a0\u00bb text_text_color=\u00a0\u00bb#2e5c9f\u00a0\u00bb text_font_size=\u00a0\u00bb18px\u00a0\u00bb text_line_height=\u00a0\u00bb1.5em\u00a0\u00bb custom_margin=\u00a0\u00bb-11px|||-86px|false|false\u00a0\u00bb custom_margin_tablet=\u00a0\u00bb-11px|||-86px|false|false\u00a0\u00bb custom_margin_phone=\u00a0\u00bb-11px|||-20px|false|false\u00a0\u00bb custom_margin_last_edited=\u00a0\u00bbon|desktop\u00a0\u00bb custom_padding=\u00a0\u00bb0px||||false|false\u00a0\u00bb text_font_size_tablet=\u00a0\u00bb18px\u00a0\u00bb text_font_size_phone=\u00a0\u00bb18px\u00a0\u00bb text_font_size_last_edited=\u00a0\u00bbon|desktop\u00a0\u00bb global_colors_info=\u00a0\u00bb{}\u00a0\u00bb]<\/p>\n<p style=\"text-align: justify;\"><strong>D\u00e9clarer ses frais r\u00e9els est indispensable si vous estimez que les d\u00e9penses engag\u00e9es au titre de l\u2019exercice de votre m\u00e9tier sont sup\u00e9rieures \u00e0 10% de votre salaire (d\u00e9duction forfaitaire faite \u00e0 tous les contribuables).<\/strong><\/p>\n<p>[\/et_pb_text][\/et_pb_column][\/et_pb_row][et_pb_row _builder_version=\u00a0\u00bb4.17.4&Prime; _module_preset=\u00a0\u00bbdefault\u00a0\u00bb global_colors_info=\u00a0\u00bb{}\u00a0\u00bb][et_pb_column type=\u00a0\u00bb4_4&Prime; _builder_version=\u00a0\u00bb4.17.4&Prime; _module_preset=\u00a0\u00bbdefault\u00a0\u00bb global_colors_info=\u00a0\u00bb{}\u00a0\u00bb][et_pb_text _builder_version=\u00a0\u00bb4.17.4&Prime; _module_preset=\u00a0\u00bbdefault\u00a0\u00bb text_font=\u00a0\u00bbLato||||||||\u00a0\u00bb text_font_size=\u00a0\u00bb18px\u00a0\u00bb text_line_height=\u00a0\u00bb1.5em\u00a0\u00bb text_font_size_tablet=\u00a0\u00bb18px\u00a0\u00bb text_font_size_phone=\u00a0\u00bb18px\u00a0\u00bb text_font_size_last_edited=\u00a0\u00bbon|phone\u00a0\u00bb global_colors_info=\u00a0\u00bb{}\u00a0\u00bb]<\/p>\n<p style=\"text-align: justify;\"><span style=\"font-weight: 400; color: #000000;\">Si cela n\u2019est pas le cas, alors il est pr\u00e9f\u00e9rable de rester au r\u00e9gime de l\u2019abattement.\u00a0<\/span><\/p>\n<p style=\"text-align: justify;\"><span style=\"font-weight: 400; color: #000000;\">Toutefois, aide \u00e0 domicile est un m\u00e9tier qui, de par sa nature, induit beaucoup de frais, notamment du fait des fr\u00e9quents trajets entre les employeurs. A moins de travailler \u00e0 pied, ou de n\u2019avoir qu\u2019un seul employeur, alors il est fr\u00e9quent que la formule des frais r\u00e9els, soit plus adapt\u00e9e \u00e0 votre situation que la formule de l\u2019abattement pr\u00e9vu pour tous les contribuables.<\/span><\/p>\n<p>[\/et_pb_text][\/et_pb_column][\/et_pb_row][et_pb_row _builder_version=\u00a0\u00bb4.17.4&Prime; _module_preset=\u00a0\u00bbdefault\u00a0\u00bb global_colors_info=\u00a0\u00bb{}\u00a0\u00bb][et_pb_column type=\u00a0\u00bb4_4&Prime; _builder_version=\u00a0\u00bb4.17.4&Prime; _module_preset=\u00a0\u00bbdefault\u00a0\u00bb global_colors_info=\u00a0\u00bb{}\u00a0\u00bb][et_pb_text _builder_version=\u00a0\u00bb4.24.2&Prime; _module_preset=\u00a0\u00bbdefault\u00a0\u00bb text_font=\u00a0\u00bbABeeZee||||||||\u00a0\u00bb text_text_color=\u00a0\u00bb#5800a6&Prime; header_2_font=\u00a0\u00bbLato|900|||||||\u00a0\u00bb header_2_text_color=\u00a0\u00bb#5800A6&Prime; header_2_font_size=\u00a0\u00bb35px\u00a0\u00bb header_2_line_height=\u00a0\u00bb1.5em\u00a0\u00bb header_2_font_tablet=\u00a0\u00bbABeeZee||||||||\u00a0\u00bb header_2_font_phone=\u00a0\u00bbABeeZee||||||||\u00a0\u00bb header_2_font_last_edited=\u00a0\u00bbon|phone\u00a0\u00bb header_2_font_size_tablet=\u00a0\u00bb\u00a0\u00bb header_2_font_size_phone=\u00a0\u00bb30px\u00a0\u00bb header_2_font_size_last_edited=\u00a0\u00bbon|desktop\u00a0\u00bb global_colors_info=\u00a0\u00bb{}\u00a0\u00bb]<\/p>\n<div id=\"ez-toc-container\" class=\"ez-toc-v2_0_82_2 ez-toc-wrap-center counter-hierarchy ez-toc-counter ez-toc-custom ez-toc-container-direction\">\n<div class=\"ez-toc-title-container\">\n<p class=\"ez-toc-title\" style=\"cursor:inherit\">Sommaire<\/p>\n<span class=\"ez-toc-title-toggle\"><a href=\"#\" class=\"ez-toc-pull-right ez-toc-btn ez-toc-btn-xs ez-toc-btn-default ez-toc-toggle\" aria-label=\"Toggle Table of Content\"><span class=\"ez-toc-js-icon-con\"><span class=\"\"><span class=\"eztoc-hide\" style=\"display:none;\">Toggle<\/span><span class=\"ez-toc-icon-toggle-span\"><svg style=\"fill: #000000;color:#000000\" xmlns=\"http:\/\/www.w3.org\/2000\/svg\" class=\"list-377408\" width=\"20px\" height=\"20px\" viewBox=\"0 0 24 24\" fill=\"none\"><path d=\"M6 6H4v2h2V6zm14 0H8v2h12V6zM4 11h2v2H4v-2zm16 0H8v2h12v-2zM4 16h2v2H4v-2zm16 0H8v2h12v-2z\" fill=\"currentColor\"><\/path><\/svg><svg style=\"fill: #000000;color:#000000\" class=\"arrow-unsorted-368013\" xmlns=\"http:\/\/www.w3.org\/2000\/svg\" width=\"10px\" height=\"10px\" viewBox=\"0 0 24 24\" version=\"1.2\" baseProfile=\"tiny\"><path d=\"M18.2 9.3l-6.2-6.3-6.2 6.3c-.2.2-.3.4-.3.7s.1.5.3.7c.2.2.4.3.7.3h11c.3 0 .5-.1.7-.3.2-.2.3-.5.3-.7s-.1-.5-.3-.7zM5.8 14.7l6.2 6.3 6.2-6.3c.2-.2.3-.5.3-.7s-.1-.5-.3-.7c-.2-.2-.4-.3-.7-.3h-11c-.3 0-.5.1-.7.3-.2.2-.3.5-.3.7s.1.5.3.7z\"\/><\/svg><\/span><\/span><\/span><\/a><\/span><\/div>\n<nav><ul class='ez-toc-list ez-toc-list-level-1 ' ><li class='ez-toc-page-1 ez-toc-heading-level-2'><a class=\"ez-toc-link ez-toc-heading-1\" href=\"https:\/\/flavi.fr\/index.php\/2023\/05\/22\/comment-calculer-et-declarer-ses-frais-reels-en-cesu\/#Pourquoi_est-il_important_de_bien_calculer_ses_frais_reels_en_CESU\" >Pourquoi est-il important de bien calculer ses frais r\u00e9els en CESU?<\/a><\/li><li class='ez-toc-page-1 ez-toc-heading-level-2'><a class=\"ez-toc-link ez-toc-heading-2\" href=\"https:\/\/flavi.fr\/index.php\/2023\/05\/22\/comment-calculer-et-declarer-ses-frais-reels-en-cesu\/#Quelle_methode_pour_les_declarer\" >Quelle m\u00e9thode pour les d\u00e9clarer ?<\/a><ul class='ez-toc-list-level-3' ><li class='ez-toc-heading-level-3'><a class=\"ez-toc-link ez-toc-heading-3\" href=\"https:\/\/flavi.fr\/index.php\/2023\/05\/22\/comment-calculer-et-declarer-ses-frais-reels-en-cesu\/#Quelle_est_la_difference_entre_ces_2_methodes\" >Quelle est la diff\u00e9rence entre ces 2 m\u00e9thodes ?<\/a><ul class='ez-toc-list-level-4' ><li class='ez-toc-heading-level-4'><a class=\"ez-toc-link ez-toc-heading-4\" href=\"https:\/\/flavi.fr\/index.php\/2023\/05\/22\/comment-calculer-et-declarer-ses-frais-reels-en-cesu\/#Par_le_bareme\" >Par le bar\u00e8me :\u00a0<\/a><\/li><li class='ez-toc-page-1 ez-toc-heading-level-4'><a class=\"ez-toc-link ez-toc-heading-5\" href=\"https:\/\/flavi.fr\/index.php\/2023\/05\/22\/comment-calculer-et-declarer-ses-frais-reels-en-cesu\/#Sans_le_bareme\" >Sans le bar\u00e8me :<\/a><\/li><\/ul><\/li><li class='ez-toc-page-1 ez-toc-heading-level-3'><a class=\"ez-toc-link ez-toc-heading-6\" href=\"https:\/\/flavi.fr\/index.php\/2023\/05\/22\/comment-calculer-et-declarer-ses-frais-reels-en-cesu\/#Pouvez_vous_inclure_dautres_frais\" >Pouvez vous inclure d&rsquo;autres frais ?<\/a><\/li><\/ul><\/li><li class='ez-toc-page-1 ez-toc-heading-level-2'><a class=\"ez-toc-link ez-toc-heading-7\" href=\"https:\/\/flavi.fr\/index.php\/2023\/05\/22\/comment-calculer-et-declarer-ses-frais-reels-en-cesu\/#Comment_calculer_ses_frais_reels_etape_par_etape\" >Comment calculer ses frais r\u00e9els \u00e9tape par \u00e9tape.<\/a><ul class='ez-toc-list-level-3' ><li class='ez-toc-heading-level-3'><a class=\"ez-toc-link ez-toc-heading-8\" href=\"https:\/\/flavi.fr\/index.php\/2023\/05\/22\/comment-calculer-et-declarer-ses-frais-reels-en-cesu\/#Etape_1_Documentez_tous_vos_frais\" >Etape 1 : Documentez tous vos frais :<\/a><\/li><li class='ez-toc-page-1 ez-toc-heading-level-3'><a class=\"ez-toc-link ez-toc-heading-9\" href=\"https:\/\/flavi.fr\/index.php\/2023\/05\/22\/comment-calculer-et-declarer-ses-frais-reels-en-cesu\/#Etape_2_Calculez_les_frais_de_deplacement\" >Etape 2 : Calculez les frais de d\u00e9placement :<\/a><\/li><li class='ez-toc-page-1 ez-toc-heading-level-3'><a class=\"ez-toc-link ez-toc-heading-10\" href=\"https:\/\/flavi.fr\/index.php\/2023\/05\/22\/comment-calculer-et-declarer-ses-frais-reels-en-cesu\/#Etape_3_Additionnez_vos_frais_de_formation_et_de_materiel\" >Etape 3 : Additionnez vos frais de formation et de mat\u00e9riel :<\/a><\/li><li class='ez-toc-page-1 ez-toc-heading-level-3'><a class=\"ez-toc-link ez-toc-heading-11\" href=\"https:\/\/flavi.fr\/index.php\/2023\/05\/22\/comment-calculer-et-declarer-ses-frais-reels-en-cesu\/#Etape_4_Faites_la_somme_de_toutes_vos_depenses\" >Etape 4 : Faites la somme de toutes vos d\u00e9penses\u00a0:<\/a><\/li><\/ul><\/li><li class='ez-toc-page-1 ez-toc-heading-level-2'><a class=\"ez-toc-link ez-toc-heading-12\" href=\"https:\/\/flavi.fr\/index.php\/2023\/05\/22\/comment-calculer-et-declarer-ses-frais-reels-en-cesu\/#Les_erreurs_courantes_lors_de_la_declaration_des_frais_reels_et_comment_les_eviter\" >Les erreurs courantes lors de la d\u00e9claration des frais r\u00e9els et comment les \u00e9viter.<\/a><\/li><li class='ez-toc-page-1 ez-toc-heading-level-2'><a class=\"ez-toc-link ez-toc-heading-13\" href=\"https:\/\/flavi.fr\/index.php\/2023\/05\/22\/comment-calculer-et-declarer-ses-frais-reels-en-cesu\/#Pour_resumer\" >Pour r\u00e9sumer<\/a><\/li><\/ul><\/nav><\/div>\n<h2><span class=\"ez-toc-section\" id=\"Pourquoi_est-il_important_de_bien_calculer_ses_frais_reels_en_CESU\"><\/span>Pourquoi est-il important de bien calculer ses frais r\u00e9els en CESU?<span class=\"ez-toc-section-end\"><\/span><\/h2>\n<p>[\/et_pb_text][et_pb_text _builder_version=\u00a0\u00bb4.17.4&Prime; _module_preset=\u00a0\u00bbdefault\u00a0\u00bb text_font=\u00a0\u00bbLato||||||||\u00a0\u00bb text_font_size=\u00a0\u00bb18px\u00a0\u00bb text_line_height=\u00a0\u00bb1.5em\u00a0\u00bb text_font_size_tablet=\u00a0\u00bb18px\u00a0\u00bb text_font_size_phone=\u00a0\u00bb18px\u00a0\u00bb text_font_size_last_edited=\u00a0\u00bbon|desktop\u00a0\u00bb global_colors_info=\u00a0\u00bb{}\u00a0\u00bb]<\/p>\n<p style=\"text-align: justify;\"><span style=\"font-weight: 400; color: #000000;\">La \u201cd\u00e9claration des frais r\u00e9els\u201d est un outil pr\u00e9cieux et indispensable pour toutes les personnes travaillant en CESU. En effet, cela vous permet de d\u00e9duire de votre revenu imposable toutes les d\u00e9penses que vous engagez pour votre activit\u00e9. De plus, une bonne gestion de vos frais r\u00e9els vous donne une vision plus claire de votre situation financi\u00e8re r\u00e9elle, vous permettant de mieux planifier et g\u00e9rer votre budget.<\/span><\/p>\n<p style=\"text-align: justify;\"><span style=\"font-weight: 400; color: #000000;\">En calculant et en d\u00e9clarant correctement ces frais, vous pouvez r\u00e9duire le montant de vos imp\u00f4ts et maximiser vos revenus nets<\/span><\/p>\n<p>[\/et_pb_text][\/et_pb_column][\/et_pb_row][et_pb_row _builder_version=\u00a0\u00bb4.17.4&Prime; _module_preset=\u00a0\u00bbdefault\u00a0\u00bb global_colors_info=\u00a0\u00bb{}\u00a0\u00bb][et_pb_column type=\u00a0\u00bb4_4&Prime; _builder_version=\u00a0\u00bb4.17.4&Prime; _module_preset=\u00a0\u00bbdefault\u00a0\u00bb global_colors_info=\u00a0\u00bb{}\u00a0\u00bb][et_pb_text _builder_version=\u00a0\u00bb4.24.2&Prime; _module_preset=\u00a0\u00bbdefault\u00a0\u00bb text_font=\u00a0\u00bbABeeZee||||||||\u00a0\u00bb text_text_color=\u00a0\u00bb#5800a6&Prime; text_font_size=\u00a0\u00bb26px\u00a0\u00bb text_line_height=\u00a0\u00bb1.5em\u00a0\u00bb header_2_font=\u00a0\u00bbLato|900|||||||\u00a0\u00bb header_2_text_color=\u00a0\u00bb#5800A6&Prime; header_2_font_size=\u00a0\u00bb35px\u00a0\u00bb header_2_line_height=\u00a0\u00bb1.5em\u00a0\u00bb header_2_font_size_tablet=\u00a0\u00bb\u00a0\u00bb header_2_font_size_phone=\u00a0\u00bb30px\u00a0\u00bb header_2_font_size_last_edited=\u00a0\u00bbon|phone\u00a0\u00bb global_colors_info=\u00a0\u00bb{}\u00a0\u00bb]<\/p>\n<h2><span class=\"ez-toc-section\" id=\"Quelle_methode_pour_les_declarer\"><\/span>Quelle m\u00e9thode pour les d\u00e9clarer ?<span class=\"ez-toc-section-end\"><\/span><\/h2>\n<p>[\/et_pb_text][et_pb_text _builder_version=\u00a0\u00bb4.17.4&Prime; _module_preset=\u00a0\u00bbdefault\u00a0\u00bb text_font=\u00a0\u00bbLato||||||||\u00a0\u00bb text_font_size=\u00a0\u00bb18px\u00a0\u00bb text_line_height=\u00a0\u00bb1.5em\u00a0\u00bb text_font_size_tablet=\u00a0\u00bb18px\u00a0\u00bb text_font_size_phone=\u00a0\u00bb18px\u00a0\u00bb text_font_size_last_edited=\u00a0\u00bbon|phone\u00a0\u00bb global_colors_info=\u00a0\u00bb{}\u00a0\u00bb]<\/p>\n<p style=\"text-align: justify;\"><span style=\"font-weight: 400; color: #000000;\">Vous avez <strong>2 solutions<\/strong> pour d\u00e9duire ces frais de vos imp\u00f4ts :\u00a0<\/span><\/p>\n<ul>\n<li style=\"font-weight: 400; text-align: justify;\" aria-level=\"1\"><span style=\"font-weight: 400; color: #000000;\">Utiliser les bar\u00e8mes de l\u2019administration fiscale<\/span><\/li>\n<li style=\"font-weight: 400; text-align: justify;\" aria-level=\"1\"><span style=\"font-weight: 400; color: #000000;\">Calculer vous-m\u00eame les d\u00e9penses admises<\/span><\/li>\n<\/ul>\n<p>[\/et_pb_text][et_pb_text _builder_version=\u00a0\u00bb4.24.2&Prime; _module_preset=\u00a0\u00bbdefault\u00a0\u00bb header_3_font=\u00a0\u00bbLato|900|||||||\u00a0\u00bb header_3_text_color=\u00a0\u00bb#9377F4&Prime; header_3_font_size=\u00a0\u00bb25px\u00a0\u00bb header_3_font_size_tablet=\u00a0\u00bb25px\u00a0\u00bb header_3_font_size_phone=\u00a0\u00bb25px\u00a0\u00bb header_3_font_size_last_edited=\u00a0\u00bbon|desktop\u00a0\u00bb global_colors_info=\u00a0\u00bb{}\u00a0\u00bb]<\/p>\n<h3><span class=\"ez-toc-section\" id=\"Quelle_est_la_difference_entre_ces_2_methodes\"><\/span><b>Quelle<\/b><b> est la diff\u00e9rence entre ces 2 m\u00e9thodes ?<\/b><span class=\"ez-toc-section-end\"><\/span><\/h3>\n<p>[\/et_pb_text][et_pb_text _builder_version=\u00a0\u00bb4.24.2&Prime; _module_preset=\u00a0\u00bbdefault\u00a0\u00bb text_font=\u00a0\u00bbLato||||||||\u00a0\u00bb text_font_size=\u00a0\u00bb18px\u00a0\u00bb text_line_height=\u00a0\u00bb1.5em\u00a0\u00bb header_3_text_color=\u00a0\u00bb#9377F4&Prime; header_3_font_size=\u00a0\u00bb18px\u00a0\u00bb text_font_size_tablet=\u00a0\u00bb18px\u00a0\u00bb text_font_size_phone=\u00a0\u00bb18px\u00a0\u00bb text_font_size_last_edited=\u00a0\u00bbon|desktop\u00a0\u00bb global_colors_info=\u00a0\u00bb{}\u00a0\u00bb]<\/p>\n<ul style=\"text-align: justify;\"><\/ul>\n<h4><span class=\"ez-toc-section\" id=\"Par_le_bareme\"><\/span><b>Par le bar\u00e8me :<\/b><span style=\"font-weight: 400;\">\u00a0<\/span><span class=\"ez-toc-section-end\"><\/span><\/h4>\n<ul style=\"text-align: justify;\">\n<li style=\"font-weight: 400;\" aria-level=\"1\"><span style=\"font-weight: 400; color: #000000;\">Apr\u00e8s avoir calcul\u00e9 les kilom\u00e8tres parcourus dans l\u2019ann\u00e9e pour exercer votre profession, vous calculez le montant de la d\u00e9duction \u00e0 faire selon le bar\u00e8me administratif remis \u00e0 jour chaque ann\u00e9e.<\/span><\/li>\n<li style=\"font-weight: 400;\" aria-level=\"1\"><span style=\"font-weight: 400; color: #000000;\">Celui-ci inclut les frais : de carburant, d\u2019entretien du v\u00e9hicule, d\u2019assurance, ainsi que la d\u00e9pr\u00e9ciation du v\u00e9hicule que vous n&rsquo;avez donc pas \u00e0 calculer.<\/span><\/li>\n<\/ul>\n<h4 style=\"text-align: justify;\"><span class=\"ez-toc-section\" id=\"Sans_le_bareme\"><\/span><b>Sans le bar\u00e8me :<\/b><span class=\"ez-toc-section-end\"><\/span><\/h4>\n<p style=\"text-align: justify;\"><span style=\"color: #800080;\"><b><\/b><\/span><\/p>\n<ul style=\"text-align: justify;\">\n<li style=\"font-weight: 400;\" aria-level=\"1\"><span style=\"font-weight: 400; color: #000000;\">Vous calculez les kilom\u00e8tres parcourus dans l\u2019ann\u00e9e pour exercer votre profession, puis le montant des d\u00e9penses de carburant au prorata de ces kilom\u00e8tres.\u00a0<\/span><\/li>\n<li style=\"font-weight: 400;\" aria-level=\"1\"><span style=\"font-weight: 400; color: #000000;\">Vous calculez les frais d&rsquo;entretien annuels (r\u00e9visions, pneumatiques, vidanges\u2026)<\/span><\/li>\n<li style=\"font-weight: 400;\" aria-level=\"1\"><span style=\"font-weight: 400; color: #000000;\">Vous calculez la d\u00e9duction possible de votre prime d&rsquo;assurance auto (50% maximum, lien du <a href=\"https:\/\/bofip.impots.gouv.fr\/bofip\/7670-PGP.html\/identifiant=BOI-RSA-BASE-30-50-30-10-20120912\" style=\"color: #000000;\">texte r\u00e9glementaire<\/a> en bas de page)<\/span><\/li>\n<li style=\"font-weight: 400;\" aria-level=\"1\"><span style=\"font-weight: 400; color: #000000;\">Vous calculez la d\u00e9pr\u00e9ciation de votre vehicule (selon la c\u00f4te argus par exemple, lien du <a href=\"https:\/\/bofip.impots.gouv.fr\/bofip\/7670-PGP.html\/identifiant=BOI-RSA-BASE-30-50-30-10-20120912\" style=\"color: #000000;\">texte r\u00e9glementaire<\/a> en bas de page)<\/span><\/li>\n<\/ul>\n<p>[\/et_pb_text][\/et_pb_column][\/et_pb_row][et_pb_row _builder_version=\u00a0\u00bb4.17.4&Prime; _module_preset=\u00a0\u00bbdefault\u00a0\u00bb global_colors_info=\u00a0\u00bb{}\u00a0\u00bb][et_pb_column type=\u00a0\u00bb4_4&Prime; _builder_version=\u00a0\u00bb4.17.4&Prime; _module_preset=\u00a0\u00bbdefault\u00a0\u00bb global_colors_info=\u00a0\u00bb{}\u00a0\u00bb][et_pb_text _builder_version=\u00a0\u00bb4.24.2&Prime; _module_preset=\u00a0\u00bbdefault\u00a0\u00bb text_font=\u00a0\u00bbLato|900|||||||\u00a0\u00bb text_font_size=\u00a0\u00bb25px\u00a0\u00bb header_2_font=\u00a0\u00bbABeeZee||||||||\u00a0\u00bb header_3_font=\u00a0\u00bbLato|900|||||||\u00a0\u00bb header_3_text_color=\u00a0\u00bb#9377F4&Prime; header_3_font_size=\u00a0\u00bb25px\u00a0\u00bb text_font_size_tablet=\u00a0\u00bb25px\u00a0\u00bb text_font_size_phone=\u00a0\u00bb25px\u00a0\u00bb text_font_size_last_edited=\u00a0\u00bbon|phone\u00a0\u00bb header_3_font_size_tablet=\u00a0\u00bb25px\u00a0\u00bb header_3_font_size_phone=\u00a0\u00bb25px\u00a0\u00bb header_3_font_size_last_edited=\u00a0\u00bbon|phone\u00a0\u00bb global_colors_info=\u00a0\u00bb{}\u00a0\u00bb]<\/p>\n<h3><span class=\"ez-toc-section\" id=\"Pouvez_vous_inclure_dautres_frais\"><\/span><b>Pouvez vous inclure d&rsquo;autres frais ?<\/b><span class=\"ez-toc-section-end\"><\/span><\/h3>\n<p>[\/et_pb_text][et_pb_text _builder_version=\u00a0\u00bb4.24.2&Prime; _module_preset=\u00a0\u00bbdefault\u00a0\u00bb text_font=\u00a0\u00bbLato||||||||\u00a0\u00bb text_text_color=\u00a0\u00bb#1A1A1A\u00a0\u00bb text_font_size=\u00a0\u00bb18px\u00a0\u00bb text_line_height=\u00a0\u00bb1.5em\u00a0\u00bb header_2_font=\u00a0\u00bbABeeZee||||||||\u00a0\u00bb header_6_text_color=\u00a0\u00bb#0C71C3&Prime; header_6_font_size=\u00a0\u00bb18px\u00a0\u00bb text_font_size_tablet=\u00a0\u00bb18px\u00a0\u00bb text_font_size_phone=\u00a0\u00bb18px\u00a0\u00bb text_font_size_last_edited=\u00a0\u00bbon|phone\u00a0\u00bb global_colors_info=\u00a0\u00bb{}\u00a0\u00bb]<\/p>\n<p style=\"text-align: justify;\"><span style=\"font-weight: 400; color: #000000;\">Une fois la m\u00e9thode de calcul des frais kilom\u00e9triques vue pr\u00e9c\u00e9demment choisie, vous pouvez inclure d&rsquo;autres frais au total de vos frais r\u00e9els (sur justificatifs)\u00a0<\/span><\/p>\n<ul style=\"text-align: justify;\">\n<li style=\"font-weight: 400;\" aria-level=\"1\"><span style=\"color: #2e5c9f;\"><b>Les frais de p\u00e9age et de parking\/garage<\/b><span style=\"font-weight: 400;\"> :<\/span><\/span><span style=\"font-weight: 400;\"><\/span><span style=\"font-weight: 400;\"> <\/span><span style=\"color: #000000;\"><span style=\"font-weight: 400;\">vous pouvez d\u00e9duire ces frais aff\u00e9rents \u00e0 vos trajets professionnels.<\/span><\/span><\/li>\n<\/ul>\n<p style=\"text-align: justify;\"><span style=\"color: #2e5c9f;\"><b><\/b><\/span><\/p>\n<ul style=\"text-align: justify;\">\n<li aria-level=\"1\"><span style=\"color: #2e5c9f;\"><b>Les int\u00e9r\u00eats des cr\u00e9dits automobiles : <\/b><span style=\"color: #000000;\"><span style=\"font-weight: 400;\">Au prorata des kilom\u00e8tres professionnels effectu\u00e9s.<\/span><\/span><span style=\"color: #000000;\"><span style=\"font-weight: 400;\"><\/span><\/span><\/li>\n<\/ul>\n<p style=\"text-align: justify;\"><span style=\"color: #000000;\"><span style=\"font-weight: 400;\"><\/span><\/span><\/p>\n<ul style=\"text-align: justify;\">\n<li style=\"font-weight: 400;\" aria-level=\"1\"><span style=\"color: #2e5c9f;\"><b>Les frais de repas :<\/b><span style=\"font-weight: 400;\"> <\/span><span style=\"font-weight: 400;\"><\/span><span style=\"color: #000000;\"><span style=\"font-weight: 400;\">Vous pouvez d\u00e9duire une partie de vos frais de repas. Le montant d\u00e9ductible est bas\u00e9 sur un forfait d\u00e9fini par l&rsquo;administration fiscale (5\u20ac par repas pour l\u2019ann\u00e9e 2022), mais vous pouvez aussi les calculer librement de cette mani\u00e8re : diff\u00e9rence entre le prix r\u00e9el et le forfait de l\u2019administration (ex = restaurant \u00e0 15\u20ac &#8211; 5\u20ac de forfait imp\u00f4ts = 10\u20ac d\u00e9ductibles).<\/span><\/span><\/li>\n<\/ul>\n<p style=\"text-align: justify;\"><span style=\"color: #000000;\"><span style=\"font-weight: 400;\"><\/span><\/span><\/p>\n<ul style=\"text-align: justify;\">\n<li style=\"font-weight: 400;\" aria-level=\"1\"><span style=\"color: #2e5c9f;\"><b>Les frais de formation <\/b><span style=\"color: #000000;\"><span style=\"font-weight: 400;\">(non r\u00e9mun\u00e9r\u00e9e)<\/span><span style=\"font-weight: 400;\"> : si vous suivez une formation payante pour am\u00e9liorer vos comp\u00e9tences professionnelles, les frais peuvent \u00eatre d\u00e9ductibles <\/span><span style=\"font-weight: 400;\">(d\u00e9placements, documentation professionnelle, repas\u2026)<\/span><\/span><span style=\"color: #000000;\"><span style=\"font-weight: 400;\"><\/span><\/span><\/li>\n<\/ul>\n<p><span style=\"color: #000000;\"><span style=\"font-weight: 400;\"><\/span><\/span><\/p>\n<ul>\n<li style=\"font-weight: 400; text-align: justify;\" aria-level=\"1\"><span style=\"color: #2e5c9f;\"><b>Les frais de mat\u00e9riel<\/b><span style=\"font-weight: 400;\">: <\/span><span style=\"color: #000000;\"><span style=\"font-weight: 400;\">si vous achetez des \u00e9quipements sp\u00e9cifiques pour votre travail, ces co\u00fbts peuvent \u00e9galement \u00eatre d\u00e9duits <\/span><span style=\"font-weight: 400;\">sous conditions (cf liens vers les textes r\u00e9glementaires en bas de page)<\/span><span style=\"font-weight: 400;\">.<\/span><\/span><\/li>\n<\/ul>\n<p>[\/et_pb_text][\/et_pb_column][\/et_pb_row][et_pb_row _builder_version=\u00a0\u00bb4.17.4&Prime; _module_preset=\u00a0\u00bbdefault\u00a0\u00bb global_colors_info=\u00a0\u00bb{}\u00a0\u00bb][et_pb_column type=\u00a0\u00bb4_4&Prime; _builder_version=\u00a0\u00bb4.17.4&Prime; _module_preset=\u00a0\u00bbdefault\u00a0\u00bb global_colors_info=\u00a0\u00bb{}\u00a0\u00bb][et_pb_text _builder_version=\u00a0\u00bb4.24.2&Prime; _module_preset=\u00a0\u00bbdefault\u00a0\u00bb header_2_font=\u00a0\u00bbLato|900|||||||\u00a0\u00bb header_2_text_color=\u00a0\u00bb#5800A6&Prime; header_2_font_size=\u00a0\u00bb35px\u00a0\u00bb header_2_line_height=\u00a0\u00bb1.5em\u00a0\u00bb header_2_font_size_tablet=\u00a0\u00bb35px\u00a0\u00bb header_2_font_size_phone=\u00a0\u00bb30px\u00a0\u00bb header_2_font_size_last_edited=\u00a0\u00bbon|phone\u00a0\u00bb global_colors_info=\u00a0\u00bb{}\u00a0\u00bb]<\/p>\n<h2><span class=\"ez-toc-section\" id=\"Comment_calculer_ses_frais_reels_etape_par_etape\"><\/span>Comment calculer ses frais r\u00e9els \u00e9tape par \u00e9tape.<span class=\"ez-toc-section-end\"><\/span><\/h2>\n<p>[\/et_pb_text][\/et_pb_column][\/et_pb_row][et_pb_row _builder_version=\u00a0\u00bb4.17.4&Prime; _module_preset=\u00a0\u00bbdefault\u00a0\u00bb global_colors_info=\u00a0\u00bb{}\u00a0\u00bb][et_pb_column type=\u00a0\u00bb4_4&Prime; _builder_version=\u00a0\u00bb4.17.4&Prime; _module_preset=\u00a0\u00bbdefault\u00a0\u00bb global_colors_info=\u00a0\u00bb{}\u00a0\u00bb][et_pb_text _builder_version=\u00a0\u00bb4.24.2&Prime; _module_preset=\u00a0\u00bbdefault\u00a0\u00bb text_font=\u00a0\u00bbLato||||||||\u00a0\u00bb text_font_size=\u00a0\u00bb18px\u00a0\u00bb text_line_height=\u00a0\u00bb1.5em\u00a0\u00bb header_3_text_color=\u00a0\u00bb#9377F4&Prime; header_3_font_size=\u00a0\u00bb18px\u00a0\u00bb text_font_size_tablet=\u00a0\u00bb18px\u00a0\u00bb text_font_size_phone=\u00a0\u00bb18px\u00a0\u00bb text_font_size_last_edited=\u00a0\u00bbon|desktop\u00a0\u00bb global_colors_info=\u00a0\u00bb{}\u00a0\u00bb]<\/p>\n<p style=\"text-align: justify;\"><span style=\"font-weight: 400; color: #000000;\">Calculer vos frais r\u00e9els avec le CESU n\u00e9cessite une certaine rigueur, et peut parfois \u00eatre vu comme une \u00e9preuve si on ne s\u2019y est pas bien pr\u00e9par\u00e9.\u00a0 Ne vous inqui\u00e9tez pas, en suivant ces \u00e9tapes, vous pouvez rendre le processus plus g\u00e9rable !<\/span><\/p>\n<h3><span class=\"ez-toc-section\" id=\"Etape_1_Documentez_tous_vos_frais\"><\/span><b>Etape 1 : Documentez tous vos frais <\/b><span style=\"font-weight: 400;\">: <\/span><span class=\"ez-toc-section-end\"><\/span><\/h3>\n<p><span style=\"color: #000000;\"><span style=\"font-weight: 400;\">Gardez une trace de toutes vos d\u00e9penses li\u00e9es au travail, et assurez-vous de conserver tous les re\u00e7us et factures.<\/span><\/span><\/p>\n<h3><span class=\"ez-toc-section\" id=\"Etape_2_Calculez_les_frais_de_deplacement\"><\/span><b>Etape 2 : Calculez les frais de d\u00e9placement <\/b><span style=\"font-weight: 400;\">:<\/span><span class=\"ez-toc-section-end\"><\/span><\/h3>\n<p><span style=\"color: #000000;\"><span style=\"font-weight: 400;\">Si vous utilisez votre v\u00e9hicule pour le travail, notez la distance parcourue pour chaque trajet.<\/span><\/span><\/p>\n<p style=\"text-align: justify;\"><span style=\"font-weight: 400; color: #000000;\">En effet, vous devez calculer les distances parcourues :\u00a0<\/span><\/p>\n<ul style=\"text-align: justify;\">\n<li style=\"font-weight: 400;\" aria-level=\"1\"><span style=\"font-weight: 400; color: #000000;\">Entre votre domicile et le premier particulier employeur,<\/span><\/li>\n<li style=\"font-weight: 400;\" aria-level=\"1\"><span style=\"font-weight: 400; color: #000000;\">Entre chaque particulier employeur suppl\u00e9mentaire,<\/span><\/li>\n<li style=\"font-weight: 400;\" aria-level=\"1\"><span style=\"font-weight: 400; color: #000000;\">L\u2019aller retour \u00e0 votre domicile pour d\u00e9jeuner<\/span><\/li>\n<\/ul>\n<p><span style=\"color: #000000;\"><strong>Puis, vous avez donc 2 solutions :\u00a0<\/strong><\/span><\/p>\n<p><span style=\"color: #000000;\"><span style=\"font-weight: 400;\">&#8211; <strong>Multiplier cette distance totale par le bar\u00e8me kilom\u00e9trique<\/strong> pour obtenir le montant d\u00e9ductible, <\/span><span style=\"font-weight: 400;\">en y ajoutant vos frais de p\u00e9age, parking, ainsi que les int\u00e9r\u00eats de cr\u00e9dit automobile s\u2019il y a.<\/span><\/span><\/p>\n<p><span style=\"font-weight: 400; color: #000000;\">&#8211; <strong>Calculer vos frais kilom\u00e9triques vous-m\u00eame<\/strong> (carburant, entretien, d\u00e9pr\u00e9ciation, assurance\u2026).<\/span><\/p>\n<p style=\"text-align: justify;\"><span style=\"font-weight: 400; color: #000000;\"><\/span><\/p>\n<p style=\"text-align: justify;\"><span style=\"color: #2e5c9f;\"><strong><span style=\"text-decoration: underline;\">Voici le bar\u00e8me kilom\u00e9trique applicable aux voitures (en\u20ac) pour l\u2019ann\u00e9e 2022:<\/span><\/strong><\/span><\/p>\n<p>[\/et_pb_text][\/et_pb_column][\/et_pb_row][et_pb_row _builder_version=\u00a0\u00bb4.17.4&Prime; _module_preset=\u00a0\u00bbdefault\u00a0\u00bb global_colors_info=\u00a0\u00bb{}\u00a0\u00bb][et_pb_column type=\u00a0\u00bb4_4&Prime; _builder_version=\u00a0\u00bb4.17.4&Prime; _module_preset=\u00a0\u00bbdefault\u00a0\u00bb global_colors_info=\u00a0\u00bb{}\u00a0\u00bb][et_pb_code _builder_version=\u00a0\u00bb4.17.4&Prime; _module_preset=\u00a0\u00bbdefault\u00a0\u00bb custom_margin_tablet=\u00a0\u00bb\u00a0\u00bb custom_margin_phone=\u00a0\u00bb|||-41px|false|false\u00a0\u00bb custom_margin_last_edited=\u00a0\u00bbon|phone\u00a0\u00bb global_colors_info=\u00a0\u00bb{}\u00a0\u00bb]\n<table id=\"tablepress-1\" class=\"tablepress tablepress-id-1\">\n<thead>\n<tr class=\"row-1\">\n\t<th class=\"column-1\">Puissance administrative <br \/>\n(en CV)<br \/>\n<\/th><th class=\"column-2\">Distance (d) jusqu'\u00e0 5 000 km<\/th><th class=\"column-3\">Distance (d) de 5 001 km \u00e0 20 000 km<\/th><th class=\"column-4\">Distance (d) au-del\u00e0 de 20 000 km<\/th>\n<\/tr>\n<\/thead>\n<tbody class=\"row-striping row-hover\">\n<tr class=\"row-2\">\n\t<td class=\"column-1\">3 CV et moins<\/td><td class=\"column-2\">d x 0,529<\/td><td class=\"column-3\">(d x 0,316) + 1 065<\/td><td class=\"column-4\">d x 0,370<\/td>\n<\/tr>\n<tr class=\"row-3\">\n\t<td class=\"column-1\">4 CV<\/td><td class=\"column-2\">d x 0,606<\/td><td class=\"column-3\">(d x 0,340) + 1 330<br \/>\n<\/td><td class=\"column-4\">d x 0,407<\/td>\n<\/tr>\n<tr class=\"row-4\">\n\t<td class=\"column-1\">5 CV<\/td><td class=\"column-2\">d x 0,636<\/td><td class=\"column-3\">(d x 0,357) + 1 395<\/td><td class=\"column-4\">d x 0,427<\/td>\n<\/tr>\n<tr class=\"row-5\">\n\t<td class=\"column-1\">6 CV<\/td><td class=\"column-2\">d x 0,665<\/td><td class=\"column-3\">(d x 0,374) + 1 457<\/td><td class=\"column-4\">d x 0,447<\/td>\n<\/tr>\n<tr class=\"row-6\">\n\t<td class=\"column-1\">7 CV et plus<\/td><td class=\"column-2\">d x 0,697<\/td><td class=\"column-3\">(d x 0,394) + 1 515<\/td><td class=\"column-4\">d x 0,470<\/td>\n<\/tr>\n<\/tbody>\n<\/table>\n<!-- #tablepress-1 from cache --><!-- [et_pb_line_break_holder] -->[\/et_pb_code][et_pb_text _builder_version=\u00a0\u00bb4.24.2&Prime; _module_preset=\u00a0\u00bbdefault\u00a0\u00bb text_font=\u00a0\u00bbLato||||||||\u00a0\u00bb text_font_size=\u00a0\u00bb18px\u00a0\u00bb text_line_height=\u00a0\u00bb1.5em\u00a0\u00bb header_3_text_color=\u00a0\u00bb#9377F4&Prime; header_3_font_size=\u00a0\u00bb18px\u00a0\u00bb text_font_size_tablet=\u00a0\u00bb18px\u00a0\u00bb text_font_size_phone=\u00a0\u00bb18px\u00a0\u00bb text_font_size_last_edited=\u00a0\u00bbon|desktop\u00a0\u00bb global_colors_info=\u00a0\u00bb{}\u00a0\u00bb]<\/p>\n<p style=\"text-align: justify;\"><span style=\"color: #000000;\"><b>Exemple :<\/b><span style=\"font-weight: 400;\"> Vous avez parcouru 4000 kilom\u00e8tres \u00e0 titre professionnel au cours de l\u2019ann\u00e9e 2022, avec un v\u00e9hicule de 6 CV. Vous pouvez faire \u00e9tat d\u2019un montant de frais r\u00e9els \u00e9gal \u00e0<\/span><b> 2600\u20ac<\/b><span style=\"font-weight: 400;\"> (4000 x 0.665) pour la d\u00e9claration de revenus faite en 2023.<\/span><\/span><\/p>\n<p style=\"text-align: justify;\"><span style=\"color: #000000;\"><span style=\"font-weight: 400;\">Pour en savoir plus sur les diff\u00e9rents bar\u00e8mes kilom\u00e9triques en fonction des diff\u00e9rents v\u00e9hicules, <a href=\"https:\/\/bofip.impots.gouv.fr\/bofip\/2095-PGP.html\/identifiant=BOI-BAREME-000003-20230125\" style=\"color: #000000;\">cliquez ici<\/a><\/span><span style=\"font-weight: 400;\">.<\/span><\/span><\/p>\n<h3><span class=\"ez-toc-section\" id=\"Etape_3_Additionnez_vos_frais_de_formation_et_de_materiel\"><\/span><b>Etape 3 : Additionnez vos frais de formation et de mat\u00e9riel<\/b><span style=\"font-weight: 400;\"> :<\/span><span class=\"ez-toc-section-end\"><\/span><\/h3>\n<p><span style=\"font-weight: 400; color: #000000;\"><\/span><span style=\"font-weight: 400; color: #000000;\">Ajoutez tous les co\u00fbts li\u00e9s \u00e0 la formation professionnelle et \u00e0 l&rsquo;achat de mat\u00e9riel.<\/span><span style=\"font-weight: 400;\"><\/span><\/p>\n<h3><span class=\"ez-toc-section\" id=\"Etape_4_Faites_la_somme_de_toutes_vos_depenses\"><\/span><strong><span style=\"font-size: 20px;\">Etape 4 : Faites la somme de toutes vos d\u00e9penses<span style=\"font-size: 20px;\">\u00a0<\/span><\/span><\/strong><span style=\"font-size: 20px;\"><strong>:<\/strong> <\/span><span class=\"ez-toc-section-end\"><\/span><\/h3>\n<p><span style=\"font-weight: 400;\"><span style=\"font-size: 20px;\">Additionnez tous les frais que vous avez calcul\u00e9s pour obtenir le total de vos frais r\u00e9els.<\/span><\/span><\/p>\n<p style=\"text-align: justify;\"><span style=\"font-weight: 400; color: #000000;\">Afin d\u2019\u00e9viter de rendre la d\u00e9claration difficile, il est pr\u00e9f\u00e9rable de faire ce calcul assez r\u00e9guli\u00e8rement. Vous pouvez par exemple\u00a0 l\u2019effectuer chaque mois.<\/span><\/p>\n<p style=\"text-align: justify;\"><span style=\"font-weight: 400; color: #000000;\"><\/span><\/p>\n<p>[\/et_pb_text][et_pb_text _builder_version=\u00a0\u00bb4.24.2&Prime; _module_preset=\u00a0\u00bbdefault\u00a0\u00bb text_font=\u00a0\u00bbLato||||||||\u00a0\u00bb text_font_size=\u00a0\u00bb18px\u00a0\u00bb text_line_height=\u00a0\u00bb1.5em\u00a0\u00bb text_font_size_tablet=\u00a0\u00bb18px\u00a0\u00bb text_font_size_phone=\u00a0\u00bb18px\u00a0\u00bb text_font_size_last_edited=\u00a0\u00bbon|phone\u00a0\u00bb global_colors_info=\u00a0\u00bb{}\u00a0\u00bb]<\/p>\n<p><span style=\"font-weight: 400; color: #000000;\">Vous trouverez ici un exemple et un guide \u00e9tape par \u00e9tape pour vous aider dans votre d\u00e9claration :<strong>\u00a0<\/strong><\/span><strong><a href=\"https:\/\/flavi.fr\/wp-content\/uploads\/2023\/05\/guide-pas-a-pas.pdf\" rel=\"attachment wp-att-4495\"><span style=\"color: #2e5c9f;\">guide pas \u00e0 pas<\/span><\/a><\/strong><\/p>\n<p>[\/et_pb_text][\/et_pb_column][\/et_pb_row][et_pb_row _builder_version=\u00a0\u00bb4.17.4&Prime; _module_preset=\u00a0\u00bbdefault\u00a0\u00bb global_colors_info=\u00a0\u00bb{}\u00a0\u00bb][et_pb_column type=\u00a0\u00bb4_4&Prime; _builder_version=\u00a0\u00bb4.17.4&Prime; _module_preset=\u00a0\u00bbdefault\u00a0\u00bb global_colors_info=\u00a0\u00bb{}\u00a0\u00bb][et_pb_text _builder_version=\u00a0\u00bb4.24.2&Prime; _module_preset=\u00a0\u00bbdefault\u00a0\u00bb header_2_font=\u00a0\u00bbLato|900|||||||\u00a0\u00bb header_2_text_color=\u00a0\u00bb#5800A6&Prime; header_2_font_size=\u00a0\u00bb35px\u00a0\u00bb header_2_line_height=\u00a0\u00bb1.5em\u00a0\u00bb header_2_font_size_tablet=\u00a0\u00bb\u00a0\u00bb header_2_font_size_phone=\u00a0\u00bb30px\u00a0\u00bb header_2_font_size_last_edited=\u00a0\u00bbon|phone\u00a0\u00bb global_colors_info=\u00a0\u00bb{}\u00a0\u00bb]<\/p>\n<h2><span class=\"ez-toc-section\" id=\"Les_erreurs_courantes_lors_de_la_declaration_des_frais_reels_et_comment_les_eviter\"><\/span>Les erreurs courantes lors de la d\u00e9claration des frais r\u00e9els et comment les \u00e9viter.<span class=\"ez-toc-section-end\"><\/span><\/h2>\n<p>[\/et_pb_text][et_pb_text _builder_version=\u00a0\u00bb4.24.2&Prime; _module_preset=\u00a0\u00bbdefault\u00a0\u00bb text_font=\u00a0\u00bbLato||||||||\u00a0\u00bb text_font_size=\u00a0\u00bb18px\u00a0\u00bb text_line_height=\u00a0\u00bb1.5em\u00a0\u00bb text_font_size_tablet=\u00a0\u00bb18px\u00a0\u00bb text_font_size_phone=\u00a0\u00bb18px\u00a0\u00bb text_font_size_last_edited=\u00a0\u00bbon|phone\u00a0\u00bb global_colors_info=\u00a0\u00bb{}\u00a0\u00bb]<\/p>\n<p style=\"text-align: justify;\"><span style=\"font-weight: 400; color: #000000;\">\u00a0Il est courant de commettre des erreurs lors de la \u00ab\u00a0d\u00e9claration des frais r\u00e9els\u00a0\u00bb. Voici une liste des quelques erreurs courantes, et comment les \u00e9viter :\u00a0<\/span><\/p>\n<ul style=\"text-align: justify;\">\n<li style=\"font-weight: 400;\" aria-level=\"1\"><span style=\"font-weight: 400; color: #000000;\"><strong>Ne pas conserver les justificatifs<\/strong> : Gardez toujours une trace de vos d\u00e9penses pour pouvoir les prouver en cas de contr\u00f4le de l\u2019administration fiscale.\u00a0 Sans preuve de vos frais, vous risquez de ne pas pouvoir les d\u00e9duire.\u00a0<\/span><\/li>\n<\/ul>\n<ul style=\"text-align: justify;\">\n<li style=\"font-weight: 400;\" aria-level=\"1\"><span style=\"color: #000000;\"><b>Oublier de d\u00e9clarer certains frais<\/b><span style=\"font-weight: 400;\"> : Tous les frais li\u00e9s \u00e0 votre travail peuvent potentiellement \u00eatre d\u00e9duits. N&rsquo;oubliez pas les frais de d\u00e9placement, d\u2019assurance auto, de cr\u00e9dit voiture, de formation, de mat\u00e9riel et de repas.<\/span><\/span><\/li>\n<\/ul>\n<ul style=\"text-align: justify;\">\n<li style=\"font-weight: 400;\" aria-level=\"1\"><span style=\"color: #000000;\"><b>Calculer incorrectement les frais de d\u00e9placement :<\/b><span style=\"font-weight: 400;\"> En cas de doute, utilisez le bar\u00e8me kilom\u00e9trique officiel pour calculer vos frais de d\u00e9placement. Il est remis \u00e0 jour chaque ann\u00e9e pour tenir compte notamment de l\u2019inflation.<\/span> <span style=\"font-weight: 400;\">Une estimation approximative pourrait vous faire perdre de l&rsquo;argent.<\/span><\/span><\/li>\n<\/ul>\n<p style=\"text-align: justify;\"><span style=\"font-weight: 400; color: #000000;\"><\/span><\/p>\n<p style=\"text-align: justify;\"><span style=\"font-weight: 400; color: #000000;\"><\/span><\/p>\n<p style=\"text-align: justify;\"><span style=\"font-weight: 400; color: #000000;\">Le calcul correct de vos frais r\u00e9els peut vous permettre de maximiser vos revenus en tant qu&rsquo;aide \u00e0 domicile. N&rsquo;oubliez pas de documenter tous vos frais, de suivre les bonnes pratiques de calcul et d&rsquo;\u00e9viter les erreurs courantes lors de la d\u00e9claration.<\/span><\/p>\n<p style=\"text-align: justify;\"><span style=\"color: #000000;\">\u00a0<span style=\"font-weight: 400;\">Maintenant que vous savez comment calculer vos frais r\u00e9els en CESU, il est temps de mettre ces connaissances en pratique. Conservez vos re\u00e7us, faites vos calculs r\u00e9guli\u00e8rement et optimisez votre d\u00e9claration de frais r\u00e9els pour maximiser vos revenus. Bonne chance dans cette d\u00e9marche importante !<\/span><\/span><\/p>\n<p style=\"text-align: justify;\"><span style=\"font-weight: 400; color: #000000;\">\u00a0<\/span><\/p>\n<p><span style=\"color: #000000;\"><strong>TEXTES R\u00c9GLEMENTAIRES :\u00a0<\/strong><\/span><\/p>\n<p><span style=\"color: #000000;\"><\/span><\/p>\n<ul>\n<li aria-level=\"1\"><span style=\"color: #000000;\"><span style=\"font-weight: 400;\">les r\u00e8gles g\u00e9n\u00e9rales (sous-section 1, cf. <\/span><strong><span style=\"color: #ff00ff;\"><a href=\"https:\/\/bofip.impots.gouv.fr\/doctrine\/pgp\/7670-PGP\" style=\"font-weight: 400; color: #ffc600;\">BOI-RSA-BASE-30-50-30-10<\/a><\/span><\/strong><span style=\"font-weight: 400;\">)<\/span><\/span><\/li>\n<li style=\"font-weight: 400;\" aria-level=\"1\"><span style=\"color: #000000;\"><span style=\"font-weight: 400;\">les frais de d\u00e9placement et les frais de repas (sous-section 2, cf. <\/span><strong><span style=\"color: #ff00ff;\"><a href=\"https:\/\/bofip.impots.gouv.fr\/doctrine\/pgp\/2161-PGP\" style=\"color: #ffc600;\">BOI-RSA-BASE-30-50-30-20<\/a><\/span>)<\/strong><\/span><\/li>\n<li style=\"font-weight: 400;\" aria-level=\"1\"><span style=\"color: #000000;\"><span style=\"font-weight: 400;\">les frais r\u00e9els sp\u00e9cifiques (sous-section 3, cf. <\/span><strong><span style=\"color: #ffc600;\"><a href=\"https:\/\/bofip.impots.gouv.fr\/doctrine\/pgp\/7671-PGP\" style=\"color: #ffc600;\">BOI-RSA-BASE-30-50-30-30<\/a><\/span><\/strong><span style=\"font-weight: 400;\">)<\/span><\/span><\/li>\n<li style=\"font-weight: 400;\" aria-level=\"1\"><span style=\"color: #000000;\"><span style=\"font-weight: 400;\">les autres frais r\u00e9els (sous-section 4, cf. <\/span><strong><span style=\"color: #ffc600;\"><a href=\"https:\/\/bofip.impots.gouv.fr\/doctrine\/pgp\/7672-PGP\" style=\"color: #ffc600;\">BOI-RSA-BASE-30-50-30-40<\/a><\/span><\/strong><span style=\"font-weight: 400;\">).<\/span><\/span><\/li>\n<\/ul>\n<p>[\/et_pb_text][et_pb_text _builder_version=\u00a0\u00bb4.24.2&Prime; _module_preset=\u00a0\u00bbdefault\u00a0\u00bb header_2_font=\u00a0\u00bbLato|900|||||||\u00a0\u00bb header_2_text_color=\u00a0\u00bb#5800A6&Prime; header_2_font_size=\u00a0\u00bb35px\u00a0\u00bb header_2_line_height=\u00a0\u00bb1.5em\u00a0\u00bb header_2_font_size_tablet=\u00a0\u00bb\u00a0\u00bb header_2_font_size_phone=\u00a0\u00bb30px\u00a0\u00bb header_2_font_size_last_edited=\u00a0\u00bbon|phone\u00a0\u00bb global_colors_info=\u00a0\u00bb{}\u00a0\u00bb]<\/p>\n<h2><span class=\"ez-toc-section\" id=\"Pour_resumer\"><\/span>Pour r\u00e9sumer<span class=\"ez-toc-section-end\"><\/span><\/h2>\n<p>[\/et_pb_text][et_pb_image src=\u00a0\u00bbhttps:\/\/flavi.fr\/wp-content\/uploads\/2025\/10\/54.-frais-reels-1.png\u00a0\u00bb _builder_version=\u00a0\u00bb4.27.4&Prime; _module_preset=\u00a0\u00bbdefault\u00a0\u00bb alt=\u00a0\u00bbsch\u00e9ma r\u00e9capitulatif des \u00e9tapes pour calculer ses frais r\u00e9els\u00a0\u00bb title_text=\u00a0\u00bbetaps pour calculer ses frais r\u00e9els\u00a0\u00bb hover_enabled=\u00a0\u00bb0&Prime; sticky_enabled=\u00a0\u00bb0&Prime;][\/et_pb_image][et_pb_button button_url=\u00a0\u00bbhttps:\/\/app.flavi.fr\/login\u00a0\u00bb button_text=\u00a0\u00bbJe trouve des employeurs\u00a0\u00bb button_alignment=\u00a0\u00bbcenter\u00a0\u00bb _builder_version=\u00a0\u00bb4.24.2&Prime; _module_preset=\u00a0\u00bbdefault\u00a0\u00bb custom_button=\u00a0\u00bbon\u00a0\u00bb button_text_color=\u00a0\u00bb#2e5c9f\u00a0\u00bb button_bg_color=\u00a0\u00bb#ffc600&Prime; button_border_width=\u00a0\u00bb0px\u00a0\u00bb button_font=\u00a0\u00bb|700|||||||\u00a0\u00bb global_colors_info=\u00a0\u00bb{}\u00a0\u00bb][\/et_pb_button][\/et_pb_column][\/et_pb_row][\/et_pb_section]<\/p>\n","protected":false},"excerpt":{"rendered":"<p>En tant qu&rsquo;aide \u00e0 domicile travaillant en CESU, comprendre comment calculer vos frais r\u00e9els est essentiel pour optimiser vos revenus. Aujourd\u2019hui, Flavi vous explique \u00e0 travers ce guide complet, comment calculer vos frais r\u00e9els \u00e9tape par \u00e9tape, en \u00e9vitant les erreurs courantes. De cette fa\u00e7on, vous pourrez optimiser votre d\u00e9claration et maximiser les d\u00e9ductions fiscales [&hellip;]<\/p>\n","protected":false},"author":1,"featured_media":4293,"comment_status":"open","ping_status":"open","sticky":false,"template":"","format":"aside","meta":{"_et_pb_use_builder":"on","_et_pb_old_content":"","_et_gb_content_width":"1080","_lmt_disableupdate":"","_lmt_disable":"","_monsterinsights_skip_tracking":false,"_monsterinsights_sitenote_active":false,"_monsterinsights_sitenote_note":"","_monsterinsights_sitenote_category":0,"footnotes":""},"categories":[19],"tags":[],"ppma_author":[41],"class_list":["post-4292","post","type-post","status-publish","format-aside","has-post-thumbnail","hentry","category-articles-pour-auxiliaire","post_format-post-format-aside"],"yoast_head":"<!-- This site is optimized with the Yoast SEO plugin v27.5 - https:\/\/yoast.com\/product\/yoast-seo-wordpress\/ -->\n<title>Comment calculer et d\u00e9clarer ses frais r\u00e9els en CESU ? - Flavi<\/title>\n<meta name=\"description\" content=\"Vous \u00eates auxiliaire de vie en CESU ? Comprenez comment calculer vos frais r\u00e9els ?\" \/>\n<meta name=\"robots\" content=\"index, follow, max-snippet:-1, max-image-preview:large, max-video-preview:-1\" \/>\n<link rel=\"canonical\" href=\"https:\/\/flavi.fr\/index.php\/2023\/05\/22\/comment-calculer-et-declarer-ses-frais-reels-en-cesu\/\" \/>\n<meta property=\"og:locale\" content=\"fr_FR\" \/>\n<meta property=\"og:type\" content=\"article\" \/>\n<meta property=\"og:title\" content=\"Comment calculer et d\u00e9clarer ses frais r\u00e9els en CESU ? - Flavi\" \/>\n<meta property=\"og:description\" content=\"Vous \u00eates auxiliaire de vie en CESU ? Comprenez comment calculer vos frais r\u00e9els ?\" \/>\n<meta property=\"og:url\" content=\"https:\/\/flavi.fr\/index.php\/2023\/05\/22\/comment-calculer-et-declarer-ses-frais-reels-en-cesu\/\" \/>\n<meta property=\"og:site_name\" content=\"Flavi\" \/>\n<meta property=\"article:published_time\" content=\"2023-05-22T14:31:21+00:00\" \/>\n<meta property=\"article:modified_time\" content=\"2025-10-29T08:19:58+00:00\" \/>\n<meta property=\"og:image\" content=\"https:\/\/flavi.fr\/wp-content\/uploads\/2023\/05\/Design-sans-titre-2.png\" \/>\n\t<meta property=\"og:image:width\" content=\"1878\" \/>\n\t<meta property=\"og:image:height\" content=\"1056\" \/>\n\t<meta property=\"og:image:type\" content=\"image\/png\" \/>\n<meta name=\"author\" content=\"Flavie, experte CESU\" \/>\n<meta name=\"twitter:card\" content=\"summary_large_image\" \/>\n<meta name=\"twitter:label1\" content=\"\u00c9crit par\" \/>\n\t<meta name=\"twitter:data1\" content=\"Flavie, experte CESU\" \/>\n\t<meta name=\"twitter:label2\" content=\"Dur\u00e9e de lecture estim\u00e9e\" \/>\n\t<meta name=\"twitter:data2\" content=\"7 minutes\" \/>\n<script type=\"application\/ld+json\" class=\"yoast-schema-graph\">{\"@context\":\"https:\\\/\\\/schema.org\",\"@graph\":[{\"@type\":\"Article\",\"@id\":\"https:\\\/\\\/flavi.fr\\\/index.php\\\/2023\\\/05\\\/22\\\/comment-calculer-et-declarer-ses-frais-reels-en-cesu\\\/#article\",\"isPartOf\":{\"@id\":\"https:\\\/\\\/flavi.fr\\\/index.php\\\/2023\\\/05\\\/22\\\/comment-calculer-et-declarer-ses-frais-reels-en-cesu\\\/\"},\"author\":{\"name\":\"Eva Muringer, Fondatrice de Flavi et enseignante\",\"@id\":\"https:\\\/\\\/flavi.fr\\\/#\\\/schema\\\/person\\\/e540732270cd8b3a026a503df4f1ea3d\"},\"headline\":\"Comment calculer et d\u00e9clarer ses frais r\u00e9els en CESU ?\",\"datePublished\":\"2023-05-22T14:31:21+00:00\",\"dateModified\":\"2025-10-29T08:19:58+00:00\",\"mainEntityOfPage\":{\"@id\":\"https:\\\/\\\/flavi.fr\\\/index.php\\\/2023\\\/05\\\/22\\\/comment-calculer-et-declarer-ses-frais-reels-en-cesu\\\/\"},\"wordCount\":2813,\"commentCount\":2,\"image\":{\"@id\":\"https:\\\/\\\/flavi.fr\\\/index.php\\\/2023\\\/05\\\/22\\\/comment-calculer-et-declarer-ses-frais-reels-en-cesu\\\/#primaryimage\"},\"thumbnailUrl\":\"https:\\\/\\\/flavi.fr\\\/wp-content\\\/uploads\\\/2023\\\/05\\\/Design-sans-titre-2.png\",\"articleSection\":[\"Articles pour auxiliaire de vie\"],\"inLanguage\":\"fr-FR\",\"potentialAction\":[{\"@type\":\"CommentAction\",\"name\":\"Comment\",\"target\":[\"https:\\\/\\\/flavi.fr\\\/index.php\\\/2023\\\/05\\\/22\\\/comment-calculer-et-declarer-ses-frais-reels-en-cesu\\\/#respond\"]}]},{\"@type\":\"WebPage\",\"@id\":\"https:\\\/\\\/flavi.fr\\\/index.php\\\/2023\\\/05\\\/22\\\/comment-calculer-et-declarer-ses-frais-reels-en-cesu\\\/\",\"url\":\"https:\\\/\\\/flavi.fr\\\/index.php\\\/2023\\\/05\\\/22\\\/comment-calculer-et-declarer-ses-frais-reels-en-cesu\\\/\",\"name\":\"Comment calculer et d\u00e9clarer ses frais r\u00e9els en CESU ? - Flavi\",\"isPartOf\":{\"@id\":\"https:\\\/\\\/flavi.fr\\\/#website\"},\"primaryImageOfPage\":{\"@id\":\"https:\\\/\\\/flavi.fr\\\/index.php\\\/2023\\\/05\\\/22\\\/comment-calculer-et-declarer-ses-frais-reels-en-cesu\\\/#primaryimage\"},\"image\":{\"@id\":\"https:\\\/\\\/flavi.fr\\\/index.php\\\/2023\\\/05\\\/22\\\/comment-calculer-et-declarer-ses-frais-reels-en-cesu\\\/#primaryimage\"},\"thumbnailUrl\":\"https:\\\/\\\/flavi.fr\\\/wp-content\\\/uploads\\\/2023\\\/05\\\/Design-sans-titre-2.png\",\"datePublished\":\"2023-05-22T14:31:21+00:00\",\"dateModified\":\"2025-10-29T08:19:58+00:00\",\"author\":{\"@id\":\"https:\\\/\\\/flavi.fr\\\/#\\\/schema\\\/person\\\/e540732270cd8b3a026a503df4f1ea3d\"},\"description\":\"Vous \u00eates auxiliaire de vie en CESU ? Comprenez comment calculer vos frais r\u00e9els ?\",\"breadcrumb\":{\"@id\":\"https:\\\/\\\/flavi.fr\\\/index.php\\\/2023\\\/05\\\/22\\\/comment-calculer-et-declarer-ses-frais-reels-en-cesu\\\/#breadcrumb\"},\"inLanguage\":\"fr-FR\",\"potentialAction\":[{\"@type\":\"ReadAction\",\"target\":[\"https:\\\/\\\/flavi.fr\\\/index.php\\\/2023\\\/05\\\/22\\\/comment-calculer-et-declarer-ses-frais-reels-en-cesu\\\/\"]}]},{\"@type\":\"ImageObject\",\"inLanguage\":\"fr-FR\",\"@id\":\"https:\\\/\\\/flavi.fr\\\/index.php\\\/2023\\\/05\\\/22\\\/comment-calculer-et-declarer-ses-frais-reels-en-cesu\\\/#primaryimage\",\"url\":\"https:\\\/\\\/flavi.fr\\\/wp-content\\\/uploads\\\/2023\\\/05\\\/Design-sans-titre-2.png\",\"contentUrl\":\"https:\\\/\\\/flavi.fr\\\/wp-content\\\/uploads\\\/2023\\\/05\\\/Design-sans-titre-2.png\",\"width\":1878,\"height\":1056,\"caption\":\"calcul des frais r\u00e9els en CESU\"},{\"@type\":\"BreadcrumbList\",\"@id\":\"https:\\\/\\\/flavi.fr\\\/index.php\\\/2023\\\/05\\\/22\\\/comment-calculer-et-declarer-ses-frais-reels-en-cesu\\\/#breadcrumb\",\"itemListElement\":[{\"@type\":\"ListItem\",\"position\":1,\"name\":\"Accueil\",\"item\":\"https:\\\/\\\/flavi.fr\\\/\"},{\"@type\":\"ListItem\",\"position\":2,\"name\":\"Comment calculer et d\u00e9clarer ses frais r\u00e9els en CESU ?\"}]},{\"@type\":\"WebSite\",\"@id\":\"https:\\\/\\\/flavi.fr\\\/#website\",\"url\":\"https:\\\/\\\/flavi.fr\\\/\",\"name\":\"Flavi\",\"description\":\"auxiliaires de vie ind\u00e9pendantes\",\"potentialAction\":[{\"@type\":\"SearchAction\",\"target\":{\"@type\":\"EntryPoint\",\"urlTemplate\":\"https:\\\/\\\/flavi.fr\\\/?s={search_term_string}\"},\"query-input\":{\"@type\":\"PropertyValueSpecification\",\"valueRequired\":true,\"valueName\":\"search_term_string\"}}],\"inLanguage\":\"fr-FR\"},{\"@type\":\"Person\",\"@id\":\"https:\\\/\\\/flavi.fr\\\/#\\\/schema\\\/person\\\/e540732270cd8b3a026a503df4f1ea3d\",\"name\":\"Eva Muringer, Fondatrice de Flavi et enseignante\",\"image\":{\"@type\":\"ImageObject\",\"inLanguage\":\"fr-FR\",\"@id\":\"https:\\\/\\\/secure.gravatar.com\\\/avatar\\\/c30b4e242c14546872cc63671192d7e6cac888c35741f84be86494a741cfb896?s=96&d=mm&r=g1e593406708024e749a1e9e33b45acc9\",\"url\":\"https:\\\/\\\/secure.gravatar.com\\\/avatar\\\/c30b4e242c14546872cc63671192d7e6cac888c35741f84be86494a741cfb896?s=96&d=mm&r=g\",\"contentUrl\":\"https:\\\/\\\/secure.gravatar.com\\\/avatar\\\/c30b4e242c14546872cc63671192d7e6cac888c35741f84be86494a741cfb896?s=96&d=mm&r=g\",\"caption\":\"Eva Muringer, Fondatrice de Flavi et enseignante\"},\"sameAs\":[\"https:\\\/\\\/www.flavi.fr\"],\"url\":\"https:\\\/\\\/flavi.fr\\\/index.php\\\/author\\\/admin7211\\\/\"}]}<\/script>\n<!-- \/ Yoast SEO plugin. -->","yoast_head_json":{"title":"Comment calculer et d\u00e9clarer ses frais r\u00e9els en CESU ? - Flavi","description":"Vous \u00eates auxiliaire de vie en CESU ? Comprenez comment calculer vos frais r\u00e9els ?","robots":{"index":"index","follow":"follow","max-snippet":"max-snippet:-1","max-image-preview":"max-image-preview:large","max-video-preview":"max-video-preview:-1"},"canonical":"https:\/\/flavi.fr\/index.php\/2023\/05\/22\/comment-calculer-et-declarer-ses-frais-reels-en-cesu\/","og_locale":"fr_FR","og_type":"article","og_title":"Comment calculer et d\u00e9clarer ses frais r\u00e9els en CESU ? - Flavi","og_description":"Vous \u00eates auxiliaire de vie en CESU ? Comprenez comment calculer vos frais r\u00e9els ?","og_url":"https:\/\/flavi.fr\/index.php\/2023\/05\/22\/comment-calculer-et-declarer-ses-frais-reels-en-cesu\/","og_site_name":"Flavi","article_published_time":"2023-05-22T14:31:21+00:00","article_modified_time":"2025-10-29T08:19:58+00:00","og_image":[{"width":1878,"height":1056,"url":"https:\/\/flavi.fr\/wp-content\/uploads\/2023\/05\/Design-sans-titre-2.png","type":"image\/png"}],"author":"Flavie, experte CESU","twitter_card":"summary_large_image","twitter_misc":{"\u00c9crit par":"Flavie, experte CESU","Dur\u00e9e de lecture estim\u00e9e":"7 minutes"},"schema":{"@context":"https:\/\/schema.org","@graph":[{"@type":"Article","@id":"https:\/\/flavi.fr\/index.php\/2023\/05\/22\/comment-calculer-et-declarer-ses-frais-reels-en-cesu\/#article","isPartOf":{"@id":"https:\/\/flavi.fr\/index.php\/2023\/05\/22\/comment-calculer-et-declarer-ses-frais-reels-en-cesu\/"},"author":{"name":"Eva Muringer, Fondatrice de Flavi et enseignante","@id":"https:\/\/flavi.fr\/#\/schema\/person\/e540732270cd8b3a026a503df4f1ea3d"},"headline":"Comment calculer et d\u00e9clarer ses frais r\u00e9els en CESU ?","datePublished":"2023-05-22T14:31:21+00:00","dateModified":"2025-10-29T08:19:58+00:00","mainEntityOfPage":{"@id":"https:\/\/flavi.fr\/index.php\/2023\/05\/22\/comment-calculer-et-declarer-ses-frais-reels-en-cesu\/"},"wordCount":2813,"commentCount":2,"image":{"@id":"https:\/\/flavi.fr\/index.php\/2023\/05\/22\/comment-calculer-et-declarer-ses-frais-reels-en-cesu\/#primaryimage"},"thumbnailUrl":"https:\/\/flavi.fr\/wp-content\/uploads\/2023\/05\/Design-sans-titre-2.png","articleSection":["Articles pour auxiliaire de vie"],"inLanguage":"fr-FR","potentialAction":[{"@type":"CommentAction","name":"Comment","target":["https:\/\/flavi.fr\/index.php\/2023\/05\/22\/comment-calculer-et-declarer-ses-frais-reels-en-cesu\/#respond"]}]},{"@type":"WebPage","@id":"https:\/\/flavi.fr\/index.php\/2023\/05\/22\/comment-calculer-et-declarer-ses-frais-reels-en-cesu\/","url":"https:\/\/flavi.fr\/index.php\/2023\/05\/22\/comment-calculer-et-declarer-ses-frais-reels-en-cesu\/","name":"Comment calculer et d\u00e9clarer ses frais r\u00e9els en CESU ? - Flavi","isPartOf":{"@id":"https:\/\/flavi.fr\/#website"},"primaryImageOfPage":{"@id":"https:\/\/flavi.fr\/index.php\/2023\/05\/22\/comment-calculer-et-declarer-ses-frais-reels-en-cesu\/#primaryimage"},"image":{"@id":"https:\/\/flavi.fr\/index.php\/2023\/05\/22\/comment-calculer-et-declarer-ses-frais-reels-en-cesu\/#primaryimage"},"thumbnailUrl":"https:\/\/flavi.fr\/wp-content\/uploads\/2023\/05\/Design-sans-titre-2.png","datePublished":"2023-05-22T14:31:21+00:00","dateModified":"2025-10-29T08:19:58+00:00","author":{"@id":"https:\/\/flavi.fr\/#\/schema\/person\/e540732270cd8b3a026a503df4f1ea3d"},"description":"Vous \u00eates auxiliaire de vie en CESU ? Comprenez comment calculer vos frais r\u00e9els ?","breadcrumb":{"@id":"https:\/\/flavi.fr\/index.php\/2023\/05\/22\/comment-calculer-et-declarer-ses-frais-reels-en-cesu\/#breadcrumb"},"inLanguage":"fr-FR","potentialAction":[{"@type":"ReadAction","target":["https:\/\/flavi.fr\/index.php\/2023\/05\/22\/comment-calculer-et-declarer-ses-frais-reels-en-cesu\/"]}]},{"@type":"ImageObject","inLanguage":"fr-FR","@id":"https:\/\/flavi.fr\/index.php\/2023\/05\/22\/comment-calculer-et-declarer-ses-frais-reels-en-cesu\/#primaryimage","url":"https:\/\/flavi.fr\/wp-content\/uploads\/2023\/05\/Design-sans-titre-2.png","contentUrl":"https:\/\/flavi.fr\/wp-content\/uploads\/2023\/05\/Design-sans-titre-2.png","width":1878,"height":1056,"caption":"calcul des frais r\u00e9els en CESU"},{"@type":"BreadcrumbList","@id":"https:\/\/flavi.fr\/index.php\/2023\/05\/22\/comment-calculer-et-declarer-ses-frais-reels-en-cesu\/#breadcrumb","itemListElement":[{"@type":"ListItem","position":1,"name":"Accueil","item":"https:\/\/flavi.fr\/"},{"@type":"ListItem","position":2,"name":"Comment calculer et d\u00e9clarer ses frais r\u00e9els en CESU ?"}]},{"@type":"WebSite","@id":"https:\/\/flavi.fr\/#website","url":"https:\/\/flavi.fr\/","name":"Flavi","description":"auxiliaires de vie ind\u00e9pendantes","potentialAction":[{"@type":"SearchAction","target":{"@type":"EntryPoint","urlTemplate":"https:\/\/flavi.fr\/?s={search_term_string}"},"query-input":{"@type":"PropertyValueSpecification","valueRequired":true,"valueName":"search_term_string"}}],"inLanguage":"fr-FR"},{"@type":"Person","@id":"https:\/\/flavi.fr\/#\/schema\/person\/e540732270cd8b3a026a503df4f1ea3d","name":"Eva Muringer, Fondatrice de Flavi et enseignante","image":{"@type":"ImageObject","inLanguage":"fr-FR","@id":"https:\/\/secure.gravatar.com\/avatar\/c30b4e242c14546872cc63671192d7e6cac888c35741f84be86494a741cfb896?s=96&d=mm&r=g1e593406708024e749a1e9e33b45acc9","url":"https:\/\/secure.gravatar.com\/avatar\/c30b4e242c14546872cc63671192d7e6cac888c35741f84be86494a741cfb896?s=96&d=mm&r=g","contentUrl":"https:\/\/secure.gravatar.com\/avatar\/c30b4e242c14546872cc63671192d7e6cac888c35741f84be86494a741cfb896?s=96&d=mm&r=g","caption":"Eva Muringer, Fondatrice de Flavi et enseignante"},"sameAs":["https:\/\/www.flavi.fr"],"url":"https:\/\/flavi.fr\/index.php\/author\/admin7211\/"}]}},"modified_by":"Eva Muringer, Fondatrice de Flavi et enseignante","authors":[{"term_id":41,"user_id":1,"is_guest":0,"slug":"admin7211","display_name":"Flavie, experte CESU","avatar_url":"https:\/\/secure.gravatar.com\/avatar\/c30b4e242c14546872cc63671192d7e6cac888c35741f84be86494a741cfb896?s=96&d=mm&r=g","1":"","2":"","3":"","4":"","5":"","6":"","7":"","8":""}],"_links":{"self":[{"href":"https:\/\/flavi.fr\/index.php\/wp-json\/wp\/v2\/posts\/4292","targetHints":{"allow":["GET"]}}],"collection":[{"href":"https:\/\/flavi.fr\/index.php\/wp-json\/wp\/v2\/posts"}],"about":[{"href":"https:\/\/flavi.fr\/index.php\/wp-json\/wp\/v2\/types\/post"}],"author":[{"embeddable":true,"href":"https:\/\/flavi.fr\/index.php\/wp-json\/wp\/v2\/users\/1"}],"replies":[{"embeddable":true,"href":"https:\/\/flavi.fr\/index.php\/wp-json\/wp\/v2\/comments?post=4292"}],"version-history":[{"count":1,"href":"https:\/\/flavi.fr\/index.php\/wp-json\/wp\/v2\/posts\/4292\/revisions"}],"predecessor-version":[{"id":10076,"href":"https:\/\/flavi.fr\/index.php\/wp-json\/wp\/v2\/posts\/4292\/revisions\/10076"}],"wp:featuredmedia":[{"embeddable":true,"href":"https:\/\/flavi.fr\/index.php\/wp-json\/wp\/v2\/media\/4293"}],"wp:attachment":[{"href":"https:\/\/flavi.fr\/index.php\/wp-json\/wp\/v2\/media?parent=4292"}],"wp:term":[{"taxonomy":"category","embeddable":true,"href":"https:\/\/flavi.fr\/index.php\/wp-json\/wp\/v2\/categories?post=4292"},{"taxonomy":"post_tag","embeddable":true,"href":"https:\/\/flavi.fr\/index.php\/wp-json\/wp\/v2\/tags?post=4292"},{"taxonomy":"author","embeddable":true,"href":"https:\/\/flavi.fr\/index.php\/wp-json\/wp\/v2\/ppma_author?post=4292"}],"curies":[{"name":"wp","href":"https:\/\/api.w.org\/{rel}","templated":true}]}}