{"id":10421,"date":"2026-03-17T08:15:34","date_gmt":"2026-03-17T07:15:34","guid":{"rendered":"https:\/\/flavi.fr\/?p=10421"},"modified":"2026-03-17T08:15:35","modified_gmt":"2026-03-17T07:15:35","slug":"alzheimer-et-alimentation-comment-accompagner-la-personne-aidee","status":"publish","type":"post","link":"https:\/\/flavi.fr\/index.php\/2026\/03\/17\/alzheimer-et-alimentation-comment-accompagner-la-personne-aidee\/","title":{"rendered":"Alzheimer et alimentation : comment accompagner ?"},"content":{"rendered":"\n[et_pb_section fb_built=\u00a0\u00bb1&Prime; _builder_version=\u00a0\u00bb4.24.2&Prime; _module_preset=\u00a0\u00bbdefault\u00a0\u00bb global_colors_info=\u00a0\u00bb{}\u00a0\u00bb][et_pb_row _builder_version=\u00a0\u00bb4.24.2&Prime; _module_preset=\u00a0\u00bbdefault\u00a0\u00bb custom_padding=\u00a0\u00bb||22px|||\u00a0\u00bb global_colors_info=\u00a0\u00bb{}\u00a0\u00bb][et_pb_column type=\u00a0\u00bb4_4&Prime; _builder_version=\u00a0\u00bb4.24.2&Prime; _module_preset=\u00a0\u00bbdefault\u00a0\u00bb global_colors_info=\u00a0\u00bb{}\u00a0\u00bb][et_pb_text _builder_version=\u00a0\u00bb4.27.4&Prime; _module_preset=\u00a0\u00bbdefault\u00a0\u00bb text_font=\u00a0\u00bbLato||||||||\u00a0\u00bb text_font_size=\u00a0\u00bb18px\u00a0\u00bb text_font_size_tablet=\u00a0\u00bb18px\u00a0\u00bb text_font_size_phone=\u00a0\u00bb18px\u00a0\u00bb text_font_size_last_edited=\u00a0\u00bbon|phone\u00a0\u00bb global_colors_info=\u00a0\u00bb{}\u00a0\u00bb]<p><span style=\"font-weight: 400;\">La nutrition joue un r\u00f4le essentiel dans le bien-\u00eatre des personnes \u00e2g\u00e9es. Avec l\u2019\u00e2ge, les besoins alimentaires \u00e9voluent, et il est important d\u2019adapter l\u2019alimentation pour pr\u00e9server la sant\u00e9 et le plaisir de manger.<\/span><\/p>\n<p><span style=\"font-weight: 400;\">Chez les personnes atteintes de la <\/span><b>maladie d\u2019Alzheimer<\/b><span style=\"font-weight: 400;\">, les repas peuvent devenir un v\u00e9ritable d\u00e9fi : oublis, perte d\u2019app\u00e9tit ou difficult\u00e9s de concentration.<\/span><span style=\"font-weight: 400;\"><br \/><\/span><span style=\"font-weight: 400;\">Dans cet article, nous vous proposons des conseils simples et des id\u00e9es de repas \u00e9quilibr\u00e9s pour aider la personne aid\u00e9e \u00e0 mieux s\u2019alimenter au quotidien.<\/span><\/p>\n<p><span style=\"font-weight: 400;\">Pour des recommandations plus g\u00e9n\u00e9rales sur <\/span><b>l\u2019alimentation des seniors<\/b><span style=\"font-weight: 400;\">, consultez aussi notre article d\u00e9di\u00e9 \u00e0 la <\/span><b>nutrition des personnes \u00e2g\u00e9es<\/b><\/p>[\/et_pb_text][et_pb_text _builder_version=\u00a0\u00bb4.27.4&Prime; _module_preset=\u00a0\u00bbdefault\u00a0\u00bb text_font=\u00a0\u00bbLato||||||||\u00a0\u00bb text_font_size=\u00a0\u00bb18px\u00a0\u00bb text_font_size_tablet=\u00a0\u00bb18px\u00a0\u00bb text_font_size_phone=\u00a0\u00bb18px\u00a0\u00bb text_font_size_last_edited=\u00a0\u00bbon|phone\u00a0\u00bb global_colors_info=\u00a0\u00bb{}\u00a0\u00bb]<p><span style=\"font-weight: 400;\">Vous \u00eates (ou allez devenir) particulier employeur et vous vous sentez un peu perdu avec le CESU, les d\u00e9marches, ou les obligations l\u00e9gales ?<\/span><\/p>\n<p><span style=\"font-weight: 400;\"><br \/><\/span><span style=\"font-weight: 400;\">On a pr\u00e9par\u00e9 un <strong>guide<\/strong> complet,<strong> simple<\/strong> et <strong>gratuit<\/strong> pour vous aider \u00e0 tout comprendre et d\u00e9marrer sereinement.<\/span><\/p>[\/et_pb_text][et_pb_button button_url=\u00a0\u00bbhttps:\/\/forms.gle\/GjMWbpTAENkiK3JM8&Prime; button_text=\u00a0\u00bbR\u00e9cup\u00e9rer mon guide CESU\u00a0\u00bb button_alignment=\u00a0\u00bbcenter\u00a0\u00bb _builder_version=\u00a0\u00bb4.27.4&Prime; _module_preset=\u00a0\u00bbdefault\u00a0\u00bb custom_button=\u00a0\u00bbon\u00a0\u00bb button_text_color=\u00a0\u00bb#2E5C9F\u00a0\u00bb button_bg_color=\u00a0\u00bb#FFC600&Prime; button_border_width=\u00a0\u00bb0px\u00a0\u00bb button_font=\u00a0\u00bb|800|||||||\u00a0\u00bb global_colors_info=\u00a0\u00bb{}\u00a0\u00bb][\/et_pb_button][et_pb_text _builder_version=\u00a0\u00bb4.27.4&Prime; _module_preset=\u00a0\u00bbdefault\u00a0\u00bb header_2_font=\u00a0\u00bbABeeZee||||||||\u00a0\u00bb header_2_text_color=\u00a0\u00bb#5800a6&Prime; header_2_font_size=\u00a0\u00bb35px\u00a0\u00bb header_2_font_size_tablet=\u00a0\u00bb35px\u00a0\u00bb header_2_font_size_phone=\u00a0\u00bb30px\u00a0\u00bb header_2_font_size_last_edited=\u00a0\u00bbon|desktop\u00a0\u00bb global_colors_info=\u00a0\u00bb{}\u00a0\u00bb]<div id=\"ez-toc-container\" class=\"ez-toc-v2_0_82_2 ez-toc-wrap-center counter-hierarchy ez-toc-counter ez-toc-custom ez-toc-container-direction\">\n<div class=\"ez-toc-title-container\">\n<p class=\"ez-toc-title\" style=\"cursor:inherit\">Sommaire<\/p>\n<span class=\"ez-toc-title-toggle\"><a href=\"#\" class=\"ez-toc-pull-right ez-toc-btn ez-toc-btn-xs ez-toc-btn-default ez-toc-toggle\" aria-label=\"Toggle Table of Content\"><span class=\"ez-toc-js-icon-con\"><span class=\"\"><span class=\"eztoc-hide\" style=\"display:none;\">Toggle<\/span><span class=\"ez-toc-icon-toggle-span\"><svg style=\"fill: #000000;color:#000000\" xmlns=\"http:\/\/www.w3.org\/2000\/svg\" class=\"list-377408\" width=\"20px\" height=\"20px\" viewBox=\"0 0 24 24\" fill=\"none\"><path d=\"M6 6H4v2h2V6zm14 0H8v2h12V6zM4 11h2v2H4v-2zm16 0H8v2h12v-2zM4 16h2v2H4v-2zm16 0H8v2h12v-2z\" fill=\"currentColor\"><\/path><\/svg><svg style=\"fill: #000000;color:#000000\" class=\"arrow-unsorted-368013\" xmlns=\"http:\/\/www.w3.org\/2000\/svg\" width=\"10px\" height=\"10px\" viewBox=\"0 0 24 24\" version=\"1.2\" baseProfile=\"tiny\"><path d=\"M18.2 9.3l-6.2-6.3-6.2 6.3c-.2.2-.3.4-.3.7s.1.5.3.7c.2.2.4.3.7.3h11c.3 0 .5-.1.7-.3.2-.2.3-.5.3-.7s-.1-.5-.3-.7zM5.8 14.7l6.2 6.3 6.2-6.3c.2-.2.3-.5.3-.7s-.1-.5-.3-.7c-.2-.2-.4-.3-.7-.3h-11c-.3 0-.5.1-.7.3-.2.2-.3.5-.3.7s.1.5.3.7z\"\/><\/svg><\/span><\/span><\/span><\/a><\/span><\/div>\n<nav><ul class='ez-toc-list ez-toc-list-level-1 ' ><li class='ez-toc-page-1 ez-toc-heading-level-2'><a class=\"ez-toc-link ez-toc-heading-1\" href=\"https:\/\/flavi.fr\/index.php\/2026\/03\/17\/alzheimer-et-alimentation-comment-accompagner-la-personne-aidee\/#Conseils_generaux\" >Conseils g\u00e9n\u00e9raux<\/a><\/li><li class='ez-toc-page-1 ez-toc-heading-level-2'><a class=\"ez-toc-link ez-toc-heading-2\" href=\"https:\/\/flavi.fr\/index.php\/2026\/03\/17\/alzheimer-et-alimentation-comment-accompagner-la-personne-aidee\/#Faciliter_le_moment_du_repas\" >Faciliter le moment du repas<\/a><ul class='ez-toc-list-level-3' ><li class='ez-toc-heading-level-3'><a class=\"ez-toc-link ez-toc-heading-3\" href=\"https:\/\/flavi.fr\/index.php\/2026\/03\/17\/alzheimer-et-alimentation-comment-accompagner-la-personne-aidee\/#Adaptez_le_repas_a_leurs_capacites\" >Adaptez le repas \u00e0 leurs capacit\u00e9s<\/a><\/li><li class='ez-toc-page-1 ez-toc-heading-level-3'><a class=\"ez-toc-link ez-toc-heading-4\" href=\"https:\/\/flavi.fr\/index.php\/2026\/03\/17\/alzheimer-et-alimentation-comment-accompagner-la-personne-aidee\/#Creez_un_cadre_rassurant_et_familier\" >Cr\u00e9ez un cadre rassurant et familier<\/a><\/li><li class='ez-toc-page-1 ez-toc-heading-level-3'><a class=\"ez-toc-link ez-toc-heading-5\" href=\"https:\/\/flavi.fr\/index.php\/2026\/03\/17\/alzheimer-et-alimentation-comment-accompagner-la-personne-aidee\/#Adaptez_votre_maniere_daide_a_manger\" >Adaptez votre mani\u00e8re d\u2019aide \u00e0 manger<\/a><\/li><\/ul><\/li><li class='ez-toc-page-1 ez-toc-heading-level-2'><a class=\"ez-toc-link ez-toc-heading-6\" href=\"https:\/\/flavi.fr\/index.php\/2026\/03\/17\/alzheimer-et-alimentation-comment-accompagner-la-personne-aidee\/#Exemple_de_recette\" >Exemple de recette<\/a><ul class='ez-toc-list-level-3' ><li class='ez-toc-heading-level-3'><a class=\"ez-toc-link ez-toc-heading-7\" href=\"https:\/\/flavi.fr\/index.php\/2026\/03\/17\/alzheimer-et-alimentation-comment-accompagner-la-personne-aidee\/#Quiche_aux_legumes\" >Quiche aux l\u00e9gumes<\/a><\/li><\/ul><\/li><li class='ez-toc-page-1 ez-toc-heading-level-2'><a class=\"ez-toc-link ez-toc-heading-8\" href=\"https:\/\/flavi.fr\/index.php\/2026\/03\/17\/alzheimer-et-alimentation-comment-accompagner-la-personne-aidee\/#En_resume\" >En r\u00e9sum\u00e9 :<\/a><\/li><li class='ez-toc-page-1 ez-toc-heading-level-2'><a class=\"ez-toc-link ez-toc-heading-9\" href=\"https:\/\/flavi.fr\/index.php\/2026\/03\/17\/alzheimer-et-alimentation-comment-accompagner-la-personne-aidee\/#Vous_recherchez_des_particuliers_employeurs_en_CESU\" >Vous recherchez des particuliers employeurs en CESU ?<\/a><\/li><\/ul><\/nav><\/div>\n<h2><span class=\"ez-toc-section\" id=\"Conseils_generaux\"><\/span><b>Conseils g\u00e9n\u00e9raux<\/b><span class=\"ez-toc-section-end\"><\/span><\/h2>[\/et_pb_text][et_pb_text _builder_version=\u00a0\u00bb4.27.4&Prime; _module_preset=\u00a0\u00bbdefault\u00a0\u00bb text_font=\u00a0\u00bbLato||||||||\u00a0\u00bb text_font_size=\u00a0\u00bb18px\u00a0\u00bb text_font_size_tablet=\u00a0\u00bb18px\u00a0\u00bb text_font_size_phone=\u00a0\u00bb18px\u00a0\u00bb text_font_size_last_edited=\u00a0\u00bbon|phone\u00a0\u00bb global_colors_info=\u00a0\u00bb{}\u00a0\u00bb]<div class=\"flex flex-col text-sm pb-25\">\n<article class=\"text-token-text-primary w-full focus:outline-none [--shadow-height:45px] has-data-writing-block:pointer-events-none has-data-writing-block:-mt-(--shadow-height) has-data-writing-block:pt-(--shadow-height) [&amp;:has([data-writing-block])&gt;*]:pointer-events-auto scroll-mt-[calc(var(--header-height)+min(200px,max(70px,20svh)))]\" dir=\"auto\" data-turn-id=\"request-WEB:2f03988d-2de3-41e1-834f-c7fce73b5c94-2\" data-testid=\"conversation-turn-6\" data-scroll-anchor=\"true\" data-turn=\"assistant\" tabindex=\"-1\">\n<div class=\"text-base my-auto mx-auto pb-10 [--thread-content-margin:--spacing(4)] @w-sm\/main:[--thread-content-margin:--spacing(6)] @w-lg\/main:[--thread-content-margin:--spacing(16)] px-(--thread-content-margin)\">\n<div class=\"[--thread-content-max-width:40rem] @w-lg\/main:[--thread-content-max-width:48rem] mx-auto max-w-(--thread-content-max-width) flex-1 group\/turn-messages focus-visible:outline-hidden relative flex w-full min-w-0 flex-col agent-turn\" tabindex=\"-1\">\n<div class=\"flex max-w-full flex-col grow\">\n<div data-message-author-role=\"assistant\" data-message-id=\"e2e05a21-f06f-446c-9257-65031639f59e\" dir=\"auto\" class=\"min-h-8 text-message relative flex w-full flex-col items-end gap-2 text-start break-words whitespace-normal [.text-message+&amp;]:mt-1\" data-message-model-slug=\"gpt-5-2\">\n<div class=\"flex w-full flex-col gap-1 empty:hidden first:pt-[1px]\">\n<div class=\"markdown prose dark:prose-invert w-full wrap-break-word dark markdown-new-styling\">\n<p><span style=\"font-weight: 400;\">En premier lieu, <\/span><b>surveillez r\u00e9guli\u00e8rement le poids de la personne aid\u00e9e<\/b><span style=\"font-weight: 400;\">. Notez chaque variation, m\u00eame l\u00e9g\u00e8re, car elle peut r\u00e9v\u00e9ler un changement dans son app\u00e9tit, son moral ou son \u00e9tat de sant\u00e9.<\/span><\/p>\n<p><span style=\"font-weight: 400;\">Ensuite enrichissez l\u2019alimentation (par exemple avec des compl\u00e9ments prot\u00e9in\u00e9s en accord avec le m\u00e9decin) si la personne aid\u00e9e mange moins ou maigri.<\/span><\/p>\n<p><span style=\"font-weight: 400;\">Enfin, encouragez la personne atteinte d\u2019alzheimer \u00e0 faire une <\/span><b>activit\u00e9 physique<\/b><span style=\"font-weight: 400;\"> (marche). Cela favorise le sommeil et par cons\u00e9quent permet d\u2019\u00e9viter une inversion du rythme jour\/nuit<\/span><\/p>\n<\/div>\n<\/div>\n<\/div>\n<\/div>\n<\/div>\n<\/div>\n<\/article>\n<\/div>[\/et_pb_text][et_pb_text _builder_version=\u00a0\u00bb4.27.4&Prime; _module_preset=\u00a0\u00bbdefault\u00a0\u00bb header_2_font=\u00a0\u00bbABeeZee||||||||\u00a0\u00bb header_2_text_color=\u00a0\u00bb#5800a6&Prime; header_2_font_size=\u00a0\u00bb35px\u00a0\u00bb header_2_font_size_tablet=\u00a0\u00bb35px\u00a0\u00bb header_2_font_size_phone=\u00a0\u00bb30px\u00a0\u00bb header_2_font_size_last_edited=\u00a0\u00bbon|desktop\u00a0\u00bb global_colors_info=\u00a0\u00bb{}\u00a0\u00bb]<h2><span class=\"ez-toc-section\" id=\"Faciliter_le_moment_du_repas\"><\/span><b>Faciliter le moment du repas<\/b><span class=\"ez-toc-section-end\"><\/span><\/h2>[\/et_pb_text][et_pb_text _builder_version=\u00a0\u00bb4.27.4&Prime; _module_preset=\u00a0\u00bbdefault\u00a0\u00bb text_font=\u00a0\u00bbLato||||||||\u00a0\u00bb text_font_size=\u00a0\u00bb18px\u00a0\u00bb text_font_size_tablet=\u00a0\u00bb18px\u00a0\u00bb text_font_size_phone=\u00a0\u00bb18px\u00a0\u00bb text_font_size_last_edited=\u00a0\u00bbon|phone\u00a0\u00bb global_colors_info=\u00a0\u00bb{}\u00a0\u00bb]<div class=\"flex flex-col text-sm pb-25\">\n<article class=\"text-token-text-primary w-full focus:outline-none [--shadow-height:45px] has-data-writing-block:pointer-events-none has-data-writing-block:-mt-(--shadow-height) has-data-writing-block:pt-(--shadow-height) [&amp;:has([data-writing-block])&gt;*]:pointer-events-auto scroll-mt-[calc(var(--header-height)+min(200px,max(70px,20svh)))]\" dir=\"auto\" data-turn-id=\"request-WEB:2f03988d-2de3-41e1-834f-c7fce73b5c94-2\" data-testid=\"conversation-turn-6\" data-scroll-anchor=\"true\" data-turn=\"assistant\" tabindex=\"-1\">\n<div class=\"text-base my-auto mx-auto pb-10 [--thread-content-margin:--spacing(4)] @w-sm\/main:[--thread-content-margin:--spacing(6)] @w-lg\/main:[--thread-content-margin:--spacing(16)] px-(--thread-content-margin)\">\n<div class=\"[--thread-content-max-width:40rem] @w-lg\/main:[--thread-content-max-width:48rem] mx-auto max-w-(--thread-content-max-width) flex-1 group\/turn-messages focus-visible:outline-hidden relative flex w-full min-w-0 flex-col agent-turn\" tabindex=\"-1\">\n<div class=\"flex max-w-full flex-col grow\">\n<div data-message-author-role=\"assistant\" data-message-id=\"e2e05a21-f06f-446c-9257-65031639f59e\" dir=\"auto\" class=\"min-h-8 text-message relative flex w-full flex-col items-end gap-2 text-start break-words whitespace-normal [.text-message+&amp;]:mt-1\" data-message-model-slug=\"gpt-5-2\">\n<div class=\"flex w-full flex-col gap-1 empty:hidden first:pt-[1px]\">\n<div class=\"markdown prose dark:prose-invert w-full wrap-break-word dark markdown-new-styling\">\n<p><span style=\"font-weight: 400;\">La maladie d\u2019Alzheimer entra\u00eene souvent des troubles de l\u2019attention ou de la motricit\u00e9 qui rendent le repas difficile. Voici quelques astuces pour favoriser une prise alimentaire sereine :<\/span><\/p>\n<\/div>\n<\/div>\n<\/div>\n<\/div>\n<\/div>\n<\/div>\n<\/article>\n<\/div>[\/et_pb_text][et_pb_text _builder_version=\u00a0\u00bb4.27.4&Prime; _module_preset=\u00a0\u00bbdefault\u00a0\u00bb header_2_font=\u00a0\u00bbABeeZee||||||||\u00a0\u00bb header_2_text_color=\u00a0\u00bb#5800a6&Prime; header_2_font_size=\u00a0\u00bb35px\u00a0\u00bb header_2_font_size_tablet=\u00a0\u00bb35px\u00a0\u00bb header_2_font_size_phone=\u00a0\u00bb30px\u00a0\u00bb header_2_font_size_last_edited=\u00a0\u00bbon|desktop\u00a0\u00bb global_colors_info=\u00a0\u00bb{}\u00a0\u00bb]<h3><span class=\"ez-toc-section\" id=\"Adaptez_le_repas_a_leurs_capacites\"><\/span><span style=\"color: #cc99ff;\"><b>Adaptez le repas \u00e0 leurs capacit\u00e9s<\/b><\/span><span class=\"ez-toc-section-end\"><\/span><\/h3>[\/et_pb_text][et_pb_text _builder_version=\u00a0\u00bb4.27.4&Prime; _module_preset=\u00a0\u00bbdefault\u00a0\u00bb text_font=\u00a0\u00bbLato||||||||\u00a0\u00bb text_font_size=\u00a0\u00bb18px\u00a0\u00bb text_font_size_tablet=\u00a0\u00bb18px\u00a0\u00bb text_font_size_phone=\u00a0\u00bb18px\u00a0\u00bb text_font_size_last_edited=\u00a0\u00bbon|phone\u00a0\u00bb global_colors_info=\u00a0\u00bb{}\u00a0\u00bb]<p><span style=\"font-weight: 400;\">Pour commencer si la personne que vous aidez a du mal \u00e0 rester assise \u00e0 table, privil\u00e9giez les aliments sans couverts et sans besoin de rester assis, ce qu\u2019on appelle le \u201cmanger main\u201d. Par exemple :<\/span><\/p>\n<ul>\n<li aria-level=\"1\"><span style=\"font-weight: 400;\">Sandwichs fait maison<\/span><\/li>\n<\/ul>\n<ul>\n<li aria-level=\"1\"><span style=\"font-weight: 400;\">B\u00e2tonnets de l\u00e9gumes<\/span><\/li>\n<\/ul>\n<ul>\n<li aria-level=\"1\"><span style=\"font-weight: 400;\">Tartines diverses<\/span><\/li>\n<\/ul>\n<ul>\n<li style=\"font-weight: 400;\" aria-level=\"1\"><span style=\"font-weight: 400;\">ect\u2026<\/span><\/li>\n<\/ul>[\/et_pb_text][et_pb_text _builder_version=\u00a0\u00bb4.27.4&Prime; _module_preset=\u00a0\u00bbdefault\u00a0\u00bb header_2_font=\u00a0\u00bbABeeZee||||||||\u00a0\u00bb header_2_text_color=\u00a0\u00bb#5800a6&Prime; header_2_font_size=\u00a0\u00bb35px\u00a0\u00bb header_2_font_size_tablet=\u00a0\u00bb35px\u00a0\u00bb header_2_font_size_phone=\u00a0\u00bb30px\u00a0\u00bb header_2_font_size_last_edited=\u00a0\u00bbon|desktop\u00a0\u00bb global_colors_info=\u00a0\u00bb{}\u00a0\u00bb]<h3><span class=\"ez-toc-section\" id=\"Creez_un_cadre_rassurant_et_familier\"><\/span><span style=\"color: #cc99ff;\"><b>Cr\u00e9ez un cadre rassurant et familier<\/b><\/span><span class=\"ez-toc-section-end\"><\/span><\/h3>[\/et_pb_text][et_pb_text _builder_version=\u00a0\u00bb4.27.4&Prime; _module_preset=\u00a0\u00bbdefault\u00a0\u00bb text_font=\u00a0\u00bbLato||||||||\u00a0\u00bb text_font_size=\u00a0\u00bb18px\u00a0\u00bb text_font_size_tablet=\u00a0\u00bb18px\u00a0\u00bb text_font_size_phone=\u00a0\u00bb18px\u00a0\u00bb text_font_size_last_edited=\u00a0\u00bbon|phone\u00a0\u00bb global_colors_info=\u00a0\u00bb{}\u00a0\u00bb]<p><span style=\"font-weight: 400;\">Le repas peut parfois devenir un <\/span><b>moment d\u2019anxi\u00e9t\u00e9<\/b><span style=\"font-weight: 400;\"> pour une personne atteinte de la maladie d\u2019Alzheimer. Pourtant, quelques gestes simples permettent de transformer ce moment en une exp\u00e9rience plus rassurante et agr\u00e9able.<\/span><\/p>\n<p><span style=\"font-weight: 400;\">Tout d\u2019abord, <\/span><b>servez les repas \u00e0 heures fixes<\/b><span style=\"font-weight: 400;\">. La r\u00e9gularit\u00e9 aide la personne \u00e0 conserver ses rep\u00e8res dans la journ\u00e9e.<\/span><span style=\"font-weight: 400;\"><br \/><\/span><span style=\"font-weight: 400;\">Ensuite, respectez toujours sa<\/span><b> place habituelle \u00e0 table<\/b><span style=\"font-weight: 400;\"> : cette stabilit\u00e9 \u00e9vite la d\u00e9sorientation, fr\u00e9quente chez les personnes vivant avec Alzheimer.<\/span><span style=\"font-weight: 400;\"><br \/><\/span><span style=\"font-weight: 400;\">De plus, <\/span><b>limitez le nombre de plats<\/b><span style=\"font-weight: 400;\"> propos\u00e9s pour <\/span><b>ne pas surcharger son attention<\/b><span style=\"font-weight: 400;\"> et faciliter le choix.<\/span><span style=\"font-weight: 400;\"><br \/><\/span><span style=\"font-weight: 400;\">Par ailleurs, veillez \u00e0 installer la table dans un<\/span><b> environnement calme et bien \u00e9clair\u00e9<\/b><span style=\"font-weight: 400;\">. La lumi\u00e8re favorise la concentration, tandis qu\u2019un cadre apais\u00e9 r\u00e9duit le stress.<\/span><span style=\"font-weight: 400;\"><br \/><\/span><span style=\"font-weight: 400;\">Quand c\u2019est possible, partagez le repas avec la personne aid\u00e9e : votre pr\u00e9sence la rassure et stimule son envie de manger.<\/span><\/p>\n<p><span style=\"font-weight: 400;\"><br \/><\/span><span style=\"font-weight: 400;\">Enfin, restez <\/span><b>calme, patient et bienveillant<\/b><span style=\"font-weight: 400;\">.\u00a0<\/span><\/p>[\/et_pb_text][et_pb_text _builder_version=\u00a0\u00bb4.27.4&Prime; _module_preset=\u00a0\u00bbdefault\u00a0\u00bb header_2_font=\u00a0\u00bbABeeZee||||||||\u00a0\u00bb header_2_text_color=\u00a0\u00bb#5800a6&Prime; header_2_font_size=\u00a0\u00bb35px\u00a0\u00bb header_2_font_size_tablet=\u00a0\u00bb35px\u00a0\u00bb header_2_font_size_phone=\u00a0\u00bb30px\u00a0\u00bb header_2_font_size_last_edited=\u00a0\u00bbon|desktop\u00a0\u00bb global_colors_info=\u00a0\u00bb{}\u00a0\u00bb]<h3><span class=\"ez-toc-section\" id=\"Adaptez_votre_maniere_daide_a_manger\"><\/span><span style=\"color: #cc99ff;\"><b>Adaptez votre mani\u00e8re d\u2019aide \u00e0 manger<\/b><\/span><span class=\"ez-toc-section-end\"><\/span><\/h3>[\/et_pb_text][et_pb_text _builder_version=\u00a0\u00bb4.27.4&Prime; _module_preset=\u00a0\u00bbdefault\u00a0\u00bb text_font=\u00a0\u00bbLato||||||||\u00a0\u00bb text_font_size=\u00a0\u00bb18px\u00a0\u00bb text_font_size_tablet=\u00a0\u00bb18px\u00a0\u00bb text_font_size_phone=\u00a0\u00bb18px\u00a0\u00bb text_font_size_last_edited=\u00a0\u00bbon|phone\u00a0\u00bb global_colors_info=\u00a0\u00bb{}\u00a0\u00bb]<p><span style=\"font-weight: 400;\">Lorsque la personne atteinte d\u2019alzheimer a besoin d\u2019aide, la douceur et la patience sont essentielles.<\/span><\/p>\n<ul>\n<li style=\"font-weight: 400;\" aria-level=\"1\"><span style=\"font-weight: 400;\">Si elle <\/span><b>n\u2019ouvre pas spontan\u00e9ment la bouche<\/b><span style=\"font-weight: 400;\">, placez-vous face \u00e0 elle et touchez doucement ses l\u00e8vres avec la cuill\u00e8re, ceci engendre bien souvent le r\u00e9flexe pour la personne aid\u00e9e.<\/span><span style=\"font-weight: 400;\">\n<p><\/span><\/li>\n<li style=\"font-weight: 400;\" aria-level=\"1\"><span style=\"font-weight: 400;\">Si elle <\/span><b>m\u00e2che difficilement<\/b><span style=\"font-weight: 400;\">, privil\u00e9giez des aliments mous (pur\u00e9es, compotes, \u0153ufs brouill\u00e9s\u2026) et encouragez-la verbalement \u00e0 m\u00e2cher, mais aussi \u00e0 avaler car il arrive \u00e9galement que la mastication s\u2019\u00e9ternise et engendre un risque non n\u00e9gligeable de fausse route.<\/span><span style=\"font-weight: 400;\">\n<p><\/span><\/li>\n<li style=\"font-weight: 400;\" aria-level=\"1\"><span style=\"font-weight: 400;\">En cas de doute, v\u00e9rifiez l\u2019\u00e9tat des dents et des gencives : une g\u00eane buccale peut expliquer les refus alimentaires.<\/span><\/li>\n<\/ul>[\/et_pb_text][et_pb_text _builder_version=\u00a0\u00bb4.27.4&Prime; _module_preset=\u00a0\u00bbdefault\u00a0\u00bb header_2_font=\u00a0\u00bbABeeZee||||||||\u00a0\u00bb header_2_text_color=\u00a0\u00bb#5800a6&Prime; header_2_font_size=\u00a0\u00bb35px\u00a0\u00bb header_2_font_size_tablet=\u00a0\u00bb35px\u00a0\u00bb header_2_font_size_phone=\u00a0\u00bb30px\u00a0\u00bb header_2_font_size_last_edited=\u00a0\u00bbon|desktop\u00a0\u00bb global_colors_info=\u00a0\u00bb{}\u00a0\u00bb]<h2><span class=\"ez-toc-section\" id=\"Exemple_de_recette\"><\/span><b>Exemple de recette<\/b><span class=\"ez-toc-section-end\"><\/span><\/h2>[\/et_pb_text][et_pb_text _builder_version=\u00a0\u00bb4.27.4&Prime; _module_preset=\u00a0\u00bbdefault\u00a0\u00bb header_2_font=\u00a0\u00bbABeeZee||||||||\u00a0\u00bb header_2_text_color=\u00a0\u00bb#5800a6&Prime; header_2_font_size=\u00a0\u00bb35px\u00a0\u00bb header_2_font_size_tablet=\u00a0\u00bb35px\u00a0\u00bb header_2_font_size_phone=\u00a0\u00bb30px\u00a0\u00bb header_2_font_size_last_edited=\u00a0\u00bbon|desktop\u00a0\u00bb global_colors_info=\u00a0\u00bb{}\u00a0\u00bb]<h3><span class=\"ez-toc-section\" id=\"Quiche_aux_legumes\"><\/span><span style=\"color: #cc99ff;\"><b>Quiche aux l\u00e9gumes<\/b><\/span><span class=\"ez-toc-section-end\"><\/span><\/h3>[\/et_pb_text][et_pb_image src=\u00a0\u00bbhttps:\/\/flavi.fr\/wp-content\/uploads\/2026\/02\/89-quiche-_1_.webp\u00a0\u00bb alt=\u00a0\u00bbId\u00e9e de recette pour la nutrition &#8211; Alzheimer\u00a0\u00bb title_text=\u00a0\u00bbId\u00e9e de recette pour la nutrition &#8211; Alzheimer\u00a0\u00bb _builder_version=\u00a0\u00bb4.27.4&Prime; _module_preset=\u00a0\u00bbdefault\u00a0\u00bb global_colors_info=\u00a0\u00bb{}\u00a0\u00bb][\/et_pb_image][et_pb_text _builder_version=\u00a0\u00bb4.27.4&Prime; _module_preset=\u00a0\u00bbdefault\u00a0\u00bb text_font=\u00a0\u00bbLato||||||||\u00a0\u00bb text_font_size=\u00a0\u00bb18px\u00a0\u00bb text_font_size_tablet=\u00a0\u00bb18px\u00a0\u00bb text_font_size_phone=\u00a0\u00bb18px\u00a0\u00bb text_font_size_last_edited=\u00a0\u00bbon|phone\u00a0\u00bb global_colors_info=\u00a0\u00bb{}\u00a0\u00bb]<p><span style=\"font-weight: 400;\">Voici les ingr\u00e9dients pour <strong>4 personnes<\/strong> : 1 p\u00e2te bris\u00e9e pr\u00eate \u00e0 d\u00e9rouler, 3 \u0153ufs, 20 cl de cr\u00e8me fra\u00eeche l\u00e9g\u00e8re (ou 100 g de fromage blanc), 10 cl de lait entier, 100 g de gruy\u00e8re r\u00e2p\u00e9 (ou comt\u00e9, emmental), 1 petite courgette, 1 carotte, \u00bd oignon (facultatif), 1 cuill\u00e8re \u00e0 soupe d\u2019huile d\u2019olive, 1 pinc\u00e9e de noix de muscade, sel et poivre doux (en quantit\u00e9 mod\u00e9r\u00e9e).<\/span><\/p>\n<p><span style=\"font-weight: 400;\">Pr\u00e9chauffez le four \u00e0 180\u00b0C (th. 6).<\/span><span style=\"font-weight: 400;\"><br \/><\/span><span style=\"font-weight: 400;\">Lavez et r\u00e2pez la courgette et la carotte, puis faites-les revenir 5 minutes dans une po\u00eale avec l\u2019huile d\u2019olive pour les attendrir.<\/span><span style=\"font-weight: 400;\"><br \/><\/span><span style=\"font-weight: 400;\">Dans un saladier, battez les \u0153ufs, ajoutez la cr\u00e8me, le lait, le fromage r\u00e2p\u00e9, la noix de muscade, le sel et le poivre. M\u00e9langez bien.<\/span><span style=\"font-weight: 400;\"><br \/><\/span><span style=\"font-weight: 400;\">Ajoutez les l\u00e9gumes cuits \u00e0 la pr\u00e9paration et m\u00e9langez \u00e0 nouveau.<\/span><span style=\"font-weight: 400;\"><br \/><\/span><span style=\"font-weight: 400;\">D\u00e9roulez la p\u00e2te bris\u00e9e dans un moule \u00e0 tarte, piquez le fond avec une fourchette.<\/span><span style=\"font-weight: 400;\"><br \/><\/span><span style=\"font-weight: 400;\">Versez la pr\u00e9paration sur la p\u00e2te et \u00e9galisez la surface.<\/span><span style=\"font-weight: 400;\"><br \/><\/span><span style=\"font-weight: 400;\">Enfournez pendant 30 \u00e0 35 minutes, jusqu\u2019\u00e0 ce que la quiche soit bien dor\u00e9e.<\/span><span style=\"font-weight: 400;\"><br \/><\/span><span style=\"font-weight: 400;\">Laissez ti\u00e9dir avant de servir : elle se mange ti\u00e8de ou \u00e0 temp\u00e9rature ambiante, ce qui la rend id\u00e9ale \u00e0 r\u00e9chauffer plus tard.<\/span><\/p>[\/et_pb_text][\/et_pb_column][\/et_pb_row][et_pb_row _builder_version=\u00a0\u00bb4.24.2&Prime; _module_preset=\u00a0\u00bbdefault\u00a0\u00bb global_colors_info=\u00a0\u00bb{}\u00a0\u00bb][et_pb_column type=\u00a0\u00bb4_4&Prime; _builder_version=\u00a0\u00bb4.24.2&Prime; _module_preset=\u00a0\u00bbdefault\u00a0\u00bb global_colors_info=\u00a0\u00bb{}\u00a0\u00bb][et_pb_text _builder_version=\u00a0\u00bb4.27.4&Prime; _module_preset=\u00a0\u00bbdefault\u00a0\u00bb header_2_font=\u00a0\u00bbABeeZee||||||||\u00a0\u00bb header_2_text_color=\u00a0\u00bb#5800A6&Prime; header_2_font_size=\u00a0\u00bb35px\u00a0\u00bb hover_enabled=\u00a0\u00bb0&Prime; header_2_font_size_tablet=\u00a0\u00bb35px\u00a0\u00bb header_2_font_size_phone=\u00a0\u00bb30px\u00a0\u00bb header_2_font_size_last_edited=\u00a0\u00bbon|desktop\u00a0\u00bb global_colors_info=\u00a0\u00bb{}\u00a0\u00bb sticky_enabled=\u00a0\u00bb0&Prime;]<h2><span class=\"ez-toc-section\" id=\"En_resume\"><\/span><b>En r\u00e9sum\u00e9 : <\/b><span class=\"ez-toc-section-end\"><\/span><\/h2>[\/et_pb_text][et_pb_image _builder_version=\u00a0\u00bb4.27.4&Prime; _module_preset=\u00a0\u00bbdefault\u00a0\u00bb alt=\u00a0\u00bbSch\u00e9ma r\u00e9capitulatif pour encourager l&rsquo;alimentation quand on a Alzheimer \u00a0\u00bb title_text=\u00a0\u00bbSch\u00e9ma r\u00e9capitulatif pour encourager l&rsquo;alimentation quand on a alzheimer \u00a0\u00bb src=\u00a0\u00bbhttps:\/\/flavi.fr\/wp-content\/uploads\/2026\/02\/89.-alzheimer-_1_.webp\u00a0\u00bb hover_enabled=\u00a0\u00bb0&Prime; sticky_enabled=\u00a0\u00bb0&Prime;][\/et_pb_image][et_pb_text _builder_version=\u00a0\u00bb4.27.4&Prime; _module_preset=\u00a0\u00bbdefault\u00a0\u00bb header_2_font=\u00a0\u00bbABeeZee||||||||\u00a0\u00bb header_2_text_color=\u00a0\u00bb#5800A6&Prime; header_2_font_size=\u00a0\u00bb35px\u00a0\u00bb header_2_font_size_tablet=\u00a0\u00bb35px\u00a0\u00bb header_2_font_size_phone=\u00a0\u00bb30px\u00a0\u00bb header_2_font_size_last_edited=\u00a0\u00bbon|desktop\u00a0\u00bb global_colors_info=\u00a0\u00bb{}\u00a0\u00bb]<h2><span class=\"ez-toc-section\" id=\"Vous_recherchez_des_particuliers_employeurs_en_CESU\"><\/span><b>Vous recherchez des particuliers employeurs en CESU ?<\/b><span class=\"ez-toc-section-end\"><\/span><\/h2>[\/et_pb_text][et_pb_text _builder_version=\u00a0\u00bb4.27.4&Prime; _module_preset=\u00a0\u00bbdefault\u00a0\u00bb text_font=\u00a0\u00bbLato||||||||\u00a0\u00bb text_font_size=\u00a0\u00bb18px\u00a0\u00bb text_font_size_tablet=\u00a0\u00bb18px\u00a0\u00bb text_font_size_phone=\u00a0\u00bb18px\u00a0\u00bb text_font_size_last_edited=\u00a0\u00bbon|phone\u00a0\u00bb global_colors_info=\u00a0\u00bb{}\u00a0\u00bb]<p><span style=\"font-weight: 400;\">Vous \u00eates auxiliaire de vie ou aide \u00e0 domicile en CESU et vous recherchez des particuliers employeurs ? Rendez-vous sur <\/span><a href=\"https:\/\/flavi.fr\/\"><span style=\"font-weight: 400;\">flavi.fr<\/span><\/a><span style=\"font-weight: 400;\"> !\u00a0<\/span><\/p>\n<p><span style=\"font-weight: 400;\">En effet, <\/span><a href=\"https:\/\/flavi.fr\/\"><span style=\"font-weight: 400;\">Flavi<\/span><\/a><span style=\"font-weight: 400;\"> propose une plateforme de mise en relation gratuite entre particuliers employeurs et aides \u00e0 domicile en CESU. <\/span><b>Flavi ne prend aucune commission sur les mises en relation et sur votre r\u00e9mun\u00e9ration.<\/b><\/p>[\/et_pb_text][et_pb_button button_url=\u00a0\u00bbhttps:\/\/app.flavi.fr\/login\u00a0\u00bb button_text=\u00a0\u00bbJE TROUVE UN EMPLOYEUR\u00a0\u00bb button_alignment=\u00a0\u00bbcenter\u00a0\u00bb _builder_version=\u00a0\u00bb4.24.2&Prime; _module_preset=\u00a0\u00bbdefault\u00a0\u00bb custom_button=\u00a0\u00bbon\u00a0\u00bb button_text_color=\u00a0\u00bb#2E5C9F\u00a0\u00bb button_bg_color=\u00a0\u00bb#FFC600&Prime; button_border_width=\u00a0\u00bb0px\u00a0\u00bb button_font=\u00a0\u00bb|800|||||||\u00a0\u00bb global_colors_info=\u00a0\u00bb{}\u00a0\u00bb][\/et_pb_button][\/et_pb_column][\/et_pb_row][\/et_pb_section]\n","protected":false},"excerpt":{"rendered":"<p>La nutrition joue un r\u00f4le essentiel dans le bien-\u00eatre des personnes \u00e2g\u00e9es. Avec l\u2019\u00e2ge, les besoins alimentaires \u00e9voluent, et il est important d\u2019adapter l\u2019alimentation pour pr\u00e9server la sant\u00e9 et le plaisir de manger. Chez les personnes atteintes de la maladie d\u2019Alzheimer, les repas peuvent devenir un v\u00e9ritable d\u00e9fi : oublis, perte d\u2019app\u00e9tit ou difficult\u00e9s de [&hellip;]<\/p>\n","protected":false},"author":1,"featured_media":10429,"comment_status":"open","ping_status":"open","sticky":false,"template":"","format":"aside","meta":{"_et_pb_use_builder":"on","_et_pb_old_content":"","_et_gb_content_width":"","_lmt_disableupdate":"","_lmt_disable":"","_monsterinsights_skip_tracking":false,"_monsterinsights_sitenote_active":false,"_monsterinsights_sitenote_note":"","_monsterinsights_sitenote_category":0,"footnotes":""},"categories":[19],"tags":[],"ppma_author":[41],"class_list":["post-10421","post","type-post","status-publish","format-aside","has-post-thumbnail","hentry","category-articles-pour-auxiliaire","post_format-post-format-aside"],"yoast_head":"<!-- This site is optimized with the Yoast SEO plugin v27.5 - https:\/\/yoast.com\/product\/yoast-seo-wordpress\/ -->\n<title>Alzheimer et alimentation : comment accompagner ? - Flavi<\/title>\n<meta name=\"description\" content=\"Comment accompagner le moment du repas d&#039;une personnes ayant Alzheimer : conseils, id\u00e9e de recette, techniques...\" \/>\n<meta name=\"robots\" content=\"index, follow, max-snippet:-1, max-image-preview:large, max-video-preview:-1\" \/>\n<link rel=\"canonical\" href=\"https:\/\/flavi.fr\/index.php\/2026\/03\/17\/alzheimer-et-alimentation-comment-accompagner-la-personne-aidee\/\" \/>\n<meta property=\"og:locale\" content=\"fr_FR\" \/>\n<meta property=\"og:type\" content=\"article\" \/>\n<meta property=\"og:title\" content=\"Alzheimer et alimentation : comment accompagner ? - Flavi\" \/>\n<meta property=\"og:description\" content=\"Comment accompagner le moment du repas d&#039;une personnes ayant Alzheimer : conseils, id\u00e9e de recette, techniques...\" \/>\n<meta property=\"og:url\" content=\"https:\/\/flavi.fr\/index.php\/2026\/03\/17\/alzheimer-et-alimentation-comment-accompagner-la-personne-aidee\/\" \/>\n<meta property=\"og:site_name\" content=\"Flavi\" \/>\n<meta property=\"article:published_time\" content=\"2026-03-17T07:15:34+00:00\" \/>\n<meta property=\"article:modified_time\" content=\"2026-03-17T07:15:35+00:00\" \/>\n<meta property=\"og:image\" content=\"https:\/\/flavi.fr\/wp-content\/uploads\/2026\/02\/89-_1_.webp\" \/>\n\t<meta property=\"og:image:width\" content=\"1920\" \/>\n\t<meta property=\"og:image:height\" content=\"1080\" \/>\n\t<meta property=\"og:image:type\" content=\"image\/webp\" \/>\n<meta name=\"author\" content=\"Flavie, experte CESU\" \/>\n<meta name=\"twitter:card\" content=\"summary_large_image\" \/>\n<meta name=\"twitter:label1\" content=\"\u00c9crit par\" \/>\n\t<meta name=\"twitter:data1\" content=\"Flavie, experte CESU\" \/>\n\t<meta name=\"twitter:label2\" content=\"Dur\u00e9e de lecture estim\u00e9e\" \/>\n\t<meta name=\"twitter:data2\" content=\"5 minutes\" \/>\n<script type=\"application\/ld+json\" class=\"yoast-schema-graph\">{\"@context\":\"https:\\\/\\\/schema.org\",\"@graph\":[{\"@type\":\"Article\",\"@id\":\"https:\\\/\\\/flavi.fr\\\/index.php\\\/2026\\\/03\\\/17\\\/alzheimer-et-alimentation-comment-accompagner-la-personne-aidee\\\/#article\",\"isPartOf\":{\"@id\":\"https:\\\/\\\/flavi.fr\\\/index.php\\\/2026\\\/03\\\/17\\\/alzheimer-et-alimentation-comment-accompagner-la-personne-aidee\\\/\"},\"author\":{\"name\":\"Eva Muringer, Fondatrice de Flavi et enseignante\",\"@id\":\"https:\\\/\\\/flavi.fr\\\/#\\\/schema\\\/person\\\/e540732270cd8b3a026a503df4f1ea3d\"},\"headline\":\"Alzheimer et alimentation : comment accompagner ?\",\"datePublished\":\"2026-03-17T07:15:34+00:00\",\"dateModified\":\"2026-03-17T07:15:35+00:00\",\"mainEntityOfPage\":{\"@id\":\"https:\\\/\\\/flavi.fr\\\/index.php\\\/2026\\\/03\\\/17\\\/alzheimer-et-alimentation-comment-accompagner-la-personne-aidee\\\/\"},\"wordCount\":1914,\"commentCount\":0,\"image\":{\"@id\":\"https:\\\/\\\/flavi.fr\\\/index.php\\\/2026\\\/03\\\/17\\\/alzheimer-et-alimentation-comment-accompagner-la-personne-aidee\\\/#primaryimage\"},\"thumbnailUrl\":\"https:\\\/\\\/flavi.fr\\\/wp-content\\\/uploads\\\/2026\\\/02\\\/89-_1_.webp\",\"articleSection\":[\"Articles pour auxiliaire de vie\"],\"inLanguage\":\"fr-FR\",\"potentialAction\":[{\"@type\":\"CommentAction\",\"name\":\"Comment\",\"target\":[\"https:\\\/\\\/flavi.fr\\\/index.php\\\/2026\\\/03\\\/17\\\/alzheimer-et-alimentation-comment-accompagner-la-personne-aidee\\\/#respond\"]}]},{\"@type\":\"WebPage\",\"@id\":\"https:\\\/\\\/flavi.fr\\\/index.php\\\/2026\\\/03\\\/17\\\/alzheimer-et-alimentation-comment-accompagner-la-personne-aidee\\\/\",\"url\":\"https:\\\/\\\/flavi.fr\\\/index.php\\\/2026\\\/03\\\/17\\\/alzheimer-et-alimentation-comment-accompagner-la-personne-aidee\\\/\",\"name\":\"Alzheimer et alimentation : comment accompagner ? - Flavi\",\"isPartOf\":{\"@id\":\"https:\\\/\\\/flavi.fr\\\/#website\"},\"primaryImageOfPage\":{\"@id\":\"https:\\\/\\\/flavi.fr\\\/index.php\\\/2026\\\/03\\\/17\\\/alzheimer-et-alimentation-comment-accompagner-la-personne-aidee\\\/#primaryimage\"},\"image\":{\"@id\":\"https:\\\/\\\/flavi.fr\\\/index.php\\\/2026\\\/03\\\/17\\\/alzheimer-et-alimentation-comment-accompagner-la-personne-aidee\\\/#primaryimage\"},\"thumbnailUrl\":\"https:\\\/\\\/flavi.fr\\\/wp-content\\\/uploads\\\/2026\\\/02\\\/89-_1_.webp\",\"datePublished\":\"2026-03-17T07:15:34+00:00\",\"dateModified\":\"2026-03-17T07:15:35+00:00\",\"author\":{\"@id\":\"https:\\\/\\\/flavi.fr\\\/#\\\/schema\\\/person\\\/e540732270cd8b3a026a503df4f1ea3d\"},\"description\":\"Comment accompagner le moment du repas d'une personnes ayant Alzheimer : conseils, id\u00e9e de recette, techniques...\",\"breadcrumb\":{\"@id\":\"https:\\\/\\\/flavi.fr\\\/index.php\\\/2026\\\/03\\\/17\\\/alzheimer-et-alimentation-comment-accompagner-la-personne-aidee\\\/#breadcrumb\"},\"inLanguage\":\"fr-FR\",\"potentialAction\":[{\"@type\":\"ReadAction\",\"target\":[\"https:\\\/\\\/flavi.fr\\\/index.php\\\/2026\\\/03\\\/17\\\/alzheimer-et-alimentation-comment-accompagner-la-personne-aidee\\\/\"]}]},{\"@type\":\"ImageObject\",\"inLanguage\":\"fr-FR\",\"@id\":\"https:\\\/\\\/flavi.fr\\\/index.php\\\/2026\\\/03\\\/17\\\/alzheimer-et-alimentation-comment-accompagner-la-personne-aidee\\\/#primaryimage\",\"url\":\"https:\\\/\\\/flavi.fr\\\/wp-content\\\/uploads\\\/2026\\\/02\\\/89-_1_.webp\",\"contentUrl\":\"https:\\\/\\\/flavi.fr\\\/wp-content\\\/uploads\\\/2026\\\/02\\\/89-_1_.webp\",\"width\":1920,\"height\":1080,\"caption\":\"Aide \u00e0 domicile accompagnant son employeur\"},{\"@type\":\"BreadcrumbList\",\"@id\":\"https:\\\/\\\/flavi.fr\\\/index.php\\\/2026\\\/03\\\/17\\\/alzheimer-et-alimentation-comment-accompagner-la-personne-aidee\\\/#breadcrumb\",\"itemListElement\":[{\"@type\":\"ListItem\",\"position\":1,\"name\":\"Accueil\",\"item\":\"https:\\\/\\\/flavi.fr\\\/\"},{\"@type\":\"ListItem\",\"position\":2,\"name\":\"Alzheimer et alimentation : comment accompagner ?\"}]},{\"@type\":\"WebSite\",\"@id\":\"https:\\\/\\\/flavi.fr\\\/#website\",\"url\":\"https:\\\/\\\/flavi.fr\\\/\",\"name\":\"Flavi\",\"description\":\"auxiliaires de vie ind\u00e9pendantes\",\"potentialAction\":[{\"@type\":\"SearchAction\",\"target\":{\"@type\":\"EntryPoint\",\"urlTemplate\":\"https:\\\/\\\/flavi.fr\\\/?s={search_term_string}\"},\"query-input\":{\"@type\":\"PropertyValueSpecification\",\"valueRequired\":true,\"valueName\":\"search_term_string\"}}],\"inLanguage\":\"fr-FR\"},{\"@type\":\"Person\",\"@id\":\"https:\\\/\\\/flavi.fr\\\/#\\\/schema\\\/person\\\/e540732270cd8b3a026a503df4f1ea3d\",\"name\":\"Eva Muringer, Fondatrice de Flavi et enseignante\",\"image\":{\"@type\":\"ImageObject\",\"inLanguage\":\"fr-FR\",\"@id\":\"https:\\\/\\\/secure.gravatar.com\\\/avatar\\\/c30b4e242c14546872cc63671192d7e6cac888c35741f84be86494a741cfb896?s=96&d=mm&r=g1e593406708024e749a1e9e33b45acc9\",\"url\":\"https:\\\/\\\/secure.gravatar.com\\\/avatar\\\/c30b4e242c14546872cc63671192d7e6cac888c35741f84be86494a741cfb896?s=96&d=mm&r=g\",\"contentUrl\":\"https:\\\/\\\/secure.gravatar.com\\\/avatar\\\/c30b4e242c14546872cc63671192d7e6cac888c35741f84be86494a741cfb896?s=96&d=mm&r=g\",\"caption\":\"Eva Muringer, Fondatrice de Flavi et enseignante\"},\"sameAs\":[\"https:\\\/\\\/www.flavi.fr\"],\"url\":\"https:\\\/\\\/flavi.fr\\\/index.php\\\/author\\\/admin7211\\\/\"}]}<\/script>\n<!-- \/ Yoast SEO plugin. -->","yoast_head_json":{"title":"Alzheimer et alimentation : comment accompagner ? - Flavi","description":"Comment accompagner le moment du repas d'une personnes ayant Alzheimer : conseils, id\u00e9e de recette, techniques...","robots":{"index":"index","follow":"follow","max-snippet":"max-snippet:-1","max-image-preview":"max-image-preview:large","max-video-preview":"max-video-preview:-1"},"canonical":"https:\/\/flavi.fr\/index.php\/2026\/03\/17\/alzheimer-et-alimentation-comment-accompagner-la-personne-aidee\/","og_locale":"fr_FR","og_type":"article","og_title":"Alzheimer et alimentation : comment accompagner ? - Flavi","og_description":"Comment accompagner le moment du repas d'une personnes ayant Alzheimer : conseils, id\u00e9e de recette, techniques...","og_url":"https:\/\/flavi.fr\/index.php\/2026\/03\/17\/alzheimer-et-alimentation-comment-accompagner-la-personne-aidee\/","og_site_name":"Flavi","article_published_time":"2026-03-17T07:15:34+00:00","article_modified_time":"2026-03-17T07:15:35+00:00","og_image":[{"width":1920,"height":1080,"url":"https:\/\/flavi.fr\/wp-content\/uploads\/2026\/02\/89-_1_.webp","type":"image\/webp"}],"author":"Flavie, experte CESU","twitter_card":"summary_large_image","twitter_misc":{"\u00c9crit par":"Flavie, experte CESU","Dur\u00e9e de lecture estim\u00e9e":"5 minutes"},"schema":{"@context":"https:\/\/schema.org","@graph":[{"@type":"Article","@id":"https:\/\/flavi.fr\/index.php\/2026\/03\/17\/alzheimer-et-alimentation-comment-accompagner-la-personne-aidee\/#article","isPartOf":{"@id":"https:\/\/flavi.fr\/index.php\/2026\/03\/17\/alzheimer-et-alimentation-comment-accompagner-la-personne-aidee\/"},"author":{"name":"Eva Muringer, Fondatrice de Flavi et enseignante","@id":"https:\/\/flavi.fr\/#\/schema\/person\/e540732270cd8b3a026a503df4f1ea3d"},"headline":"Alzheimer et alimentation : comment accompagner ?","datePublished":"2026-03-17T07:15:34+00:00","dateModified":"2026-03-17T07:15:35+00:00","mainEntityOfPage":{"@id":"https:\/\/flavi.fr\/index.php\/2026\/03\/17\/alzheimer-et-alimentation-comment-accompagner-la-personne-aidee\/"},"wordCount":1914,"commentCount":0,"image":{"@id":"https:\/\/flavi.fr\/index.php\/2026\/03\/17\/alzheimer-et-alimentation-comment-accompagner-la-personne-aidee\/#primaryimage"},"thumbnailUrl":"https:\/\/flavi.fr\/wp-content\/uploads\/2026\/02\/89-_1_.webp","articleSection":["Articles pour auxiliaire de vie"],"inLanguage":"fr-FR","potentialAction":[{"@type":"CommentAction","name":"Comment","target":["https:\/\/flavi.fr\/index.php\/2026\/03\/17\/alzheimer-et-alimentation-comment-accompagner-la-personne-aidee\/#respond"]}]},{"@type":"WebPage","@id":"https:\/\/flavi.fr\/index.php\/2026\/03\/17\/alzheimer-et-alimentation-comment-accompagner-la-personne-aidee\/","url":"https:\/\/flavi.fr\/index.php\/2026\/03\/17\/alzheimer-et-alimentation-comment-accompagner-la-personne-aidee\/","name":"Alzheimer et alimentation : comment accompagner ? - Flavi","isPartOf":{"@id":"https:\/\/flavi.fr\/#website"},"primaryImageOfPage":{"@id":"https:\/\/flavi.fr\/index.php\/2026\/03\/17\/alzheimer-et-alimentation-comment-accompagner-la-personne-aidee\/#primaryimage"},"image":{"@id":"https:\/\/flavi.fr\/index.php\/2026\/03\/17\/alzheimer-et-alimentation-comment-accompagner-la-personne-aidee\/#primaryimage"},"thumbnailUrl":"https:\/\/flavi.fr\/wp-content\/uploads\/2026\/02\/89-_1_.webp","datePublished":"2026-03-17T07:15:34+00:00","dateModified":"2026-03-17T07:15:35+00:00","author":{"@id":"https:\/\/flavi.fr\/#\/schema\/person\/e540732270cd8b3a026a503df4f1ea3d"},"description":"Comment accompagner le moment du repas d'une personnes ayant Alzheimer : conseils, id\u00e9e de recette, techniques...","breadcrumb":{"@id":"https:\/\/flavi.fr\/index.php\/2026\/03\/17\/alzheimer-et-alimentation-comment-accompagner-la-personne-aidee\/#breadcrumb"},"inLanguage":"fr-FR","potentialAction":[{"@type":"ReadAction","target":["https:\/\/flavi.fr\/index.php\/2026\/03\/17\/alzheimer-et-alimentation-comment-accompagner-la-personne-aidee\/"]}]},{"@type":"ImageObject","inLanguage":"fr-FR","@id":"https:\/\/flavi.fr\/index.php\/2026\/03\/17\/alzheimer-et-alimentation-comment-accompagner-la-personne-aidee\/#primaryimage","url":"https:\/\/flavi.fr\/wp-content\/uploads\/2026\/02\/89-_1_.webp","contentUrl":"https:\/\/flavi.fr\/wp-content\/uploads\/2026\/02\/89-_1_.webp","width":1920,"height":1080,"caption":"Aide \u00e0 domicile accompagnant son employeur"},{"@type":"BreadcrumbList","@id":"https:\/\/flavi.fr\/index.php\/2026\/03\/17\/alzheimer-et-alimentation-comment-accompagner-la-personne-aidee\/#breadcrumb","itemListElement":[{"@type":"ListItem","position":1,"name":"Accueil","item":"https:\/\/flavi.fr\/"},{"@type":"ListItem","position":2,"name":"Alzheimer et alimentation : comment accompagner ?"}]},{"@type":"WebSite","@id":"https:\/\/flavi.fr\/#website","url":"https:\/\/flavi.fr\/","name":"Flavi","description":"auxiliaires de vie ind\u00e9pendantes","potentialAction":[{"@type":"SearchAction","target":{"@type":"EntryPoint","urlTemplate":"https:\/\/flavi.fr\/?s={search_term_string}"},"query-input":{"@type":"PropertyValueSpecification","valueRequired":true,"valueName":"search_term_string"}}],"inLanguage":"fr-FR"},{"@type":"Person","@id":"https:\/\/flavi.fr\/#\/schema\/person\/e540732270cd8b3a026a503df4f1ea3d","name":"Eva Muringer, Fondatrice de Flavi et enseignante","image":{"@type":"ImageObject","inLanguage":"fr-FR","@id":"https:\/\/secure.gravatar.com\/avatar\/c30b4e242c14546872cc63671192d7e6cac888c35741f84be86494a741cfb896?s=96&d=mm&r=g1e593406708024e749a1e9e33b45acc9","url":"https:\/\/secure.gravatar.com\/avatar\/c30b4e242c14546872cc63671192d7e6cac888c35741f84be86494a741cfb896?s=96&d=mm&r=g","contentUrl":"https:\/\/secure.gravatar.com\/avatar\/c30b4e242c14546872cc63671192d7e6cac888c35741f84be86494a741cfb896?s=96&d=mm&r=g","caption":"Eva Muringer, Fondatrice de Flavi et enseignante"},"sameAs":["https:\/\/www.flavi.fr"],"url":"https:\/\/flavi.fr\/index.php\/author\/admin7211\/"}]}},"modified_by":"Flavie, experte CESU, 25 ans d\u2019expertise dans le secteur m\u00e9dico-social","authors":[{"term_id":41,"user_id":1,"is_guest":0,"slug":"admin7211","display_name":"Flavie, experte CESU","avatar_url":"https:\/\/secure.gravatar.com\/avatar\/c30b4e242c14546872cc63671192d7e6cac888c35741f84be86494a741cfb896?s=96&d=mm&r=g","1":"","2":"","3":"","4":"","5":"","6":"","7":"","8":""}],"_links":{"self":[{"href":"https:\/\/flavi.fr\/index.php\/wp-json\/wp\/v2\/posts\/10421","targetHints":{"allow":["GET"]}}],"collection":[{"href":"https:\/\/flavi.fr\/index.php\/wp-json\/wp\/v2\/posts"}],"about":[{"href":"https:\/\/flavi.fr\/index.php\/wp-json\/wp\/v2\/types\/post"}],"author":[{"embeddable":true,"href":"https:\/\/flavi.fr\/index.php\/wp-json\/wp\/v2\/users\/1"}],"replies":[{"embeddable":true,"href":"https:\/\/flavi.fr\/index.php\/wp-json\/wp\/v2\/comments?post=10421"}],"version-history":[{"count":6,"href":"https:\/\/flavi.fr\/index.php\/wp-json\/wp\/v2\/posts\/10421\/revisions"}],"predecessor-version":[{"id":10566,"href":"https:\/\/flavi.fr\/index.php\/wp-json\/wp\/v2\/posts\/10421\/revisions\/10566"}],"wp:featuredmedia":[{"embeddable":true,"href":"https:\/\/flavi.fr\/index.php\/wp-json\/wp\/v2\/media\/10429"}],"wp:attachment":[{"href":"https:\/\/flavi.fr\/index.php\/wp-json\/wp\/v2\/media?parent=10421"}],"wp:term":[{"taxonomy":"category","embeddable":true,"href":"https:\/\/flavi.fr\/index.php\/wp-json\/wp\/v2\/categories?post=10421"},{"taxonomy":"post_tag","embeddable":true,"href":"https:\/\/flavi.fr\/index.php\/wp-json\/wp\/v2\/tags?post=10421"},{"taxonomy":"author","embeddable":true,"href":"https:\/\/flavi.fr\/index.php\/wp-json\/wp\/v2\/ppma_author?post=10421"}],"curies":[{"name":"wp","href":"https:\/\/api.w.org\/{rel}","templated":true}]}}